{"id":91108,"date":"2016-07-04T22:51:28","date_gmt":"2016-07-05T01:51:28","guid":{"rendered":"http:\/\/aconteceunovale.com.br\/portal\/?p=91108"},"modified":"2016-07-04T22:51:28","modified_gmt":"2016-07-05T01:51:28","slug":"parque-estadual-do-ibitipoca-celebra-43-anos-de-criacao","status":"publish","type":"post","link":"https:\/\/aconteceunovale.com.br\/portal\/?p=91108","title":{"rendered":"Parque Estadual do Ibitipoca celebra 43 anos de cria\u00e7\u00e3o"},"content":{"rendered":"<p>O Parque Estadual do Ibitipoca completa nesta segunda-feira (4\/7), 43 anos de exist\u00eancia. A unidade de conserva\u00e7\u00e3o, localizada nos munic\u00edpios de Lima Duarte e Santa Rita do Ibitipoca, na Zona da Mata, \u00e9 uma das mais visitadas do Estado. Para comemorar a data foi realizada uma missa com a participa\u00e7\u00e3o de servidores e moradores do entorno.<\/p>\n<p>\u2018Ibitipoca\u2019, palavra tupi-guarani, significa \u201cSerra que estoura\u201d ou \u201cSerra estourada\u201d, devido \u00e0 grande incid\u00eancia de descargas el\u00e9tricas (raios) ou \u00e0 grande quantidade de grutas. O parque foi criado em 4 de julho de 1973, tem \u00e1rea de 1.488 hectares e ocupa o alto da Serra do Ibitipoca, uma extens\u00e3o da Serra da Mantiqueira. A unidade de conserva\u00e7\u00e3o est\u00e1 no local onde se dividem as bacias do Rio Grande e do Rio Para\u00edba do Sul e \u00e9 administrado pelo Instituto Estadual de Florestas (IEF).<\/p>\n<p>O parque foi classificado como o 3\u00ba melhor da Am\u00e9rica Latina pelo traveller&#8217;s Choices 2013 do site de viagens TripAdvisior. A sele\u00e7\u00e3o das melhores atra\u00e7\u00f5es \u00e9 realizada com base nas avalia\u00e7\u00f5es e opini\u00f5es de viajantes que acessam o TripAdvisior, considerado o maior site de viagens do mundo e que recebe uma m\u00e9dia de 2 milh\u00f5es de visitantes por m\u00eas. No Brasil, o Ibitipoca foi considerado o 2\u00ba melhor parque.<\/p>\n<p><img decoding=\"async\" src=\"http:\/\/aconteceunovale.com.br\/portal\/wp-content\/uploads\/2016\/07\/Ibitipoca_02_-_Cachoeira_dos_Macacos_-_Foto_Evandro_Rodney.jpg\" alt=\"\" \/><em>Cachoeira dos Macacos, um dos atrativos do parque (Foto: Evandro Rodney)<\/em><br \/>\n<\/br><\/p>\n<p><strong>Atrativos<\/strong><\/p>\n<p>Entre seus atrativos tur\u00edsticos, o parque possui as cachoeiras dos Macacos, Cachoeirinha e a Janela do C\u00e9u. Tamb\u00e9m existe uma s\u00e9rie de grutas, entre elas, as Grutas dos Coelhos, das Brom\u00e9lias e dos Tr\u00eas Arcos. Al\u00e9m disso, a unidade de conserva\u00e7\u00e3o abriga mirantes, praias, piscinas naturais e picos como o da Lombada, tamb\u00e9m conhecido como Ibitipoca, com 1.784 metros de altitude.<\/p>\n<p>A fauna encontrada no parque inclui esp\u00e9cies amea\u00e7adas de extin\u00e7\u00e3o, como a on\u00e7a parda, o lobo guar\u00e1 e o primata guig\u00f3. Diversas esp\u00e9cies da flora s\u00e3o encontradas na unidade de conserva\u00e7\u00e3o como orqu\u00eddeas, brom\u00e9lias, candeias, l\u00edquens e samambaias. Os campos rupestres constituem uma grande extens\u00e3o de vegeta\u00e7\u00e3o do Parque.<\/p>\n<p>O parque possui infraestrutura completa para receber visitantes e pesquisadores, com portaria, estacionamento, \u00e1rea de camping, restaurante, Centros de Visitantes, de Administra\u00e7\u00e3o e de Pesquisas, casa de h\u00f3spedes e alojamentos.<\/p>\n<p>Em Minas Gerais, existem 39 parques estaduais que garantem a prote\u00e7\u00e3o de cerca de 50 mil hectares de \u00e1rea nos tr\u00eas biomas encontrados em Minas Gerais: a Mata Atl\u00e2ntica, a Caatinga e o Cerrado.<\/p>\n<p><strong>Parque Estadual do Ibitipoca<\/strong><\/p>\n<p><strong>Onde:<\/strong> Lima Duarte e Santa Rita do Ibitipoca, MG<\/p>\n<p><strong>Visita\u00e7\u00e3o:<\/strong> Todos os dias do ano, excetuando as segundas-feiras desde que estas n\u00e3o sejam em Feriados e em per\u00edodo de f\u00e9rias escolares, abrindo \u00e0 7h com t\u00e9rmino de visita\u00e7\u00e3o \u00e0s 18h.<\/p>\n<p><strong>Contatos:<\/strong> (32) 3281-1101 e peibitipoca@meioambiente.mg.gov.br<\/p>\n<p><strong>Como chegar:<\/strong> A partir de Belo Horizonte, s\u00e3o 320 km de dist\u00e2ncia. Seguir em dire\u00e7\u00e3o a Juiz de Fora pela BR-040 e entrar no trevo de acesso \u00e0 BR-267, prosseguindo em dire\u00e7\u00e3o a Lima Duarte. Para chegar ao Distrito de Concei\u00e7\u00e3o de Ibitipoca s\u00e3o mais 27 Km de estrada de ch\u00e3o e, de l\u00e1, mais 4 Km at\u00e9 a portaria do parque.<\/p>\n<p>(Ag\u00eancia Minas)<\/p>\n","protected":false},"excerpt":{"rendered":"<p>O Parque Estadual do Ibitipoca completa nesta segunda-feira (4\/7), 43 anos de exist\u00eancia. A unidade de conserva\u00e7\u00e3o, localizada nos munic\u00edpios de Lima Duarte e Santa Rita do Ibitipoca, na Zona da Mata, \u00e9 uma das mais visitadas do Estado. Para comemorar a data foi realizada uma missa com a participa\u00e7\u00e3o de servidores e moradores do [&hellip;]<\/p>\n","protected":false},"author":1,"featured_media":91109,"comment_status":"open","ping_status":"closed","sticky":false,"template":"","format":"standard","meta":{"amp_status":"","footnotes":""},"categories":[123],"tags":[103067,103066,103064,103065,103063,103070,103069,30401,1018,1579,29293,29292,103071,76442,103068],"class_list":["post-91108","post","type-post","status-publish","format-standard","has-post-thumbnail","hentry","category-gerais","tag-3o-melhor-da-america-latina-pelo-travellers-choices-2013","tag-43-anos-do-parque-do-ibitipoca","tag-43-anos-do-parque-estadual-do-ibitipoca","tag-aniversario-parque-do-ibitipoca","tag-aniversario-parque-estadual-do-ibitipoca","tag-cachoeira-dos-macacos","tag-cachoeira-janela-do-ceu","tag-cachoeirinha","tag-destaque","tag-lima-duarte","tag-parque-do-ibitipoca","tag-parque-estadual-do-ibitipoca","tag-parque-estadual-do-ibitipoca-celebra-43-anos-de-criacao","tag-santa-rita-do-ibitipoca","tag-tripadvisior"],"_links":{"self":[{"href":"https:\/\/aconteceunovale.com.br\/portal\/index.php?rest_route=\/wp\/v2\/posts\/91108","targetHints":{"allow":["GET"]}}],"collection":[{"href":"https:\/\/aconteceunovale.com.br\/portal\/index.php?rest_route=\/wp\/v2\/posts"}],"about":[{"href":"https:\/\/aconteceunovale.com.br\/portal\/index.php?rest_route=\/wp\/v2\/types\/post"}],"author":[{"embeddable":true,"href":"https:\/\/aconteceunovale.com.br\/portal\/index.php?rest_route=\/wp\/v2\/users\/1"}],"replies":[{"embeddable":true,"href":"https:\/\/aconteceunovale.com.br\/portal\/index.php?rest_route=%2Fwp%2Fv2%2Fcomments&post=91108"}],"version-history":[{"count":0,"href":"https:\/\/aconteceunovale.com.br\/portal\/index.php?rest_route=\/wp\/v2\/posts\/91108\/revisions"}],"wp:featuredmedia":[{"embeddable":true,"href":"https:\/\/aconteceunovale.com.br\/portal\/index.php?rest_route=\/wp\/v2\/media\/91109"}],"wp:attachment":[{"href":"https:\/\/aconteceunovale.com.br\/portal\/index.php?rest_route=%2Fwp%2Fv2%2Fmedia&parent=91108"}],"wp:term":[{"taxonomy":"category","embeddable":true,"href":"https:\/\/aconteceunovale.com.br\/portal\/index.php?rest_route=%2Fwp%2Fv2%2Fcategories&post=91108"},{"taxonomy":"post_tag","embeddable":true,"href":"https:\/\/aconteceunovale.com.br\/portal\/index.php?rest_route=%2Fwp%2Fv2%2Ftags&post=91108"}],"curies":[{"name":"wp","href":"https:\/\/api.w.org\/{rel}","templated":true}]}}