{"id":91002,"date":"2016-07-03T18:13:23","date_gmt":"2016-07-03T21:13:23","guid":{"rendered":"http:\/\/aconteceunovale.com.br\/portal\/?p=91002"},"modified":"2016-07-03T18:13:23","modified_gmt":"2016-07-03T21:13:23","slug":"idoso-e-morto-a-facadas-no-municipio-de-pocrane","status":"publish","type":"post","link":"https:\/\/aconteceunovale.com.br\/portal\/?p=91002","title":{"rendered":"Idoso \u00e9 morto a facadas no munic\u00edpio de Pocrane"},"content":{"rendered":"<p>Um idoso de 60 anos foi morto a facadas no in\u00edcio da madruga deste domingo, 3 de julho, no C\u00f3rrego Para\u00edso, munic\u00edpio de Pocrane, no Vale do Rio Doce. Jones Geraldo da Silva estava em um bar quando foi surpreendido pelo suspeito Jos\u00e9 Lino Alves, de 45 anos. <\/p>\n<p>De acordo com a Pol\u00edcia Militar (PM), uma testemunha relatou que autor e v\u00edtima teriam se desentendido em data anterior. Jones teria desferido uma paulada na cabe\u00e7a de Jos\u00e9. O fato foi confirmado por familiares do autor.<\/p>\n<p>Nesta data, Jos\u00e9 Lino esfaqueou a o idoso pelo menos seis vezes. Um m\u00e9dico veterin\u00e1rio que estava no local do crime, socorreu a v\u00edtima em ve\u00edculo particular e encaminhou para o Hospital do munic\u00edpio. A v\u00edtima deu entrada na unidade de sa\u00fade ainda com vida, mas n\u00e3o resistiu e veio a \u00f3bito. <\/p>\n<p>O corpo foi encaminhado para o Instituto M\u00e9dico Legal (IML). O crime ser\u00e1 investigado pela Pol\u00edcia Civil.<\/p>\n<p><em>Acompanhe nossas publica\u00e7\u00f5es no Facebook. Clique em curtir na p\u00e1gina <a href=\"http:\/\/www.facebook.com\/aconteceunovale\" target=\"_blank\"><font color=\"blue\">www.facebook.com\/aconteceunovale<\/font><\/a>.<\/em><\/p>\n","protected":false},"excerpt":{"rendered":"<p>Um idoso de 60 anos foi morto a facadas no in\u00edcio da madruga deste domingo, 3 de julho, no C\u00f3rrego Para\u00edso, munic\u00edpio de Pocrane, no Vale do Rio Doce. Jones Geraldo da Silva estava em um bar quando foi surpreendido pelo suspeito Jos\u00e9 Lino Alves, de 45 anos. De acordo com a Pol\u00edcia Militar (PM), [&hellip;]<\/p>\n","protected":false},"author":1,"featured_media":90576,"comment_status":"open","ping_status":"closed","sticky":false,"template":"","format":"standard","meta":{"amp_status":"","footnotes":""},"categories":[121],"tags":[102895,102898,102899,102894,102893,102896,102897,50016,2147],"class_list":["post-91002","post","type-post","status-publish","format-standard","has-post-thumbnail","hentry","category-leste","tag-assassinato-pocrane","tag-corrego-paraiso","tag-corrego-safira","tag-homicidio-pocrane","tag-idoso-e-morto-a-facadas-no-municipio-de-pocrane","tag-jones-geraldo-da-silva","tag-jose-lino-alves","tag-morto-em-pocrane","tag-pocrane"],"_links":{"self":[{"href":"https:\/\/aconteceunovale.com.br\/portal\/index.php?rest_route=\/wp\/v2\/posts\/91002","targetHints":{"allow":["GET"]}}],"collection":[{"href":"https:\/\/aconteceunovale.com.br\/portal\/index.php?rest_route=\/wp\/v2\/posts"}],"about":[{"href":"https:\/\/aconteceunovale.com.br\/portal\/index.php?rest_route=\/wp\/v2\/types\/post"}],"author":[{"embeddable":true,"href":"https:\/\/aconteceunovale.com.br\/portal\/index.php?rest_route=\/wp\/v2\/users\/1"}],"replies":[{"embeddable":true,"href":"https:\/\/aconteceunovale.com.br\/portal\/index.php?rest_route=%2Fwp%2Fv2%2Fcomments&post=91002"}],"version-history":[{"count":0,"href":"https:\/\/aconteceunovale.com.br\/portal\/index.php?rest_route=\/wp\/v2\/posts\/91002\/revisions"}],"wp:featuredmedia":[{"embeddable":true,"href":"https:\/\/aconteceunovale.com.br\/portal\/index.php?rest_route=\/wp\/v2\/media\/90576"}],"wp:attachment":[{"href":"https:\/\/aconteceunovale.com.br\/portal\/index.php?rest_route=%2Fwp%2Fv2%2Fmedia&parent=91002"}],"wp:term":[{"taxonomy":"category","embeddable":true,"href":"https:\/\/aconteceunovale.com.br\/portal\/index.php?rest_route=%2Fwp%2Fv2%2Fcategories&post=91002"},{"taxonomy":"post_tag","embeddable":true,"href":"https:\/\/aconteceunovale.com.br\/portal\/index.php?rest_route=%2Fwp%2Fv2%2Ftags&post=91002"}],"curies":[{"name":"wp","href":"https:\/\/api.w.org\/{rel}","templated":true}]}}