{"id":90941,"date":"2016-07-02T22:28:51","date_gmt":"2016-07-03T01:28:51","guid":{"rendered":"http:\/\/aconteceunovale.com.br\/portal\/?p=90941"},"modified":"2016-07-02T22:28:51","modified_gmt":"2016-07-03T01:28:51","slug":"ex-prefeito-de-marilac-e-condenado-por-improbidade-administrativa","status":"publish","type":"post","link":"https:\/\/aconteceunovale.com.br\/portal\/?p=90941","title":{"rendered":"Ex-prefeito de Marilac \u00e9 condenado por improbidade administrativa"},"content":{"rendered":"<p>Em fun\u00e7\u00e3o de uma a\u00e7\u00e3o civil publica ajuizada pelo Minist\u00e9rio P\u00fablico Federal (MPF), o juiz federal Tarsis Augusto de Santana Lima condenou o ex-prefeito de Marilac Edmilson Valad\u00e3o de Oliveira por ato de improbidade administrativa. Valad\u00e3o teve seus direitos pol\u00edticos suspensos por oito anos e est\u00e1 proibido de contratar com o poder p\u00fablico, receber benef\u00edcios ou incentivos fiscais ou credit\u00edcios, direta ou indiretamente, ainda que por interm\u00e9dio de pessoa jur\u00eddica da qual seja s\u00f3cio majorit\u00e1rio, pelo prazo de tr\u00eas anos.<\/p>\n<p>O MPF alegou na a\u00e7\u00e3o que o ex-prefeito praticou atos de improbidade administrativa na execu\u00e7\u00e3o do Contrato de repasse n\u00ba 0195703-0\/2006, celebrado entre o munic\u00edpio de Marilac e o Minist\u00e9rio do Esporte e que tinha o objetivo de execu\u00e7\u00e3o de programa de esporte e lazer no valor total de R$ 51.500,09. Com provas encaminhadas pelo MPF em m\u00e3os, o juiz teve a certeza do que deveria decidir. &#8220;Da an\u00e1lise da peti\u00e7\u00e3o inicial, verifica-se que a mesma preenche os requisitos exigidos pelo artigo 319 do C\u00f3digo de Processo Civil\/2015, estando, ainda, instru\u00edda com documentos contendo ind\u00edcios suficientes da exist\u00eancia do ato de improbidade. Al\u00e9m disso, a exordial narra os fatos de forma clara, viabilizando o exerc\u00edcio do contradit\u00f3rio e da ampla defesa, n\u00e3o se vislumbrando qualquer v\u00edcio capaz de torn\u00e1-la inepta&#8221;, disse o magistrado em seu relat\u00f3rio.<\/p>\n<p>O juiz federal relatou tamb\u00e9m que Edmilson Valad\u00e3o chegou a interpor agravo de instrumento contra a decis\u00e3o e ainda apresentou contesta\u00e7\u00e3o. &#8220;Preliminarmente, arguiu, novamente, a inaplicabilidade da Lei n\u00ba. 8429\/92. No m\u00e9rito, alegou a aus\u00eancia de les\u00e3o ou dano ao patrim\u00f4nio p\u00fablico, bem como de ato de improbidade. Aduziu que as contas prestadas foram devidamente aprovadas pela CEF. Argumentou que a obra fora conclu\u00edda. Asseverou a inexist\u00eancia de dolo&#8221;, diz trecho da senten\u00e7a.<\/p>\n<p>No entanto, a decis\u00e3o do magistrado foi condenat\u00f3ria, seguida das penalidades impostas. &#8220;Julgo procedente, em parte, o pedido formulado na inicial, para condenar Edmilson Valad\u00e3o de Oliveira por ato de improbidade administrativa, na forma do art. 11, caput e inciso V, da Lei n\u00ba 8.429\/1992, e com base no art. 12, III, do mesmo diploma, imponho-lhe as penalidades de: a) suspens\u00e3o dos direitos pol\u00edticos por 08 anos; b) proibi\u00e7\u00e3o de contratar com o Poder P\u00fablico ou receber benef\u00edcios ou incentivos fiscais ou credit\u00edcios, direta ou indiretamente, ainda que por interm\u00e9dio de pessoa jur\u00eddica da qual seja s\u00f3cio majorit\u00e1rio, pelo prazo de tr\u00eas anos&#8221;, concluiu o juiz em seu relat\u00f3rio de senten\u00e7a.<\/p>\n<p><img decoding=\"async\" src=\"http:\/\/aconteceunovale.com.br\/portal\/wp-content\/uploads\/2016\/07\/prefeito_marilac.jpg\" alt=\"\" \/><em>Edmilson Valad\u00e3o foi condenado pelo MPF (Foto: Reprodu\u00e7\u00e3o)<\/em><br \/>\n<\/br><\/p>\n<p><em>(Fonte: Di\u00e1rio do Rio Doce)<\/em><\/p>\n","protected":false},"excerpt":{"rendered":"<p>Em fun\u00e7\u00e3o de uma a\u00e7\u00e3o civil publica ajuizada pelo Minist\u00e9rio P\u00fablico Federal (MPF), o juiz federal Tarsis Augusto de Santana Lima condenou o ex-prefeito de Marilac Edmilson Valad\u00e3o de Oliveira por ato de improbidade administrativa. Valad\u00e3o teve seus direitos pol\u00edticos suspensos por oito anos e est\u00e1 proibido de contratar com o poder p\u00fablico, receber benef\u00edcios [&hellip;]<\/p>\n","protected":false},"author":1,"featured_media":90942,"comment_status":"open","ping_status":"closed","sticky":false,"template":"","format":"standard","meta":{"amp_status":"","footnotes":""},"categories":[121,40240],"tags":[102760,102762,102758,102764,102759,102761,102765,102757,102756,102763,88350],"class_list":["post-90941","post","type-post","status-publish","format-standard","has-post-thumbnail","hentry","category-leste","category-politica-2","tag-condenacao-edmilson-valadao-de-oliveira","tag-condenacao-ex-prefeito-de-marilac","tag-condenacao-ex-prefeito-de-marilac-edmilson-valadao-de-oliveira","tag-edmilson-valadao","tag-edmilson-valadao-de-oliveira","tag-ex-prefeito-de-marilac","tag-ex-prefeito-de-marilac-e-condenado-por-improbidade-administrativa","tag-ex-prefeito-de-marilac-edmilson-valadao-de-oliveira","tag-juiz-federal-tarsis-augusto-de-santana-lima","tag-processo-ex-prefeito-de-marilac","tag-tarsis-augusto-de-santana-lima"],"_links":{"self":[{"href":"https:\/\/aconteceunovale.com.br\/portal\/index.php?rest_route=\/wp\/v2\/posts\/90941","targetHints":{"allow":["GET"]}}],"collection":[{"href":"https:\/\/aconteceunovale.com.br\/portal\/index.php?rest_route=\/wp\/v2\/posts"}],"about":[{"href":"https:\/\/aconteceunovale.com.br\/portal\/index.php?rest_route=\/wp\/v2\/types\/post"}],"author":[{"embeddable":true,"href":"https:\/\/aconteceunovale.com.br\/portal\/index.php?rest_route=\/wp\/v2\/users\/1"}],"replies":[{"embeddable":true,"href":"https:\/\/aconteceunovale.com.br\/portal\/index.php?rest_route=%2Fwp%2Fv2%2Fcomments&post=90941"}],"version-history":[{"count":0,"href":"https:\/\/aconteceunovale.com.br\/portal\/index.php?rest_route=\/wp\/v2\/posts\/90941\/revisions"}],"wp:featuredmedia":[{"embeddable":true,"href":"https:\/\/aconteceunovale.com.br\/portal\/index.php?rest_route=\/wp\/v2\/media\/90942"}],"wp:attachment":[{"href":"https:\/\/aconteceunovale.com.br\/portal\/index.php?rest_route=%2Fwp%2Fv2%2Fmedia&parent=90941"}],"wp:term":[{"taxonomy":"category","embeddable":true,"href":"https:\/\/aconteceunovale.com.br\/portal\/index.php?rest_route=%2Fwp%2Fv2%2Fcategories&post=90941"},{"taxonomy":"post_tag","embeddable":true,"href":"https:\/\/aconteceunovale.com.br\/portal\/index.php?rest_route=%2Fwp%2Fv2%2Ftags&post=90941"}],"curies":[{"name":"wp","href":"https:\/\/api.w.org\/{rel}","templated":true}]}}