{"id":90929,"date":"2016-07-02T20:32:36","date_gmt":"2016-07-02T23:32:36","guid":{"rendered":"http:\/\/aconteceunovale.com.br\/portal\/?p=90929"},"modified":"2016-07-02T20:32:36","modified_gmt":"2016-07-02T23:32:36","slug":"homem-e-assassinado-apos-discussao-em-padre-carvalho-no-norte-de-minas","status":"publish","type":"post","link":"https:\/\/aconteceunovale.com.br\/portal\/?p=90929","title":{"rendered":"Homem \u00e9 assassinado ap\u00f3s discuss\u00e3o em Padre Carvalho, no Norte de Minas"},"content":{"rendered":"<p>Um homem de 30 anos foi assassinado na noite desta sexta-feira (1\u00ba de julho) na Vila Curral de Varas, distrito da cidade de Padre Carvalho, na regi\u00e3o Norte de Minas. Segundo o perito que esteve no local, foram encontradas marcas de quatro tiros no corpo da v\u00edtima.<\/p>\n<p>De acordo com o boletim de ocorr\u00eancia da Pol\u00edcia Militar (PM), testemunhas chamaram os militares para comparecerem ao local, onde o homem j\u00e1 foi encontrado morto. Segundo uma das testemunhas, a v\u00edtima estava discutindo com outro homem e trocando amea\u00e7as. O irm\u00e3o deste homem chegou ao local, j\u00e1 armado, e efetuou os disparos contra a v\u00edtima.<\/p>\n<p>A PM fez rastreamentos na regi\u00e3o e j\u00e1 conseguiu levantar o nome do poss\u00edvel autor do crime, que, at\u00e9 a publica\u00e7\u00e3o desta mat\u00e9ria, n\u00e3o foi encontrado. A v\u00edtima tinha passagem pela pol\u00edcia. Ele era acusado de ser autor de um homic\u00eddio em 2012, nesta mesma comunidade.<\/p>\n<p>As testemunhas ouvidas pela PM disseram ainda que a v\u00edtima tinha uma rixa antiga com o autor do crime e o irm\u00e3o deste. (G1\/PM)<\/p>\n","protected":false},"excerpt":{"rendered":"<p>Um homem de 30 anos foi assassinado na noite desta sexta-feira (1\u00ba de julho) na Vila Curral de Varas, distrito da cidade de Padre Carvalho, na regi\u00e3o Norte de Minas. Segundo o perito que esteve no local, foram encontradas marcas de quatro tiros no corpo da v\u00edtima. De acordo com o boletim de ocorr\u00eancia da [&hellip;]<\/p>\n","protected":false},"author":1,"featured_media":90576,"comment_status":"open","ping_status":"closed","sticky":false,"template":"","format":"standard","meta":{"amp_status":"","footnotes":""},"categories":[1236],"tags":[102746,102744,102745,102751,102748,102747,102750,877,102749],"class_list":["post-90929","post","type-post","status-publish","format-standard","has-post-thumbnail","hentry","category-norte_de_minas","tag-assassinato-padre-carvalho","tag-homem-e-assassinado-apos-discussao-em-padre-carvalho","tag-homicidio-padre-carvalho","tag-homicidio-vila-curral-de-varas","tag-morte-padre-carvalho","tag-morto-em-padre-carvalho","tag-morto-em-vila-curral-de-varas","tag-padre-carvalho","tag-vila-curral-de-varas"],"_links":{"self":[{"href":"https:\/\/aconteceunovale.com.br\/portal\/index.php?rest_route=\/wp\/v2\/posts\/90929","targetHints":{"allow":["GET"]}}],"collection":[{"href":"https:\/\/aconteceunovale.com.br\/portal\/index.php?rest_route=\/wp\/v2\/posts"}],"about":[{"href":"https:\/\/aconteceunovale.com.br\/portal\/index.php?rest_route=\/wp\/v2\/types\/post"}],"author":[{"embeddable":true,"href":"https:\/\/aconteceunovale.com.br\/portal\/index.php?rest_route=\/wp\/v2\/users\/1"}],"replies":[{"embeddable":true,"href":"https:\/\/aconteceunovale.com.br\/portal\/index.php?rest_route=%2Fwp%2Fv2%2Fcomments&post=90929"}],"version-history":[{"count":0,"href":"https:\/\/aconteceunovale.com.br\/portal\/index.php?rest_route=\/wp\/v2\/posts\/90929\/revisions"}],"wp:featuredmedia":[{"embeddable":true,"href":"https:\/\/aconteceunovale.com.br\/portal\/index.php?rest_route=\/wp\/v2\/media\/90576"}],"wp:attachment":[{"href":"https:\/\/aconteceunovale.com.br\/portal\/index.php?rest_route=%2Fwp%2Fv2%2Fmedia&parent=90929"}],"wp:term":[{"taxonomy":"category","embeddable":true,"href":"https:\/\/aconteceunovale.com.br\/portal\/index.php?rest_route=%2Fwp%2Fv2%2Fcategories&post=90929"},{"taxonomy":"post_tag","embeddable":true,"href":"https:\/\/aconteceunovale.com.br\/portal\/index.php?rest_route=%2Fwp%2Fv2%2Ftags&post=90929"}],"curies":[{"name":"wp","href":"https:\/\/api.w.org\/{rel}","templated":true}]}}