{"id":90926,"date":"2016-07-02T20:21:48","date_gmt":"2016-07-02T23:21:48","guid":{"rendered":"http:\/\/aconteceunovale.com.br\/portal\/?p=90926"},"modified":"2016-07-02T20:21:48","modified_gmt":"2016-07-02T23:21:48","slug":"caminhao-tomba-e-espalha-cloreto-ferrico-na-br-135-em-montes-claros","status":"publish","type":"post","link":"https:\/\/aconteceunovale.com.br\/portal\/?p=90926","title":{"rendered":"Caminh\u00e3o tomba e espalha cloreto f\u00e9rrico na BR-135, em Montes Claros"},"content":{"rendered":"<p>Um caminh\u00e3o que transportava cloreto f\u00e9rrico tombou neste s\u00e1bado (2\/7), na BR-135, em Montes Claros, na regi\u00e3o Norte de Minas Gerais. De acordo com a Pol\u00edcia Rodovi\u00e1ria, o motorista teria perdido o controle da dire\u00e7\u00e3o ap\u00f3s o ve\u00edculo apresentar um problema mec\u00e2nico nos freios.<\/p>\n<p>A subst\u00e2ncia t\u00f3xica se espalhou no local e a pista ficou interditada por aproximadamente quatro horas. Os Bombeiros cobriram o produto exposto com terra. At\u00e9 o in\u00edcio da noite o caminh\u00e3o ainda estava tombado, mas a pista foi liberada.<\/p>\n<p><img decoding=\"async\" src=\"http:\/\/aconteceunovale.com.br\/portal\/wp-content\/uploads\/2016\/07\/acidente_cloreto_moc.jpeg\" alt=\"\" \/><em>Caminh\u00e3o tomba e espalha cloreto f\u00e9rrico na BR-135 (Foto: Darle Xavier\/arquivo pessoal)<\/em><br \/>\n<\/br><\/p>\n<p>(G1 Grande Minas)<\/p>\n","protected":false},"excerpt":{"rendered":"<p>Um caminh\u00e3o que transportava cloreto f\u00e9rrico tombou neste s\u00e1bado (2\/7), na BR-135, em Montes Claros, na regi\u00e3o Norte de Minas Gerais. De acordo com a Pol\u00edcia Rodovi\u00e1ria, o motorista teria perdido o controle da dire\u00e7\u00e3o ap\u00f3s o ve\u00edculo apresentar um problema mec\u00e2nico nos freios. A subst\u00e2ncia t\u00f3xica se espalhou no local e a pista ficou [&hellip;]<\/p>\n","protected":false},"author":1,"featured_media":90927,"comment_status":"open","ping_status":"closed","sticky":false,"template":"","format":"standard","meta":{"amp_status":"","footnotes":""},"categories":[1236],"tags":[102741,102740,102743,16673,102742,102738,102739,66077,210],"class_list":["post-90926","post","type-post","status-publish","format-standard","has-post-thumbnail","hentry","category-norte_de_minas","tag-acidente-cloreto-ferrico-em-montes-claros","tag-acidente-com-caminhao-carregado-de-cloreto-ferrico-em-montes-claros","tag-acidente-com-caminhao-que-transportava-cloreto-ferrico-em-montes-claros","tag-acidente-em-montes-claros","tag-caminhao-que-transportava-cloreto-ferrico","tag-caminhao-tomba-e-espalha-cloreto-ferrico-na-br-135","tag-caminhao-tomba-e-espalha-cloreto-ferrico-na-br-135-em-montes-claros","tag-em-montes-claros","tag-montes-claros"],"_links":{"self":[{"href":"https:\/\/aconteceunovale.com.br\/portal\/index.php?rest_route=\/wp\/v2\/posts\/90926","targetHints":{"allow":["GET"]}}],"collection":[{"href":"https:\/\/aconteceunovale.com.br\/portal\/index.php?rest_route=\/wp\/v2\/posts"}],"about":[{"href":"https:\/\/aconteceunovale.com.br\/portal\/index.php?rest_route=\/wp\/v2\/types\/post"}],"author":[{"embeddable":true,"href":"https:\/\/aconteceunovale.com.br\/portal\/index.php?rest_route=\/wp\/v2\/users\/1"}],"replies":[{"embeddable":true,"href":"https:\/\/aconteceunovale.com.br\/portal\/index.php?rest_route=%2Fwp%2Fv2%2Fcomments&post=90926"}],"version-history":[{"count":0,"href":"https:\/\/aconteceunovale.com.br\/portal\/index.php?rest_route=\/wp\/v2\/posts\/90926\/revisions"}],"wp:featuredmedia":[{"embeddable":true,"href":"https:\/\/aconteceunovale.com.br\/portal\/index.php?rest_route=\/wp\/v2\/media\/90927"}],"wp:attachment":[{"href":"https:\/\/aconteceunovale.com.br\/portal\/index.php?rest_route=%2Fwp%2Fv2%2Fmedia&parent=90926"}],"wp:term":[{"taxonomy":"category","embeddable":true,"href":"https:\/\/aconteceunovale.com.br\/portal\/index.php?rest_route=%2Fwp%2Fv2%2Fcategories&post=90926"},{"taxonomy":"post_tag","embeddable":true,"href":"https:\/\/aconteceunovale.com.br\/portal\/index.php?rest_route=%2Fwp%2Fv2%2Ftags&post=90926"}],"curies":[{"name":"wp","href":"https:\/\/api.w.org\/{rel}","templated":true}]}}