{"id":90905,"date":"2016-07-02T20:10:51","date_gmt":"2016-07-02T23:10:51","guid":{"rendered":"http:\/\/aconteceunovale.com.br\/portal\/?p=90905"},"modified":"2016-07-02T20:13:39","modified_gmt":"2016-07-02T23:13:39","slug":"noite-100-sertaneja-marca-a-abertura-da-expomontes-2016","status":"publish","type":"post","link":"https:\/\/aconteceunovale.com.br\/portal\/?p=90905","title":{"rendered":"Noite 100% sertaneja marca a abertura da Expomontes 2016"},"content":{"rendered":"<p>Na noite desta sexta-feira (1\u00ba de julho) foi dada largada oficial da 42\u00aa edi\u00e7\u00e3o da Exposi\u00e7\u00e3o Agropecu\u00e1ria do Norte de Minas (Expomontes). No primeiro dia de atra\u00e7\u00f5es, o p\u00fablico festejou ao som dos sertanejos Lucas Lucco e a dupla Z\u00e9 Neto &#038; Cristiano. O primeiro a subir ao palco, para del\u00edrio especial do p\u00fablico feminino, foi Lucas Lucco, um dos maiores destaques do atual cen\u00e1rio sertanejo. O cantor, que tamb\u00e9m atua na novela Malha\u00e7\u00e3o, \u00e9 um dos maiores fen\u00f4menos nas redes sociais, com v\u00e1rias de suas m\u00fasicas superando a casa dos milh\u00f5es de acessos.<\/p>\n<p>Por onde passa, o cantor mineiro, natural de Patroc\u00ednio, n\u00e3o s\u00f3 ganha f\u00e3s, mas tamb\u00e9m faz amigos. E, em Montes Claros, ele vai levar para casa o reconhecimento e amizade do menino Lucas Costa, portador de uma rara doen\u00e7a, diagnosticada ainda na maternidade. No palco, deu tempo at\u00e9 de uma palhinha entre os xar\u00e1s; o que emocionou muitas pessoas presentes no Parque de Exposi\u00e7\u00f5es.<\/p>\n<p>Para fechar a noite e trazer ainda mais sertanejo \u00e0 abertura da Expomontes 2016, a dupla Z\u00e9 Neto &#038; Cristiano subiu ao palco. Os irm\u00e3os, do interior de S\u00e3o Paulo, acostumados desde pequenos ao sertanejo raiz, fizeram muita gente voltar ao passado. Foi muita moda de viola para o p\u00fablico do Norte de Minas.<\/p>\n<p><img decoding=\"async\" src=\"http:\/\/aconteceunovale.com.br\/portal\/wp-content\/uploads\/2016\/07\/expomontes_1noite_14.jpg\" alt=\"\" \/><em>20 mil pessoas participaram da primeira noite da 42\u00aa Expomontes (Foto: Divulga\u00e7\u00e3o\/Sociedade Rural)<\/em><br \/>\n<\/br><\/p>\n<p><strong>S\u00e1bado<\/strong><\/p>\n<p>A Expomontes segue at\u00e9 o pr\u00f3ximo dia 10 de julho, com v\u00e1rias atra\u00e7\u00f5es e shows. Neste s\u00e1bado (2\/7), a festa ser\u00e1 comandada pela dupla Simone &#038; Sim\u00e1ria, que trazem a Montes Claros show especial do DVD \u201cBar das coleguinhas\u201d. Com v\u00e1rios hits de sucesso na bagagem, tocados em todas as r\u00e1dios do pa\u00eds, com as irm\u00e3s baianas \u00e9 certeza de festa animada.<\/p>\n<p><strong>Programa\u00e7\u00e3o completa<\/strong><\/p>\n<p><strong>-> 02\/07 \u2013 S\u00e1bado<\/strong> &#8211; Simone &#038; Sim\u00e1ria (As Coleguinhas)<br \/>\n1\u00ba lote: Inteira R$ 40,00 \/ Meia R$ 20,00<\/p>\n<p><strong>-> 03\/07 \u2013 Domingo<\/strong> \u2013 C\u00e9sar Menotti e Fabiano &#8211; Anivers\u00e1rio da Cidade<br \/>\nEntrada Franca<\/p>\n<p><strong>-> 05\/07 \u2013 Ter\u00e7a-Feira<\/strong> \u2013 Ter\u00e7aneja Universit\u00e1ria<br \/>\nSergio e Rodrigo \/ Lucas e Eduardo (Mulheres n\u00e3o pagam)<br \/>\nIngresso masculino: 1\u00ba lote: &#8211; inteira: R$ 20,00 \/ meia: R$ 10,00<\/p>\n<p><strong>-> 06\/07 \u2013 Quarta-Feira<\/strong> \u2013 Fernandinho (Show Gospel)<br \/>\n1\u00ba lote: Inteira R$ 30,00 \/ Meia R$ 15,00<\/p>\n<p><strong>-> 08\/07 \u2013 Sexta\u2013Feira<\/strong> &#8211; Ivete Sangalo<br \/>\n1\u00ba lote: Inteira R$ 30,00 \/ Meia R$ 15,00<\/p>\n<p><strong>-> 09\/07 \u2013 S\u00e1bado<\/strong> \u2013 Wesley Safad\u00e3o \/ Gabriel Diniz<br \/>\n2\u00ba Lote: Inteira R$ 50,00 \/ Meia R$ 25,00<\/p>\n<p><strong>-> 10\/07 \u2013 Domingo<\/strong><br \/>\nTarde: Show Infantil Pe\u00e7a Teatral Frozen e Show da Luna<br \/>\n1\u00ba Lote: Inteira R$ 20,00 \/ Meia R$ 10,00<\/p>\n<p>Noite: Henrique e Juliano<br \/>\n1\u00ba Lote: Inteira R$ 40,00 \/ Meia R$ 20,00<\/p>\n<p><img decoding=\"async\" src=\"http:\/\/aconteceunovale.com.br\/portal\/wp-content\/uploads\/2016\/06\/expomontes_2016.jpg\" alt=\"\" \/><em>Expomontes 2016 come\u00e7a na sexta-feira (Foto: Divulga\u00e7\u00e3o)<\/em><br \/>\n<\/br><\/p>\n<p><strong>Fotos da primeira noite<\/strong><\/p>\n<p><img decoding=\"async\" src=\"http:\/\/aconteceunovale.com.br\/portal\/wp-content\/uploads\/2016\/07\/expomontes_1noite_6.jpg\" alt=\"\" \/><\/p>\n<p><div id='gallery-1' class='gallery galleryid-90905 gallery-columns-5 gallery-size-thumbnail'><figure class='gallery-item'>\n\t\t\t<div class='gallery-icon landscape'>\n\t\t\t\t<a href='https:\/\/aconteceunovale.com.br\/portal\/wp-content\/uploads\/2016\/07\/expomontes_1noite_1.jpg'><img loading=\"lazy\" decoding=\"async\" width=\"150\" height=\"150\" src=\"https:\/\/aconteceunovale.com.br\/portal\/wp-content\/uploads\/2016\/07\/expomontes_1noite_1-150x150.jpg\" class=\"attachment-thumbnail size-thumbnail\" alt=\"\" \/><\/a>\n\t\t\t<\/div><\/figure><figure class='gallery-item'>\n\t\t\t<div class='gallery-icon landscape'>\n\t\t\t\t<a href='https:\/\/aconteceunovale.com.br\/portal\/wp-content\/uploads\/2016\/07\/expomontes_1noite_2.jpg'><img loading=\"lazy\" decoding=\"async\" width=\"150\" height=\"150\" src=\"https:\/\/aconteceunovale.com.br\/portal\/wp-content\/uploads\/2016\/07\/expomontes_1noite_2-150x150.jpg\" class=\"attachment-thumbnail size-thumbnail\" alt=\"\" \/><\/a>\n\t\t\t<\/div><\/figure><figure class='gallery-item'>\n\t\t\t<div class='gallery-icon landscape'>\n\t\t\t\t<a href='https:\/\/aconteceunovale.com.br\/portal\/wp-content\/uploads\/2016\/07\/expomontes_1noite_3.jpg'><img loading=\"lazy\" decoding=\"async\" width=\"150\" height=\"150\" src=\"https:\/\/aconteceunovale.com.br\/portal\/wp-content\/uploads\/2016\/07\/expomontes_1noite_3-150x150.jpg\" class=\"attachment-thumbnail size-thumbnail\" alt=\"\" \/><\/a>\n\t\t\t<\/div><\/figure><figure class='gallery-item'>\n\t\t\t<div class='gallery-icon landscape'>\n\t\t\t\t<a href='https:\/\/aconteceunovale.com.br\/portal\/wp-content\/uploads\/2016\/07\/expomontes_1noite_4.jpg'><img loading=\"lazy\" decoding=\"async\" width=\"150\" height=\"150\" src=\"https:\/\/aconteceunovale.com.br\/portal\/wp-content\/uploads\/2016\/07\/expomontes_1noite_4-150x150.jpg\" class=\"attachment-thumbnail size-thumbnail\" alt=\"\" \/><\/a>\n\t\t\t<\/div><\/figure><figure class='gallery-item'>\n\t\t\t<div class='gallery-icon landscape'>\n\t\t\t\t<a href='https:\/\/aconteceunovale.com.br\/portal\/wp-content\/uploads\/2016\/07\/expomontes_1noite_5.jpg'><img loading=\"lazy\" decoding=\"async\" width=\"150\" height=\"150\" src=\"https:\/\/aconteceunovale.com.br\/portal\/wp-content\/uploads\/2016\/07\/expomontes_1noite_5-150x150.jpg\" class=\"attachment-thumbnail size-thumbnail\" alt=\"\" \/><\/a>\n\t\t\t<\/div><\/figure><figure class='gallery-item'>\n\t\t\t<div class='gallery-icon landscape'>\n\t\t\t\t<a href='https:\/\/aconteceunovale.com.br\/portal\/wp-content\/uploads\/2016\/07\/expomontes_1noite_6.jpg'><img loading=\"lazy\" decoding=\"async\" width=\"150\" height=\"150\" src=\"https:\/\/aconteceunovale.com.br\/portal\/wp-content\/uploads\/2016\/07\/expomontes_1noite_6-150x150.jpg\" class=\"attachment-thumbnail size-thumbnail\" alt=\"\" \/><\/a>\n\t\t\t<\/div><\/figure><figure class='gallery-item'>\n\t\t\t<div class='gallery-icon landscape'>\n\t\t\t\t<a href='https:\/\/aconteceunovale.com.br\/portal\/wp-content\/uploads\/2016\/07\/expomontes_1noite_7.jpg'><img loading=\"lazy\" decoding=\"async\" width=\"150\" height=\"150\" src=\"https:\/\/aconteceunovale.com.br\/portal\/wp-content\/uploads\/2016\/07\/expomontes_1noite_7-150x150.jpg\" class=\"attachment-thumbnail size-thumbnail\" alt=\"\" \/><\/a>\n\t\t\t<\/div><\/figure><figure class='gallery-item'>\n\t\t\t<div class='gallery-icon landscape'>\n\t\t\t\t<a href='https:\/\/aconteceunovale.com.br\/portal\/wp-content\/uploads\/2016\/07\/expomontes_1noite_8.jpg'><img loading=\"lazy\" decoding=\"async\" width=\"150\" height=\"150\" src=\"https:\/\/aconteceunovale.com.br\/portal\/wp-content\/uploads\/2016\/07\/expomontes_1noite_8-150x150.jpg\" class=\"attachment-thumbnail size-thumbnail\" alt=\"\" \/><\/a>\n\t\t\t<\/div><\/figure><figure class='gallery-item'>\n\t\t\t<div class='gallery-icon landscape'>\n\t\t\t\t<a href='https:\/\/aconteceunovale.com.br\/portal\/wp-content\/uploads\/2016\/07\/expomontes_1noite_9.jpg'><img loading=\"lazy\" decoding=\"async\" width=\"150\" height=\"150\" src=\"https:\/\/aconteceunovale.com.br\/portal\/wp-content\/uploads\/2016\/07\/expomontes_1noite_9-150x150.jpg\" class=\"attachment-thumbnail size-thumbnail\" alt=\"\" \/><\/a>\n\t\t\t<\/div><\/figure><figure class='gallery-item'>\n\t\t\t<div class='gallery-icon landscape'>\n\t\t\t\t<a href='https:\/\/aconteceunovale.com.br\/portal\/wp-content\/uploads\/2016\/07\/expomontes_1noite_10.jpg'><img loading=\"lazy\" decoding=\"async\" width=\"150\" height=\"150\" src=\"https:\/\/aconteceunovale.com.br\/portal\/wp-content\/uploads\/2016\/07\/expomontes_1noite_10-150x150.jpg\" class=\"attachment-thumbnail size-thumbnail\" alt=\"\" \/><\/a>\n\t\t\t<\/div><\/figure><figure class='gallery-item'>\n\t\t\t<div class='gallery-icon landscape'>\n\t\t\t\t<a href='https:\/\/aconteceunovale.com.br\/portal\/wp-content\/uploads\/2016\/07\/expomontes_1noite_11.jpg'><img loading=\"lazy\" decoding=\"async\" width=\"150\" height=\"150\" src=\"https:\/\/aconteceunovale.com.br\/portal\/wp-content\/uploads\/2016\/07\/expomontes_1noite_11-150x150.jpg\" class=\"attachment-thumbnail size-thumbnail\" alt=\"\" \/><\/a>\n\t\t\t<\/div><\/figure><figure class='gallery-item'>\n\t\t\t<div class='gallery-icon landscape'>\n\t\t\t\t<a href='https:\/\/aconteceunovale.com.br\/portal\/wp-content\/uploads\/2016\/07\/expomontes_1noite_12.jpg'><img loading=\"lazy\" decoding=\"async\" width=\"150\" height=\"150\" src=\"https:\/\/aconteceunovale.com.br\/portal\/wp-content\/uploads\/2016\/07\/expomontes_1noite_12-150x150.jpg\" class=\"attachment-thumbnail size-thumbnail\" alt=\"\" \/><\/a>\n\t\t\t<\/div><\/figure><figure class='gallery-item'>\n\t\t\t<div class='gallery-icon landscape'>\n\t\t\t\t<a href='https:\/\/aconteceunovale.com.br\/portal\/wp-content\/uploads\/2016\/07\/expomontes_1noite_13.jpg'><img loading=\"lazy\" decoding=\"async\" width=\"150\" height=\"150\" src=\"https:\/\/aconteceunovale.com.br\/portal\/wp-content\/uploads\/2016\/07\/expomontes_1noite_13-150x150.jpg\" class=\"attachment-thumbnail size-thumbnail\" alt=\"\" \/><\/a>\n\t\t\t<\/div><\/figure><figure class='gallery-item'>\n\t\t\t<div class='gallery-icon landscape'>\n\t\t\t\t<a href='https:\/\/aconteceunovale.com.br\/portal\/wp-content\/uploads\/2016\/07\/expomontes_1noite_14.jpg'><img loading=\"lazy\" decoding=\"async\" width=\"150\" height=\"150\" src=\"https:\/\/aconteceunovale.com.br\/portal\/wp-content\/uploads\/2016\/07\/expomontes_1noite_14-150x150.jpg\" class=\"attachment-thumbnail size-thumbnail\" alt=\"\" \/><\/a>\n\t\t\t<\/div><\/figure><figure class='gallery-item'>\n\t\t\t<div class='gallery-icon landscape'>\n\t\t\t\t<a href='https:\/\/aconteceunovale.com.br\/portal\/wp-content\/uploads\/2016\/07\/expomontes_1noite_15.jpg'><img loading=\"lazy\" decoding=\"async\" width=\"150\" height=\"150\" src=\"https:\/\/aconteceunovale.com.br\/portal\/wp-content\/uploads\/2016\/07\/expomontes_1noite_15-150x150.jpg\" class=\"attachment-thumbnail size-thumbnail\" alt=\"\" \/><\/a>\n\t\t\t<\/div><\/figure>\n\t\t<\/div>\n<br \/>\n<\/br><\/p>\n<p><em>(Fonte: G1 Grande Minas \/ Fotos: Sociedade Rural de Montes Claros)<\/em><\/p>\n","protected":false},"excerpt":{"rendered":"<p>Na noite desta sexta-feira (1\u00ba de julho) foi dada largada oficial da 42\u00aa edi\u00e7\u00e3o da Exposi\u00e7\u00e3o Agropecu\u00e1ria do Norte de Minas (Expomontes). No primeiro dia de atra\u00e7\u00f5es, o p\u00fablico festejou ao som dos sertanejos Lucas Lucco e a dupla Z\u00e9 Neto &#038; Cristiano. O primeiro a subir ao palco, para del\u00edrio especial do p\u00fablico feminino, [&hellip;]<\/p>\n","protected":false},"author":1,"featured_media":90919,"comment_status":"open","ping_status":"closed","sticky":false,"template":"","format":"standard","meta":{"amp_status":"","footnotes":""},"categories":[125,1236],"tags":[102027,102731,76690,102729,102030,50644,102036,100916,101115,101116,100918,76701,76698,101114,102031,76691,76692,102037,76693,4848,100917,102704,100921,102705,76695,101113,1018,102021,100914,7887,102024,102023,102022,102025,102026,102019,102020,76699,102706,43392,102032,102038,19275,76697,102648,100922,100913,442,102732,100920,102018,210,3088,100923,102737,50647,102730,102028,102034,76700,102029,50643,102035,102735,102736,50646,76694,76689,76696,100919,101112,102039,102033,100915,68595,102733,102734],"class_list":["post-90905","post","type-post","status-publish","format-standard","has-post-thumbnail","hentry","category-noticias","category-norte_de_minas","tag-42a-edicao-da-exposicao-agropecuaria-de-montes-claros","tag-42a-edicao-da-exposicao-agropecuaria-do-norte-de-minas","tag-42a-expomontes","tag-abertura-expomontes","tag-agenda-42a-edicao-da-exposicao-agropecuaria-de-montes-claros","tag-agenda-expomontes","tag-agenda-expomontes-2016","tag-amigos-do-lucas-costa","tag-amigos-e-portadores-de-epidermolise-bolhosa","tag-ampapeb","tag-arolina-dieckman","tag-artistas-confirmados-na-42a-expomontes","tag-as-coleguinhas","tag-associacao-mineira-de-parentes","tag-atracoes-42a-edicao-da-exposicao-agropecuaria-de-montes-claros","tag-atracoes-da-42a-expomontes","tag-atracoes-da-expomontes","tag-atracoes-expomontes-2016","tag-bandas-expomontes","tag-barcelona","tag-campanha-amigos-do-lucas-costa","tag-cantor-lucas-lucco","tag-cantor-wesley-safadao","tag-carolina-dieckman","tag-cia-promocoes","tag-claudia-portela","tag-destaque","tag-durval-nunes-pereira","tag-epidermolise-bolhosa","tag-expomontes","tag-expomontes-2016","tag-expomontes-2016-comeca-nesta-sexta-feira","tag-expomontes-2016-comeca-nesta-sexta-feira-e-deve-movimentar-cerca-de-r-380-milhoes","tag-expomontes-2016-deve-movimentar-cerca-de-r-380-milhoes","tag-expomontes-2016-gera-cerca-de-4-mil-empregos","tag-exposicao-agropecuaria-do-norte-de-minas","tag-francisca-lindeia-fonseca","tag-gabriel-diniz","tag-garoto-de-montes-claros-que-tem-doenca-rara-ganha-apoio-do-cantor-lucas-lucco","tag-henrique-e-juliano","tag-ingresso-42a-edicao-da-exposicao-agropecuaria-de-montes-claros","tag-ingressos-expomontes-2016","tag-ivete-sangalo","tag-jorge-e-mateus","tag-leiloes-devem-movimentar-mais-de-r-12-milhoes-durante-expomontes-2016","tag-leticia-turano","tag-lucas-costa","tag-lucas-lucco","tag-lucas-lucco-expomontes","tag-luiza-brunet","tag-maior-exposicao-agropecuaria-do-norte-de-minas","tag-montes-claros","tag-neymar","tag-neymar-e-varios-famosos-fazem-campanha-por-garoto-montes-clarense-com-doenca-rara","tag-noite-100-sertaneja-marca-a-abertura-da-expomontes-2016","tag-osmani-barbosa-neto","tag-primeira-noite-da-expomontes","tag-programacao-42a-edicao-da-exposicao-agropecuaria-de-montes-claros","tag-programacao-expomontes-2016","tag-show-gospel","tag-shows-42a-edicao-da-exposicao-agropecuaria-de-montes-claros","tag-shows-expomontes","tag-shows-expomontes-2016","tag-simone-simaria","tag-simone-simaria-na-expomontes","tag-sociedade-rural","tag-sociedade-rural-de-montes-claros","tag-sociedade-rural-divulga-atracoes-da-42a-expomontes","tag-sociedade-rural-divulga-atracoes-da-42a-exposicao-agropecuaria-de-montes-claros","tag-tata-werneck","tag-uxcilene-melo","tag-valor-dos-ingresso-expomontes-2016","tag-valor-dos-ingresso-para-42a-edicao-da-exposicao-agropecuaria-de-montes-claros","tag-vitimas-epidermolise-bolhosa","tag-wesley-safadao","tag-ze-neto-cristiano","tag-ze-neto-cristiano-expomontes"],"_links":{"self":[{"href":"https:\/\/aconteceunovale.com.br\/portal\/index.php?rest_route=\/wp\/v2\/posts\/90905","targetHints":{"allow":["GET"]}}],"collection":[{"href":"https:\/\/aconteceunovale.com.br\/portal\/index.php?rest_route=\/wp\/v2\/posts"}],"about":[{"href":"https:\/\/aconteceunovale.com.br\/portal\/index.php?rest_route=\/wp\/v2\/types\/post"}],"author":[{"embeddable":true,"href":"https:\/\/aconteceunovale.com.br\/portal\/index.php?rest_route=\/wp\/v2\/users\/1"}],"replies":[{"embeddable":true,"href":"https:\/\/aconteceunovale.com.br\/portal\/index.php?rest_route=%2Fwp%2Fv2%2Fcomments&post=90905"}],"version-history":[{"count":0,"href":"https:\/\/aconteceunovale.com.br\/portal\/index.php?rest_route=\/wp\/v2\/posts\/90905\/revisions"}],"wp:featuredmedia":[{"embeddable":true,"href":"https:\/\/aconteceunovale.com.br\/portal\/index.php?rest_route=\/wp\/v2\/media\/90919"}],"wp:attachment":[{"href":"https:\/\/aconteceunovale.com.br\/portal\/index.php?rest_route=%2Fwp%2Fv2%2Fmedia&parent=90905"}],"wp:term":[{"taxonomy":"category","embeddable":true,"href":"https:\/\/aconteceunovale.com.br\/portal\/index.php?rest_route=%2Fwp%2Fv2%2Fcategories&post=90905"},{"taxonomy":"post_tag","embeddable":true,"href":"https:\/\/aconteceunovale.com.br\/portal\/index.php?rest_route=%2Fwp%2Fv2%2Ftags&post=90905"}],"curies":[{"name":"wp","href":"https:\/\/api.w.org\/{rel}","templated":true}]}}