{"id":90888,"date":"2016-07-02T18:35:46","date_gmt":"2016-07-02T21:35:46","guid":{"rendered":"http:\/\/aconteceunovale.com.br\/portal\/?p=90888"},"modified":"2016-07-03T14:57:06","modified_gmt":"2016-07-03T17:57:06","slug":"criminoso-mata-policial-civil-mineiro-e-usa-sangue-para-escrever-mensagem-macabra-em-parede","status":"publish","type":"post","link":"https:\/\/aconteceunovale.com.br\/portal\/?p=90888","title":{"rendered":"Criminoso mata policial civil mineiro e usa sangue para escrever mensagem macabra em parede"},"content":{"rendered":"<p>Um crime macabro assustou moradores de Juiz de Fora, na Zona da Mata mineira. O corpo do subinspetor da Pol\u00edcia Civil Roberto Carlos Maciel, de 49 anos, foi encontrado na manh\u00e3 deste s\u00e1bado (2\/7) em adiantado estado de putrefa\u00e7\u00e3o, enrolado em um cobertor, no apartamento dele, no Bairro Santa Terezinha, Regi\u00e3o Nordeste da cidade. Ele levou 17 facadas e dois tiros. Na parede, o assassino deixou uma mensagem escrita com sangue da v\u00edtima: \u201cL\u00facifer Sete Fadas\u201d. Um policial que esteve no local do crime descreveu o apartamento como &#8220;cen\u00e1rio de um filme de terror&#8221;.<\/p>\n<p>No in\u00edcio da noite, a Pol\u00edcia Civil prendeu o suspeito de cometer o crime, escondido em casa de parentes em Barbacena. &#8220;Recuperamos a carteira do policial, o carro e estamos correndo para recuperar outros objetos roubados&#8221;, disse a delegada regional de Juiz de Fora, Patr\u00edcia Ribeiro. Detalhes do crime ser\u00e3o dados em uma coletiva \u00e0 imprensa \u00e0s 9h deste domingo, na Delegacia Regional de Juiz de Fora.<\/p>\n<p>Roberto Carlos trabalhava na 1\u00aa Delegacia Regional de Juiz de Fora e morava na Rua Daniel Martinho Ribeiro, perto da delegacia. Ele estava de f\u00e9rias e o retorno dele ao trabalho estava previsto para esta semana. Os vizinhos sentiram um cheiro forte vindo do apartamento do subinspetor e acionaram a pol\u00edcia. A per\u00edcia foi acionada e a Pol\u00edcia Civil assumiu sozinha o caso, segundo informou a Pol\u00edcia Militar. Duas c\u00e1psulas de rev\u00f3lver calibre 38 foram encontradas no im\u00f3vel.<\/p>\n<p>O suspeito j\u00e1 tinha sido visto antes com a v\u00edtima em bares e restaurantes da cidade. A delegada est\u00e1 tratando o caso como latroc\u00ednio, roubo seguido de morte. O carro roubado, um Palio branco placa OXH 3906, havia sido visto pela Pol\u00edcia Rodovi\u00e1ria Federal passando por Barbacena, na mesma regi\u00e3o, \u00e0s 9h de ter\u00e7a-feira. C\u00e2meras de uma pra\u00e7a de ped\u00e1gio registraram o suspeito dentro do carro.<\/p>\n<p>A delegada n\u00e3o deu explica\u00e7\u00f5es sobre a mensagem deixada na parede, o que vai ser apurado durante as investiga\u00e7\u00f5es. &#8220;N\u00e3o sei se o suspeito frequentava o apartamento do policial, mas eles j\u00e1 foram vistos juntos em bares e restaurantes&#8221;, disse a delegada. Carlos Roberto foi visto pela \u00faltima vez pelos vizinhos na ter\u00e7a-feira. &#8220;Disseram que ele era muito discreto e reservado. Era um \u00f3timo policial&#8221;, disse Patr\u00edcia Ribeiro. H\u00e1 informa\u00e7\u00f5es de que a v\u00edtima andava saindo com um homem identificado por &#8220;Crij\u00e3o&#8221;, morador do Bairro Santo Ant\u00f4nio, Zona Leste de Juiz de Fora, mas a delegada n\u00e3o confirmou se tratar dele.<\/p>\n<p>Antes de trabalhar na Delegacia Regional, Carlos Roberto, que estava na Pol\u00edcia Civil havia mais de 20 anos, foi lotado na Delegacia Especializada de Crimes contra a Mulher e na Divis\u00e3o Antidrogas. Parentes e amigos de Robertinho, como ele era chamado, lamentaram a morte dele nas redes sociais. &#8220;Algum monstro sem alma fez isso com o meu tio&#8221;, escreveu a sobrinha dele, Thallita Gracielly.<\/p>\n<p><img decoding=\"async\" src=\"http:\/\/aconteceunovale.com.br\/portal\/wp-content\/uploads\/2016\/07\/homicidio_pc_jf.jpg\" alt=\"\" \/><em>O policial Roberto Carlos Maciel foi assassinado em seu apartamento na Rua Daniel Martinho Ribeiro, pr\u00f3ximo a Delegacia onde trabalhava (Foto: Fernando Priamo\/Tribuna de Minas)<\/em><br \/>\n<\/br><\/p>\n<p><em>(Fonte: Estado de Minas\/Pedro Ferreira)<\/em><\/p>\n","protected":false},"excerpt":{"rendered":"<p>Um crime macabro assustou moradores de Juiz de Fora, na Zona da Mata mineira. O corpo do subinspetor da Pol\u00edcia Civil Roberto Carlos Maciel, de 49 anos, foi encontrado na manh\u00e3 deste s\u00e1bado (2\/7) em adiantado estado de putrefa\u00e7\u00e3o, enrolado em um cobertor, no apartamento dele, no Bairro Santa Terezinha, Regi\u00e3o Nordeste da cidade. Ele [&hellip;]<\/p>\n","protected":false},"author":1,"featured_media":90890,"comment_status":"open","ping_status":"closed","sticky":false,"template":"","format":"standard","meta":{"amp_status":"","footnotes":""},"categories":[121],"tags":[102715,102713,102710,102718,102863,102716,206,102714,102709,102717,102712,102711],"class_list":["post-90888","post","type-post","status-publish","format-standard","has-post-thumbnail","hentry","category-leste","tag-1a-delegacia-regional-de-juiz-de-fora","tag-assassinato-do-policial-roberto-carlos-maciel","tag-crime-macabro-assustou-moradores-de-juiz-de-fora","tag-criminoso-mata-policial-civil-mineiro-e-usa-sangue-para-escrever-mensagem-macabra-em-parede","tag-crisjonny-ferreira-da-silva","tag-delegada-regional-de-juiz-de-fora","tag-juiz-de-fora","tag-lucifer-sete-fadas","tag-lucifer-sete-fadas-juiz-de-fora","tag-patricia-ribeiro","tag-roberto-carlos-maciel","tag-subinspetor-da-policia-civil-roberto-carlos-maciel"],"_links":{"self":[{"href":"https:\/\/aconteceunovale.com.br\/portal\/index.php?rest_route=\/wp\/v2\/posts\/90888","targetHints":{"allow":["GET"]}}],"collection":[{"href":"https:\/\/aconteceunovale.com.br\/portal\/index.php?rest_route=\/wp\/v2\/posts"}],"about":[{"href":"https:\/\/aconteceunovale.com.br\/portal\/index.php?rest_route=\/wp\/v2\/types\/post"}],"author":[{"embeddable":true,"href":"https:\/\/aconteceunovale.com.br\/portal\/index.php?rest_route=\/wp\/v2\/users\/1"}],"replies":[{"embeddable":true,"href":"https:\/\/aconteceunovale.com.br\/portal\/index.php?rest_route=%2Fwp%2Fv2%2Fcomments&post=90888"}],"version-history":[{"count":0,"href":"https:\/\/aconteceunovale.com.br\/portal\/index.php?rest_route=\/wp\/v2\/posts\/90888\/revisions"}],"wp:featuredmedia":[{"embeddable":true,"href":"https:\/\/aconteceunovale.com.br\/portal\/index.php?rest_route=\/wp\/v2\/media\/90890"}],"wp:attachment":[{"href":"https:\/\/aconteceunovale.com.br\/portal\/index.php?rest_route=%2Fwp%2Fv2%2Fmedia&parent=90888"}],"wp:term":[{"taxonomy":"category","embeddable":true,"href":"https:\/\/aconteceunovale.com.br\/portal\/index.php?rest_route=%2Fwp%2Fv2%2Fcategories&post=90888"},{"taxonomy":"post_tag","embeddable":true,"href":"https:\/\/aconteceunovale.com.br\/portal\/index.php?rest_route=%2Fwp%2Fv2%2Ftags&post=90888"}],"curies":[{"name":"wp","href":"https:\/\/api.w.org\/{rel}","templated":true}]}}