{"id":90853,"date":"2016-07-01T20:25:08","date_gmt":"2016-07-01T23:25:08","guid":{"rendered":"http:\/\/aconteceunovale.com.br\/portal\/?p=90853"},"modified":"2016-07-01T20:25:08","modified_gmt":"2016-07-01T23:25:08","slug":"leiloes-devem-movimentar-mais-de-r-12-milhoes-durante-expomontes-2016","status":"publish","type":"post","link":"https:\/\/aconteceunovale.com.br\/portal\/?p=90853","title":{"rendered":"Leil\u00f5es devem movimentar mais de R$ 12 milh\u00f5es durante Expomontes 2016"},"content":{"rendered":"<p>A 42\u00aa edi\u00e7\u00e3o da Exposi\u00e7\u00e3o Agropecu\u00e1ria do Norte de Minas (Expomontes), que ser\u00e1 realizada entre os dias 1\u00ba e 10 de julho em Montes Claros, deve movimentar mais de R$ 12 milh\u00f5es somente com os leil\u00f5es. Cerca de 10 mil animais devem ser comercializados durante a feira.<\/p>\n<p>De acordo com o diretor de leil\u00f5es da Sociedade Rural, Avelino Murta, a qualidade dos animais vai ser fundamental para o bom desempenho do setor na feira. \u201cA condi\u00e7\u00e3o corporal dos animais est\u00e1 muito boa. Apesar de termos sofrido muito com a seca, o produtor se preparou bem para a comercializa\u00e7\u00e3o, e temos visto animais de alta qualidade\u201d, diz.<\/p>\n<p>Segundo Danillo Velloso, diretor da Sociedade Rural, apesar da crise que assola o Brasil, e da seca que atinge a regi\u00e3o, o setor do agroneg\u00f3cios d\u00e1 ind\u00edcios de que esta edi\u00e7\u00e3o do evento vai ser superior \u00e0 passada.<\/p>\n<p>\u201cA regi\u00e3o toda tem tido dificuldade por causa da seca. O rebanho reduziu em torno de 50% nos \u00faltimos cinco anos, segundo o IMA. Mas o produtor tem conseguido superar a situa\u00e7\u00e3o, apesar dos custos de produ\u00e7\u00e3o terem aumentado bastante. Embora o cen\u00e1rio n\u00e3o seja o ideal, o produtor tem que suprir \u00e0s necessidades b\u00e1sicas das pessoas, por isso o setor, mesmo com dificuldade, continua se movimentando bem\u201d, explica Danillo.<\/p>\n<p>Esse ano v\u00e3o ser realizados 10 leil\u00f5es, sendo oito bovinos e dois equinos. Para o sucesso das vendas, o tratamento dos animais come\u00e7a bem antes do evento. \u201cO controle sanit\u00e1rio acompanhado por m\u00e9dico veterin\u00e1rio \u00e9 muito importante. Al\u00e9m disso, tem a insemina\u00e7\u00e3o artificial, que favorece o melhoramento gen\u00e9tico. Utiliza-se tamb\u00e9m a fecunda\u00e7\u00e3o in vitro. Todas as tecnologias s\u00e3o bem-vindas para buscar o bom estado e evolu\u00e7\u00e3o dos animais\u201d, diz Danillo.<\/p>\n<p>Em meio a toda a dificuldade encontrada no campo, os produtores t\u00eam conseguido trazer resultados para a exposi\u00e7\u00e3o, esfor\u00e7o que \u00e9 enaltecido por Avelino. \u201cN\u00f3s estamos em condi\u00e7\u00e3o de produzir, o produtor \u00e9 valente, e a cada ano a Expomontes se supera. Por isso quero reverenciar os produtores que s\u00e3o os grandes her\u00f3is de toda a hist\u00f3ria, s\u00e3o os donos da festa\u201d, conclui.<\/p>\n<p><strong>Confira a agenda de leil\u00f5es:<\/strong><\/p>\n<p>02\/07 &#8211; 5\u00ba Leil\u00e3o Fazenda Bhavnagar e Parceiros, \u00e0s 13h.<br \/>\n02\/07 &#8211; Leil\u00e3o Quarto de Milha, \u00e0s 19h<br \/>\n04\/07 &#8211; Futuro Novilho Precoce, \u00e0s 19h.<br \/>\n05\/07 &#8211; 10\u00ba Leil\u00e3o de Touros dos Criadores de Nelore do Norte de Minas, \u00e0s 19h.<br \/>\n06\/07 &#8211; Leil\u00e3o Confboi e Convidados, \u00e0s 19h.<br \/>\n07\/07 &#8211; 50\u00ba Leil\u00e3o Noite do Nelore Colonial, \u00e0s 19h.<br \/>\n08\/07 &#8211; Leil\u00e3o Corte Especial, \u00e0s 19h.<br \/>\n09\/07 &#8211; 23\u00ba Leil\u00e3o Girolando do Norte de Minas, \u00e0s 13h.<br \/>\n09\/07 &#8211; XI Leil\u00e3o Norte da Marcha Mangalarga Marchador, \u00e0s 19h.<\/p>\n<p><img decoding=\"async\" src=\"http:\/\/aconteceunovale.com.br\/portal\/wp-content\/uploads\/2016\/07\/leilao_expomontes.jpg\" alt=\"\" \/><em>V\u00e3o ser realizados dez leil\u00f5es na 42\u00aa Expomontes (Foto: Solon Queiroz\/Arquivo Pessoal)<\/em><br \/>\n<\/br><\/p>\n<p><strong>Programa\u00e7\u00e3o<\/strong><\/p>\n<p><strong>-> 01\/07 \u2013 Sexta-Feira<\/strong> \u2013 Z\u00e9 Neto &#038; Cristiano \/ Lucas Lucco<br \/>\n1\u00ba lote: Inteira R$ 30,00 \/ Meia R$ 15,00<\/p>\n<p><strong>-> 02\/07 \u2013 S\u00e1bado<\/strong> &#8211; Simone &#038; Sim\u00e1ria (As Coleguinhas)<br \/>\n1\u00ba lote: Inteira R$ 40,00 \/ Meia R$ 20,00<\/p>\n<p><strong>-> 03\/07 \u2013 Domingo<\/strong> \u2013 C\u00e9sar Menotti e Fabiano &#8211; Anivers\u00e1rio da Cidade<br \/>\nEntrada Franca<\/p>\n<p><strong>-> 05\/07 \u2013 Ter\u00e7a-Feira<\/strong> \u2013 Ter\u00e7aneja Universit\u00e1ria<br \/>\nSergio e Rodrigo \/ Lucas e Eduardo (Mulheres n\u00e3o pagam)<br \/>\nIngresso masculino: 1\u00ba lote: &#8211; inteira: R$ 20,00 \/ meia: R$ 10,00<\/p>\n<p><strong>-> 06\/07 \u2013 Quarta-Feira<\/strong> \u2013 Fernandinho (Show Gospel)<br \/>\n1\u00ba lote: Inteira R$ 30,00 \/ Meia R$ 15,00<\/p>\n<p><strong>-> 08\/07 \u2013 Sexta\u2013Feira<\/strong> &#8211; Ivete Sangalo<br \/>\n1\u00ba lote: Inteira R$ 30,00 \/ Meia R$ 15,00<\/p>\n<p><strong>-> 09\/07 \u2013 S\u00e1bado<\/strong> \u2013 Wesley Safad\u00e3o \/ Gabriel Diniz<br \/>\n2\u00ba Lote: Inteira R$ 50,00 \/ Meia R$ 25,00<\/p>\n<p><strong>-> 10\/07 \u2013 Domingo<\/strong><br \/>\nTarde: Show Infantil Pe\u00e7a Teatral Frozen e Show da Luna<br \/>\n1\u00ba Lote: Inteira R$ 20,00 \/ Meia R$ 10,00<\/p>\n<p>Noite: Henrique e Juliano<br \/>\n1\u00ba Lote: Inteira R$ 40,00 \/ Meia R$ 20,00<\/p>\n<p><img decoding=\"async\" src=\"http:\/\/aconteceunovale.com.br\/portal\/wp-content\/uploads\/2016\/06\/expomontes_2016.jpg\" alt=\"\" \/><em>Expomontes 2016 come\u00e7a na sexta-feira (Foto: Divulga\u00e7\u00e3o)<\/em><br \/>\n<\/br><\/p>\n<p><em>(Fonte: G1 Grande Minas)<\/em><\/p>\n","protected":false},"excerpt":{"rendered":"<p>A 42\u00aa edi\u00e7\u00e3o da Exposi\u00e7\u00e3o Agropecu\u00e1ria do Norte de Minas (Expomontes), que ser\u00e1 realizada entre os dias 1\u00ba e 10 de julho em Montes Claros, deve movimentar mais de R$ 12 milh\u00f5es somente com os leil\u00f5es. Cerca de 10 mil animais devem ser comercializados durante a feira. De acordo com o diretor de leil\u00f5es da [&hellip;]<\/p>\n","protected":false},"author":1,"featured_media":90854,"comment_status":"open","ping_status":"closed","sticky":false,"template":"","format":"standard","meta":{"amp_status":"","footnotes":""},"categories":[1236],"tags":[102027,102030,102036,102031,102037,1018,102021,102024,102023,102022,102025,102026,102019,102020,102032,102038,102648,102018,102028,102034,102029,102035,102039,102033],"class_list":["post-90853","post","type-post","status-publish","format-standard","has-post-thumbnail","hentry","category-norte_de_minas","tag-42a-edicao-da-exposicao-agropecuaria-de-montes-claros","tag-agenda-42a-edicao-da-exposicao-agropecuaria-de-montes-claros","tag-agenda-expomontes-2016","tag-atracoes-42a-edicao-da-exposicao-agropecuaria-de-montes-claros","tag-atracoes-expomontes-2016","tag-destaque","tag-durval-nunes-pereira","tag-expomontes-2016","tag-expomontes-2016-comeca-nesta-sexta-feira","tag-expomontes-2016-comeca-nesta-sexta-feira-e-deve-movimentar-cerca-de-r-380-milhoes","tag-expomontes-2016-deve-movimentar-cerca-de-r-380-milhoes","tag-expomontes-2016-gera-cerca-de-4-mil-empregos","tag-exposicao-agropecuaria-do-norte-de-minas","tag-francisca-lindeia-fonseca","tag-ingresso-42a-edicao-da-exposicao-agropecuaria-de-montes-claros","tag-ingressos-expomontes-2016","tag-leiloes-devem-movimentar-mais-de-r-12-milhoes-durante-expomontes-2016","tag-maior-exposicao-agropecuaria-do-norte-de-minas","tag-programacao-42a-edicao-da-exposicao-agropecuaria-de-montes-claros","tag-programacao-expomontes-2016","tag-shows-42a-edicao-da-exposicao-agropecuaria-de-montes-claros","tag-shows-expomontes-2016","tag-valor-dos-ingresso-expomontes-2016","tag-valor-dos-ingresso-para-42a-edicao-da-exposicao-agropecuaria-de-montes-claros"],"_links":{"self":[{"href":"https:\/\/aconteceunovale.com.br\/portal\/index.php?rest_route=\/wp\/v2\/posts\/90853","targetHints":{"allow":["GET"]}}],"collection":[{"href":"https:\/\/aconteceunovale.com.br\/portal\/index.php?rest_route=\/wp\/v2\/posts"}],"about":[{"href":"https:\/\/aconteceunovale.com.br\/portal\/index.php?rest_route=\/wp\/v2\/types\/post"}],"author":[{"embeddable":true,"href":"https:\/\/aconteceunovale.com.br\/portal\/index.php?rest_route=\/wp\/v2\/users\/1"}],"replies":[{"embeddable":true,"href":"https:\/\/aconteceunovale.com.br\/portal\/index.php?rest_route=%2Fwp%2Fv2%2Fcomments&post=90853"}],"version-history":[{"count":0,"href":"https:\/\/aconteceunovale.com.br\/portal\/index.php?rest_route=\/wp\/v2\/posts\/90853\/revisions"}],"wp:featuredmedia":[{"embeddable":true,"href":"https:\/\/aconteceunovale.com.br\/portal\/index.php?rest_route=\/wp\/v2\/media\/90854"}],"wp:attachment":[{"href":"https:\/\/aconteceunovale.com.br\/portal\/index.php?rest_route=%2Fwp%2Fv2%2Fmedia&parent=90853"}],"wp:term":[{"taxonomy":"category","embeddable":true,"href":"https:\/\/aconteceunovale.com.br\/portal\/index.php?rest_route=%2Fwp%2Fv2%2Fcategories&post=90853"},{"taxonomy":"post_tag","embeddable":true,"href":"https:\/\/aconteceunovale.com.br\/portal\/index.php?rest_route=%2Fwp%2Fv2%2Ftags&post=90853"}],"curies":[{"name":"wp","href":"https:\/\/api.w.org\/{rel}","templated":true}]}}