{"id":90847,"date":"2016-07-01T20:16:55","date_gmt":"2016-07-01T23:16:55","guid":{"rendered":"http:\/\/aconteceunovale.com.br\/portal\/?p=90847"},"modified":"2016-07-01T20:17:37","modified_gmt":"2016-07-01T23:17:37","slug":"vereador-de-pirapora-e-preso-pela-segunda-vez-na-mesma-operacao-da-policia-civil","status":"publish","type":"post","link":"https:\/\/aconteceunovale.com.br\/portal\/?p=90847","title":{"rendered":"Vereador de Pirapora \u00e9 preso pela segunda vez na mesma opera\u00e7\u00e3o da Pol\u00edcia Civil"},"content":{"rendered":"<p>A Pol\u00edcia Civil de Pirapora realizou na tarde desta sexta-feira (1\u00ba de julho) a segunda fase da opera\u00e7\u00e3o Pele de Cordeiro, que investiga furtos de materiais agr\u00edcolas em fazendas da regi\u00e3o, e o vereador Ildemar Ant\u00f4nio Alves Cordeiro (PP) foi preso pela segunda vez; ele j\u00e1 havia sido preso na quarta-feira (29\/6), na primeira fase da opera\u00e7\u00e3o. A a\u00e7\u00e3o, segundo a PC, foi realizada para cumprir sete mandados de busca e apreens\u00e3o em Pirapora e Buritizeiro.<\/p>\n<p>Em um dos im\u00f3veis, um galp\u00e3o em Pirapora, foi apreendido um caminh\u00e3o que havia sido roubado em Candido Sales (BA), no dia 16 deste m\u00eas. O galp\u00e3o est\u00e1 alugado para um banco da cidade, mas pertence ao vereador Ildemar Ant\u00f4nio Alves Cordeiro.<\/p>\n<p>\u201cO Ildemar conseguiu um alvar\u00e1 de soltura, mas nesta tarde foi preso novamente por recepta\u00e7\u00e3o. A investiga\u00e7\u00e3o mostrou que o Ildemar tinha a entrada facilitada no im\u00f3vel por um funcion\u00e1rio terceirizado do banco\u201d, explica o delegado Jurandir C\u00e9sar.<\/p>\n<p>No local foi preso tamb\u00e9m um homem apontado como co-autor no furto do ve\u00edculo. Robson Luiz Pereira Braga confessou \u00e0 pol\u00edcia que dirigiu o ve\u00edculo at\u00e9 a cidade norte-mineira. \u201cEle disse que trouxe o ve\u00edculo a pedido de outra pessoa, mas estamos fazendo levantamentos para tentar localiz\u00e1-la\u201d, diz o delegado.<\/p>\n<p>O advogado do vereador, Deoclides Wellington Soares Figueiredo, afirmou na noite desta sexta-feira que ainda iria se manifestar sobre a nova pris\u00e3o.<\/p>\n<p><strong>Primeira pris\u00e3o<\/strong><\/p>\n<p>Ildemar Ant\u00f4nio Alves Cordeiro foi preso em flagrante na quarta-feira (29) durante a primeira fase da opera\u00e7\u00e3o Pele de Cordeiro, por porte ilegal de arma e muni\u00e7\u00f5es. O vereador \u00e9 um dos alvos de uma investiga\u00e7\u00e3o que apura o furto de R$ 60 mil em equipamentos agr\u00edcolas de uma fazenda em S\u00e3o Rom\u00e3o (MG). Al\u00e9m dele, foram indiciados tamb\u00e9m outros dois homens.<\/p>\n<p>Na primeira fase foram cumpridos seis mandados de busca e apreens\u00e3o em Pirapora e na fazenda do vereador, em Buritizeiro (MG); 20 policiais participaram da a\u00e7\u00e3o.<\/p>\n<p>Na casa de Ildemar Cordeiro, a PC encontrou o carro usado no furto, um rev\u00f3lver com numera\u00e7\u00e3o raspada, uma pistola, uma espingarda, muni\u00e7\u00f5es, um carro alugado pela C\u00e2mara com sinais de adultera\u00e7\u00e3o, uma moto com chassi raspado e sem placa, dois jabutis, R$ 13.200, cheques no valor de R$ 160 mil, uma por\u00e7\u00e3o de maconha e documentos de outros autom\u00f3veis. Na fazenda dele, a Pol\u00edcia Civil apreendeu uma espingarda.<\/p>\n<p>Ainda durante a ocorr\u00eancia, na primeira fase, o irm\u00e3o de Ildemar foi detido depois de amea\u00e7ar um jornalista que fazia a cobertura da opera\u00e7\u00e3o.<\/p>\n<p><img decoding=\"async\" src=\"http:\/\/aconteceunovale.com.br\/portal\/wp-content\/uploads\/2016\/07\/verador_preso_pirapora.jpg\" alt=\"\" \/><em>Vereador Ildemar Ant\u00f4nio Alves Cordeiro (destaque) foi preso por causa de caminh\u00e3o roubado em C\u00e2ndido Sales, na Bahia (Foto: Pol\u00edcia Civil \/ Divulga\u00e7\u00e3o)<\/em><br \/>\n<\/br><\/p>\n<p><img decoding=\"async\" src=\"http:\/\/aconteceunovale.com.br\/portal\/wp-content\/uploads\/2016\/07\/caminhao_vereador_1.jpg\" alt=\"\" \/><em>Caminh\u00e3o foi roubado em C\u00e2ndido Sales\/BA (Foto: Pol\u00edcia Civil \/ Divulga\u00e7\u00e3o)<\/em><br \/>\n<\/br><\/p>\n<p><em>(Fonte: G1 Grande Minas \/ Rep\u00f3rter: Valdivan Veloso)<\/em><\/p>\n","protected":false},"excerpt":{"rendered":"<p>A Pol\u00edcia Civil de Pirapora realizou na tarde desta sexta-feira (1\u00ba de julho) a segunda fase da opera\u00e7\u00e3o Pele de Cordeiro, que investiga furtos de materiais agr\u00edcolas em fazendas da regi\u00e3o, e o vereador Ildemar Ant\u00f4nio Alves Cordeiro (PP) foi preso pela segunda vez; ele j\u00e1 havia sido preso na quarta-feira (29\/6), na primeira fase [&hellip;]<\/p>\n","protected":false},"author":1,"featured_media":90849,"comment_status":"open","ping_status":"closed","sticky":false,"template":"","format":"standard","meta":{"amp_status":"","footnotes":""},"categories":[1236],"tags":[1535,102644,18262,102645,1018,102014,102015,102009,102010,254,102016,102017,102012,102647,1811,102643,102011,102013,102008,102646],"class_list":["post-90847","post","type-post","status-publish","format-standard","has-post-thumbnail","hentry","category-norte_de_minas","tag-buritizeiro","tag-caminhao-roubado-em-candido-sales","tag-candido-sales","tag-deoclides-wellington-soares-figueiredo","tag-destaque","tag-ildemar-antonio-alves-cordeiro","tag-ildemar-cordeiro","tag-operacao-pele-de-cordeiro","tag-operacao-pele-de-cordeiro-pirapora","tag-pirapora","tag-prisao-de-ildemar-antonio-alves-cordeiro","tag-prisao-de-ildemar-cordeiro","tag-prisao-de-vereador-de-pirapora","tag-robson-luiz-pereira-braga","tag-sao-romao","tag-segunda-fase-da-operacao-pele-de-cordeiro","tag-vereador-de-pirapora","tag-vereador-de-pirapora-e-preso","tag-vereador-de-pirapora-e-preso-durante-a-operacao-pele-de-cordeiro","tag-vereador-de-pirapora-e-preso-pela-segunda-vez-na-mesma-operacao-da-policia-civil"],"_links":{"self":[{"href":"https:\/\/aconteceunovale.com.br\/portal\/index.php?rest_route=\/wp\/v2\/posts\/90847","targetHints":{"allow":["GET"]}}],"collection":[{"href":"https:\/\/aconteceunovale.com.br\/portal\/index.php?rest_route=\/wp\/v2\/posts"}],"about":[{"href":"https:\/\/aconteceunovale.com.br\/portal\/index.php?rest_route=\/wp\/v2\/types\/post"}],"author":[{"embeddable":true,"href":"https:\/\/aconteceunovale.com.br\/portal\/index.php?rest_route=\/wp\/v2\/users\/1"}],"replies":[{"embeddable":true,"href":"https:\/\/aconteceunovale.com.br\/portal\/index.php?rest_route=%2Fwp%2Fv2%2Fcomments&post=90847"}],"version-history":[{"count":0,"href":"https:\/\/aconteceunovale.com.br\/portal\/index.php?rest_route=\/wp\/v2\/posts\/90847\/revisions"}],"wp:featuredmedia":[{"embeddable":true,"href":"https:\/\/aconteceunovale.com.br\/portal\/index.php?rest_route=\/wp\/v2\/media\/90849"}],"wp:attachment":[{"href":"https:\/\/aconteceunovale.com.br\/portal\/index.php?rest_route=%2Fwp%2Fv2%2Fmedia&parent=90847"}],"wp:term":[{"taxonomy":"category","embeddable":true,"href":"https:\/\/aconteceunovale.com.br\/portal\/index.php?rest_route=%2Fwp%2Fv2%2Fcategories&post=90847"},{"taxonomy":"post_tag","embeddable":true,"href":"https:\/\/aconteceunovale.com.br\/portal\/index.php?rest_route=%2Fwp%2Fv2%2Ftags&post=90847"}],"curies":[{"name":"wp","href":"https:\/\/api.w.org\/{rel}","templated":true}]}}