{"id":90499,"date":"2016-06-29T09:45:16","date_gmt":"2016-06-29T12:45:16","guid":{"rendered":"http:\/\/aconteceunovale.com.br\/portal\/?p=90499"},"modified":"2016-06-29T09:45:16","modified_gmt":"2016-06-29T12:45:16","slug":"sobe-para-41-numero-de-mortos-em-atentado-no-aeroporto-de-istambul","status":"publish","type":"post","link":"https:\/\/aconteceunovale.com.br\/portal\/?p=90499","title":{"rendered":"Sobe para 41 n\u00famero de mortos em atentado no aeroporto de Istambul"},"content":{"rendered":"<p>Subiu para 41 o n\u00famero de mortos no atentado de ontem (28\/6) no Aeroporto de Ataturk, em Istambul, na Turquia. Desse total, pelo menos dez s\u00e3o cidad\u00e3os estrangeiros. O balan\u00e7o foi divulgado nesta quarta (29\/6) pelo governador de Istambul, Vasip Sahin, que informou tamb\u00e9m que o ataque deixou 239 feridos, dos quais 109 j\u00e1 receberam alta hospitalar. O n\u00famero de mortos n\u00e3o inclui os tr\u00eas terroristas que se explodiram durante a a\u00e7\u00e3o e cujos restos mortais j\u00e1 passaram por aut\u00f3psia. Suas identidades ainda n\u00e3o foram divulgadas oficialmente, mas, de acordo com fontes pr\u00f3ximas \u00e0s investiga\u00e7\u00f5es, tratam-se de estrangeiros.<\/p>\n<p>Armados com fuzis kalashnikov, os homens abriram fogo na \u00e1rea de embarque do aeroporto por volta das 22h, no hor\u00e1rio local (14h no Brasil). Pouco depois, durante confronto com a pol\u00edcia, acionaram explosivos presos aos seus corpos. Outras quatro pessoas tamb\u00e9m fariam parte do comando, sendo que tr\u00eas ainda estariam foragidas. Horas depois das explos\u00f5es, a pol\u00edcia prendeu uma mulher suspeita de envolvimento no ataque.<\/p>\n<p><img decoding=\"async\" src=\"http:\/\/aconteceunovale.com.br\/portal\/wp-content\/uploads\/2016\/06\/atentado_istambul.jpg\" alt=\"\" \/><em>Atentado no Aeroporto de Ataturk matou 41 pessoas (OZAN KOSE \/ AFP)<\/em><br \/>\n<\/br><\/p>\n<p><strong>Aeroporto reaberto<\/strong><\/p>\n<p>Por volta das 7h hor\u00e1rio local (23h de ontem, em Bras\u00edlia), o Aeroporto Ataturk foi reaberto, apesar de poucos voos estarem previstos. A informa\u00e7\u00e3o \u00e9 do primeiro-ministro Binali Yildirim, que foi ao local do atentado.<\/p>\n<p>De acordo com informa\u00e7\u00f5es dispon\u00edveis no site do aeroporto, a maioria dos voos continua cancelada ou atrasada. Alguns poucos voos j\u00e1 aterrisaram no local e outros se preparam para decolar, tanto no terminal internacional quanto no de voos dom\u00e9sticos.<\/p>\n<p><strong>Papa<\/strong><\/p>\n<p>&#8220;Ontem [28], em Istambul, foi realizado um brutal ataque terrorista, que matou e feriu muitas pessoas. Oremos pelas v\u00edtimas, pelos familiares e pelo caro povo turco. Que o Senhor converta o cora\u00e7\u00e3o dos violentos e sustente os nossos passos rumo \u00e0 paz&#8221;, afirmou o papa Francisco nesta quarta-feira, ap\u00f3s uma cerim\u00f4nia no Vaticano.<\/p>\n<p>Nos \u00faltimos dias, o Pont\u00edfice voltou a se envolver em pol\u00eamica com a Turquia por conta do seu reconhecimento do genoc\u00eddio\u00a0arm\u00eanio cometido pelo Imp\u00e9rio Otomano um s\u00e9culo atr\u00e1s, crime que \u00e9 negado at\u00e9 hoje por Ancara.<\/p>\n<p><strong>Autoria<\/strong><\/p>\n<p>At\u00e9 o momento, ningu\u00e9m reivindicou o atentado no Aeroporto de Istambul at\u00e9 o momento, mas as principais suspeitas recaem sobre o grupo jihadista Estado Isl\u00e2mico (EI), j\u00e1 que a Turquia integra a coaliz\u00e3o internacional que combate a mil\u00edcia no Oriente M\u00e9dio. No entanto, n\u00e3o est\u00e1 descartada a hip\u00f3tese de uma a\u00e7\u00e3o de separatistas curdos.<\/p>\n<p>O ataque acontece no momento em que o pa\u00eds tentava normalizar suas rela\u00e7\u00f5es com a R\u00fassia, abaladas por conta do\u00a0abatimento de um ca\u00e7a\u00a0na fronteira com a S\u00edria, e com Israel.<\/p>\n<p>(Ag\u00eancia Ansa)<\/p>\n","protected":false},"excerpt":{"rendered":"<p>Subiu para 41 o n\u00famero de mortos no atentado de ontem (28\/6) no Aeroporto de Ataturk, em Istambul, na Turquia. Desse total, pelo menos dez s\u00e3o cidad\u00e3os estrangeiros. O balan\u00e7o foi divulgado nesta quarta (29\/6) pelo governador de Istambul, Vasip Sahin, que informou tamb\u00e9m que o ataque deixou 239 feridos, dos quais 109 j\u00e1 receberam [&hellip;]<\/p>\n","protected":false},"author":1,"featured_media":90500,"comment_status":"open","ping_status":"closed","sticky":false,"template":"","format":"standard","meta":{"amp_status":"","footnotes":""},"categories":[28848],"tags":[69397,101933,101932,94097,101945,101936,101934,101943,101931,101946,101937,101941,101944,15226,101938,101935,101940,101930,101942,46271,101939],"class_list":["post-90499","post","type-post","status-publish","format-standard","has-post-thumbnail","hentry","category-mundo","tag-aeroporto","tag-aeroporto-de-ataturk","tag-aeroporto-de-istambul","tag-atentado","tag-atentado-dhmi-ataturk-havalimani","tag-atentado-istambul","tag-atentado-no-aeroporto-de-ataturk","tag-atentado-no-aeroporto-de-ataturk-matou-41-pessoas","tag-atentado-no-aeroporto-de-istambul","tag-atentado-suicida-dhmi-ataturk-havalimani","tag-atentado-turquia","tag-binali-yildirim","tag-dhmi-ataturk-havalimani","tag-estado-islamico","tag-governador-de-istambul","tag-istambul","tag-kalashnikov","tag-sobe-para-41-numero-de-mortos-em-atentado-no-aeroporto-de-istambul","tag-terrorismo","tag-turquia","tag-vasip-sahin"],"_links":{"self":[{"href":"https:\/\/aconteceunovale.com.br\/portal\/index.php?rest_route=\/wp\/v2\/posts\/90499","targetHints":{"allow":["GET"]}}],"collection":[{"href":"https:\/\/aconteceunovale.com.br\/portal\/index.php?rest_route=\/wp\/v2\/posts"}],"about":[{"href":"https:\/\/aconteceunovale.com.br\/portal\/index.php?rest_route=\/wp\/v2\/types\/post"}],"author":[{"embeddable":true,"href":"https:\/\/aconteceunovale.com.br\/portal\/index.php?rest_route=\/wp\/v2\/users\/1"}],"replies":[{"embeddable":true,"href":"https:\/\/aconteceunovale.com.br\/portal\/index.php?rest_route=%2Fwp%2Fv2%2Fcomments&post=90499"}],"version-history":[{"count":0,"href":"https:\/\/aconteceunovale.com.br\/portal\/index.php?rest_route=\/wp\/v2\/posts\/90499\/revisions"}],"wp:featuredmedia":[{"embeddable":true,"href":"https:\/\/aconteceunovale.com.br\/portal\/index.php?rest_route=\/wp\/v2\/media\/90500"}],"wp:attachment":[{"href":"https:\/\/aconteceunovale.com.br\/portal\/index.php?rest_route=%2Fwp%2Fv2%2Fmedia&parent=90499"}],"wp:term":[{"taxonomy":"category","embeddable":true,"href":"https:\/\/aconteceunovale.com.br\/portal\/index.php?rest_route=%2Fwp%2Fv2%2Fcategories&post=90499"},{"taxonomy":"post_tag","embeddable":true,"href":"https:\/\/aconteceunovale.com.br\/portal\/index.php?rest_route=%2Fwp%2Fv2%2Ftags&post=90499"}],"curies":[{"name":"wp","href":"https:\/\/api.w.org\/{rel}","templated":true}]}}