{"id":90422,"date":"2016-06-28T17:56:07","date_gmt":"2016-06-28T20:56:07","guid":{"rendered":"http:\/\/aconteceunovale.com.br\/portal\/?p=90422"},"modified":"2016-06-28T17:56:07","modified_gmt":"2016-06-28T20:56:07","slug":"quase-70-milhoes-de-criancas-morrerao-ate-2030-se-o-mundo-nao-agir-diz-unicef","status":"publish","type":"post","link":"https:\/\/aconteceunovale.com.br\/portal\/?p=90422","title":{"rendered":"Quase 70 milh\u00f5es de crian\u00e7as morrer\u00e3o at\u00e9 2030 se o mundo n\u00e3o agir, diz Unicef"},"content":{"rendered":"<p>Quase 70 milh\u00f5es de crian\u00e7as morrer\u00e3o antes dos cinco anos at\u00e9 2030 e 167 milh\u00f5es viver\u00e3o em pobreza extrema nesse ano se a comunidade internacional n\u00e3o investir j\u00e1 nas mais crian\u00e7as pobres, alertou hoje (28\/6) o Fundo das Na\u00e7\u00f5es Unidas para a Inf\u00e2ncia &#8211; Unicef.<\/p>\n<p>Intitulado \u201cUma oportunidade justa para todas as crian\u00e7as\u201d, o relat\u00f3rio anual do Unicef revela que, embora o mundo tenha registado progressos na inf\u00e2ncia, essas melhorias n\u00e3o foram uniformes e as desigualdades marcam a vida de milh\u00f5es de crian\u00e7as.<\/p>\n<p>\u201cQuando olhamos para o mundo de hoje, somos confrontados com uma verdade desconfort\u00e1vel, mas ineg\u00e1vel: As vidas de milh\u00f5es de crian\u00e7as s\u00e3o arruinadas pelo simples fato de terem nascido num determinado pa\u00eds, comunidade, g\u00eanero ou circunst\u00e2ncia\u201d, escreve o diretor-geral da organiza\u00e7\u00e3o, Anthony Lake, no pref\u00e1cio do relat\u00f3rio.<\/p>\n<p>Para ele, \u201cagora \u00e9 o momento de agir\u201d porque, se o mundo n\u00e3o acelerar o ritmo de progresso, 69 milh\u00f5es de crian\u00e7as morrer\u00e3o, em sua maioria de causas evit\u00e1veis, antes de completarem cinco anos, at\u00e9 2030, o ano em que terminam os Objetivos de Desenvolvimento Sustent\u00e1veis, definidos no ano passado.<\/p>\n<p><strong>\u00c1frica<\/strong><\/p>\n<p>Nesse mesmo ano, as crian\u00e7as da \u00c1frica subsaariana ter\u00e3o 10 vezes mais probabilidade de morrer antes dos cinco anos do que as dos pa\u00edses ricos e nove em cada dez crian\u00e7as a viver em pobreza extrema estar\u00e3o naquela \u00e1rea, alertou Anthony Lake.<\/p>\n<p>Se nada for feito, mais de 60 milh\u00f5es de crian\u00e7as em idade escolar estar\u00e3o fora da escola e cerca de 750 milh\u00f5es de mulheres ter\u00e3o sido casadas na inf\u00e2ncia.<\/p>\n<p>O diretor-geral da Unicef sublinha que o futuro n\u00e3o tem de ser t\u00e3o sombrio e lembra que muitos dos constrangimentos que impedem o mundo de ajudar estas crian\u00e7as n\u00e3o s\u00e3o t\u00e9cnicos.<\/p>\n<p>\u201cS\u00e3o uma quest\u00e3o de compromisso pol\u00edtico. S\u00e3o uma quest\u00e3o de recursos. E s\u00e3o uma quest\u00e3o de vontade coletiva\u201d, alertou.<\/p>\n<p>O relat\u00f3rio revela que investir nas crian\u00e7as mais vulner\u00e1veis pode produzir benef\u00edcios imediatos e a longo prazo, tanto para as pr\u00f3prias crian\u00e7as como para a sociedade.<\/p>\n<p>Segundo o documento, cada ano adicional de escolaridade que uma crian\u00e7a frequenta se traduz em um aumento de cerca de 10% dos rendimentos que aufere na idade adulta e, por cada ano adicional de escolaridade que os jovens de um pa\u00eds completam, as taxas de pobreza diminuem cerca de 9%.<\/p>\n<p>\u201cMais do que nunca, devemos reconhecer que o desenvolvimento s\u00f3 \u00e9 sustent\u00e1vel se puder ser continuado \u2013 sustentado \u2013 pelas gera\u00e7\u00f5es futuras\u201d, escreveu Anthony Lake.<\/p>\n<p>E exemplifica: \u201cQuando ajudamos um menino a ter acesso aos medicamentos e nutri\u00e7\u00e3o de que precisa para crescer saud\u00e1vel e forte, n\u00e3o s\u00f3 aumentamos as suas hip\u00f3teses na vida, como reduzimos os custos sociais e econ\u00f4micos associados \u00e0 doen\u00e7a e \u00e0 fraca produtividade\u201d.<\/p>\n<p>O pref\u00e1cio do diretor-geral termina com um apelo: \u201cN\u00f3s conseguimos. A injusti\u00e7a n\u00e3o \u00e9 inevit\u00e1vel. A desigualdade \u00e9 uma escolha. Promover a equidade \u2013 uma oportunidade justa para cada crian\u00e7a, para todas as crian\u00e7as \u2013 tamb\u00e9m \u00e9 uma escolha. Uma escolha que podemos fazer e devemos fazer. Pelo seu futuro, e pelo futuro do nosso mundo\u201d. (Ag\u00eancia Lusa)<\/p>\n","protected":false},"excerpt":{"rendered":"<p>Quase 70 milh\u00f5es de crian\u00e7as morrer\u00e3o antes dos cinco anos at\u00e9 2030 e 167 milh\u00f5es viver\u00e3o em pobreza extrema nesse ano se a comunidade internacional n\u00e3o investir j\u00e1 nas mais crian\u00e7as pobres, alertou hoje (28\/6) o Fundo das Na\u00e7\u00f5es Unidas para a Inf\u00e2ncia &#8211; Unicef. Intitulado \u201cUma oportunidade justa para todas as crian\u00e7as\u201d, o relat\u00f3rio [&hellip;]<\/p>\n","protected":false},"author":1,"featured_media":90423,"comment_status":"open","ping_status":"closed","sticky":false,"template":"","format":"standard","meta":{"amp_status":"","footnotes":""},"categories":[28848],"tags":[43145,101746,21230,101748,101745,33341,65536,101744,101747,431],"class_list":["post-90422","post","type-post","status-publish","format-standard","has-post-thumbnail","hentry","category-mundo","tag-alerta","tag-anthony-lake","tag-criancas","tag-diz-unicef","tag-fundo-das-nacoes-unidas-para-a-infancia-unicef","tag-mortes","tag-pobreza-extrema","tag-quase-70-milhoes-de-criancas-morrerao-antes-dos-cinco-anos-ate-2030-e-167-milhoes-viverao-em-pobreza-extrema","tag-quase-70-milhoes-de-criancas-morrerao-ate-2030-se-o-mundo-nao-agir","tag-unicef"],"_links":{"self":[{"href":"https:\/\/aconteceunovale.com.br\/portal\/index.php?rest_route=\/wp\/v2\/posts\/90422","targetHints":{"allow":["GET"]}}],"collection":[{"href":"https:\/\/aconteceunovale.com.br\/portal\/index.php?rest_route=\/wp\/v2\/posts"}],"about":[{"href":"https:\/\/aconteceunovale.com.br\/portal\/index.php?rest_route=\/wp\/v2\/types\/post"}],"author":[{"embeddable":true,"href":"https:\/\/aconteceunovale.com.br\/portal\/index.php?rest_route=\/wp\/v2\/users\/1"}],"replies":[{"embeddable":true,"href":"https:\/\/aconteceunovale.com.br\/portal\/index.php?rest_route=%2Fwp%2Fv2%2Fcomments&post=90422"}],"version-history":[{"count":0,"href":"https:\/\/aconteceunovale.com.br\/portal\/index.php?rest_route=\/wp\/v2\/posts\/90422\/revisions"}],"wp:featuredmedia":[{"embeddable":true,"href":"https:\/\/aconteceunovale.com.br\/portal\/index.php?rest_route=\/wp\/v2\/media\/90423"}],"wp:attachment":[{"href":"https:\/\/aconteceunovale.com.br\/portal\/index.php?rest_route=%2Fwp%2Fv2%2Fmedia&parent=90422"}],"wp:term":[{"taxonomy":"category","embeddable":true,"href":"https:\/\/aconteceunovale.com.br\/portal\/index.php?rest_route=%2Fwp%2Fv2%2Fcategories&post=90422"},{"taxonomy":"post_tag","embeddable":true,"href":"https:\/\/aconteceunovale.com.br\/portal\/index.php?rest_route=%2Fwp%2Fv2%2Ftags&post=90422"}],"curies":[{"name":"wp","href":"https:\/\/api.w.org\/{rel}","templated":true}]}}