{"id":90382,"date":"2016-06-27T23:13:45","date_gmt":"2016-06-28T02:13:45","guid":{"rendered":"http:\/\/aconteceunovale.com.br\/portal\/?p=90382"},"modified":"2016-06-27T23:13:45","modified_gmt":"2016-06-28T02:13:45","slug":"aracuai-tem-fim-de-semana-violento-com-assaltos-e-atentados-contra-a-vida","status":"publish","type":"post","link":"https:\/\/aconteceunovale.com.br\/portal\/?p=90382","title":{"rendered":"Ara\u00e7ua\u00ed tem fim de semana violento com assaltos e atentados contra a vida"},"content":{"rendered":"<p>Ara\u00e7ua\u00ed, no Vale do Jequitinhonha, est\u00e1 se transformando em uma das cidades mais violentas da regi\u00e3o. Uma onda de crimes se instalou nos \u00faltimos meses e praticamente todos os dias, a Pol\u00edcia Militar (PM) registra ocorr\u00eancias de atos violentos.<\/p>\n<p>No  ultimo fim de semana foram registrados cinco assaltos, um homic\u00eddio e uma tentativa de homic\u00eddio. Ningu\u00e9m foi preso.<\/p>\n<p>Na noite de sexta-feira (24\/6), um homem de 51 anos foi assaltado quando transitava pela Rua Uberaba, no bairro Arraial. Dois homens, usando uma moto, roubaram dele a carteira com documentos e R$ 180.<\/p>\n<p>No mesmo hor\u00e1rio, uma distribuidora de g\u00e1s tamb\u00e9m era assaltada, no bairro Nova Terra. O criminoso, usando capacete, invadiu o escrit\u00f3rio da empresa e de posse de um rev\u00f3lver, anunciou o assalto, levando uma bolsa com R$ 10 mil reais e chaves da casa de um dos funcion\u00e1rios. Ele fugiu \u00e0 p\u00e9 e se encontrou com um comparsa que o esperava em uma moto nas proximidades.<\/p>\n<p>No s\u00e1bado, 25 de junho, por volta das 19h40, uma funcion\u00e1ria de uma padaria no Alto do Mercado foi surpreendida por um homem, quando ela se preparava para fechar o estabelecimento. Utilizando um rev\u00f3lver, ele rendeu a v\u00edtima e outros funcion\u00e1rios que estavam no local e anunciou o assalto, levando do caixa R$ 500 reais.<\/p>\n<p>De acordo com a ocorr\u00eancia policial, as v\u00edtimas n\u00e3o ofereceram resist\u00eancia e mesmo assim, uma delas foi agredida com uma coronhada no bra\u00e7o. O assaltante fugiu na garupa de uma moto, com outro comparsa, rumo \u00e0 BR-367.<\/p>\n<p>Ainda na noite de s\u00e1bado, por volta das 19 horas, um homem foi assaltado e espancado na comunidade de Baixa Quente, zona rural do munic\u00edpio. Ele contou que seguia para casa quando nas proximidades da escola do lugar, foi abordado por dois elementos armados com rev\u00f3lveres e montados em uma moto.<\/p>\n<p>Os bandidos roubaram a pochete dele, contendo R$ 150 reais, e ainda o espancaram sem nenhum motivo aparente. O homem sofreu ferimentos na cabe\u00e7a e clav\u00edcula e hematomas no olho esquerdo. Ele foi atendido no hospital da cidade e n\u00e3o corre risco de morte.<\/p>\n<p>Aos policiais, a v\u00edtima relatou que n\u00e3o foi poss\u00edvel reconhecer os autores e nem as caracter\u00edsticas da moto usada por eles, porque o local estava escuro.<\/p>\n<p><strong>Tentativa de homic\u00eddio<\/strong><\/p>\n<p>Na madrugada de domingo (26\/6), por volta das 4 horas, ainda na Comunidade da Baixa Quente, um rapaz de 26 anos, sofreu uma tentativa de homic\u00eddio. Ele relatou aos policiais que compareceram na localidade, que estava com um grupo de quatro amigos nas proximidades do campo de futebol. Que em determinado momento, um casal se aproximou, e a mulher come\u00e7ou a conversar com um deles.<\/p>\n<p>Enciumado, o marido dela, de 36 anos, sacou um rev\u00f3lver e atirou contra ele que foi alvejado na regi\u00e3o lombar, pesco\u00e7o e face. O jovem foi levado para o hospital da cidade e seu estado de sa\u00fade \u00e9 est\u00e1vel.<\/p>\n<p>No hospital ele revelou para os policiais que conhece o autor do crime, mas que nunca teve qualquer desaven\u00e7a com ele.<\/p>\n<p>A PM esteve na comunidade para checar a hist\u00f3ria, mas n\u00e3o localizou nem as testemunhas e nem o autor dos tiros.<\/p>\n<p><strong>Mais assaltos<\/strong><\/p>\n<p>Na noite de domingo, por volta das 21 horas, um posto de combust\u00edveis, localizado na Rua Benjamim Constant, no bairro Esplanada, tamb\u00e9m foi assaltado. O frentista, de 39 anos, contou que um homem de estatura mediana, usando uma blusa moletom escura e com o rosto encoberto por um pano, apontou o rev\u00f3lver para ele e anunciou o assalto, levando do caixa R$ 100.<\/p>\n<p>Minutos antes, o mesmo assaltante invadiu uma mercearia nas proximidades do posto, e obrigou o propriet\u00e1rio, de 56 anos, a entregar-lhe todo o dinheiro do caixa, cerca de R$ 120, fugindo em seguida rumo ao posto.<\/p>\n<p><strong>Homic\u00eddio<\/strong><\/p>\n<p>Na noite de quinta-feira, 23 de junho, no bairro Canoeiro (Mutir\u00e3o), um rapaz de 21 anos foi morto com 15 tiros.  A motiva\u00e7\u00e3o e autoria do crime s\u00e3o desconhecidas. <\/p>\n<p><strong>Sem solu\u00e7\u00e3o<\/strong><\/p>\n<p>No ano passado, uma audi\u00eancia p\u00fablica da Comiss\u00e3o de Seguran\u00e7a da Assembleia Legislativa de Minas Gerais discutiu o tema viol\u00eancia com a comunidade, durante encontro realizado na C\u00e2mara de Vereadores.<\/p>\n<p>Pouca coisa mudou e praticamente nenhuma a\u00e7\u00e3o efetiva foi tomada para o controle da viol\u00eancia na cidade. Das a\u00e7\u00f5es discutidas, foi nomeado apenas um delegado, dos dois que a cidade comporta, e mudan\u00e7a no Comando da Pol\u00edcia Militar, que em Ara\u00e7ua\u00ed, foi elevada a Companhia Militar.<\/p>\n<p>De l\u00e1 para c\u00e1, cresceram os furtos de motocicletas, de celulares, al\u00e9m de assaltos em vias p\u00fablicas e a estabelecimentos. Mesmo com efetivo pequeno, a PM conseguiu solucionar alguns casos com a apreens\u00e3o de ve\u00edculos e pris\u00e3o de suspeitos.<\/p>\n<p>Nesta segunda-feira (27\/6) a Pol\u00edcia Militar, atrav\u00e9s do departamento de Comunica\u00e7\u00e3o da Companhia, informou que ainda n\u00e3o possui um plano tra\u00e7ado para enfrentar o problema da viol\u00eancia que eclodiu na cidade nas \u00faltimas semanas. Faltam viaturas e policiais.<\/p>\n<p>&#8220;Vamos nos reunir ainda hoje com o Comandante da Companhia para elaborar a\u00e7\u00f5es de repress\u00e3o e combate ao crime&#8221;, informou o Sargento Ernani Martins, do departamento de Comunica\u00e7\u00e3o.<\/p>\n<p><em>(Gazeta de Ara\u00e7ua\u00ed)<\/em><\/p>\n","protected":false},"excerpt":{"rendered":"<p>Ara\u00e7ua\u00ed, no Vale do Jequitinhonha, est\u00e1 se transformando em uma das cidades mais violentas da regi\u00e3o. Uma onda de crimes se instalou nos \u00faltimos meses e praticamente todos os dias, a Pol\u00edcia Militar (PM) registra ocorr\u00eancias de atos violentos. No ultimo fim de semana foram registrados cinco assaltos, um homic\u00eddio e uma tentativa de homic\u00eddio. [&hellip;]<\/p>\n","protected":false},"author":1,"featured_media":66546,"comment_status":"open","ping_status":"closed","sticky":false,"template":"","format":"standard","meta":{"amp_status":"","footnotes":""},"categories":[120],"tags":[186,101640,42102,101641,45183,82270,81075],"class_list":["post-90382","post","type-post","status-publish","format-standard","has-post-thumbnail","hentry","category-jequi","tag-aracuai","tag-aracuai-tem-fim-de-semana-violento-com-assaltos-e-atentados-contra-a-vida","tag-assaltos-aracuai","tag-aumento-da-violencia-em-aracuai","tag-homicidio-aracuai","tag-roubos-aracuai","tag-violencia-aracuai"],"_links":{"self":[{"href":"https:\/\/aconteceunovale.com.br\/portal\/index.php?rest_route=\/wp\/v2\/posts\/90382","targetHints":{"allow":["GET"]}}],"collection":[{"href":"https:\/\/aconteceunovale.com.br\/portal\/index.php?rest_route=\/wp\/v2\/posts"}],"about":[{"href":"https:\/\/aconteceunovale.com.br\/portal\/index.php?rest_route=\/wp\/v2\/types\/post"}],"author":[{"embeddable":true,"href":"https:\/\/aconteceunovale.com.br\/portal\/index.php?rest_route=\/wp\/v2\/users\/1"}],"replies":[{"embeddable":true,"href":"https:\/\/aconteceunovale.com.br\/portal\/index.php?rest_route=%2Fwp%2Fv2%2Fcomments&post=90382"}],"version-history":[{"count":0,"href":"https:\/\/aconteceunovale.com.br\/portal\/index.php?rest_route=\/wp\/v2\/posts\/90382\/revisions"}],"wp:featuredmedia":[{"embeddable":true,"href":"https:\/\/aconteceunovale.com.br\/portal\/index.php?rest_route=\/wp\/v2\/media\/66546"}],"wp:attachment":[{"href":"https:\/\/aconteceunovale.com.br\/portal\/index.php?rest_route=%2Fwp%2Fv2%2Fmedia&parent=90382"}],"wp:term":[{"taxonomy":"category","embeddable":true,"href":"https:\/\/aconteceunovale.com.br\/portal\/index.php?rest_route=%2Fwp%2Fv2%2Fcategories&post=90382"},{"taxonomy":"post_tag","embeddable":true,"href":"https:\/\/aconteceunovale.com.br\/portal\/index.php?rest_route=%2Fwp%2Fv2%2Ftags&post=90382"}],"curies":[{"name":"wp","href":"https:\/\/api.w.org\/{rel}","templated":true}]}}