{"id":90379,"date":"2016-06-27T20:18:47","date_gmt":"2016-06-27T23:18:47","guid":{"rendered":"http:\/\/aconteceunovale.com.br\/portal\/?p=90379"},"modified":"2016-06-27T20:18:47","modified_gmt":"2016-06-27T23:18:47","slug":"delegado-suspeito-de-corrupcao-se-entrega-a-policia-na-capital","status":"publish","type":"post","link":"https:\/\/aconteceunovale.com.br\/portal\/?p=90379","title":{"rendered":"Delegado suspeito de corrup\u00e7\u00e3o se entrega \u00e0 pol\u00edcia na Capital"},"content":{"rendered":"<p>O delegado Bernardo Pena Salles se entregou no in\u00edcio da tarde desta segunda-feira, 27 de junho, \u00e0 Corregedoria-Geral da Pol\u00edcia Civil em Belo Horizonte. Ele estava com um mandado de pris\u00e3o em aberto e \u00e9 suspeito de pedir propinas para quadrilhas envolvidas com roubos de cargas, al\u00e9m de compra, venda e recepta\u00e7\u00e3o de ve\u00edculo, corrup\u00e7\u00e3o passiva, corrup\u00e7\u00e3o ativa, concuss\u00e3o, falsidade ideol\u00f3gica, lavagem de dinheiro e organiza\u00e7\u00e3o criminosa.<\/p>\n<p>O policial, que estava foragido, foi levado para o Instituto M\u00e9dico Legal (IML) onde passou por exames de corpo de delito. Em seguida, foi  encaminhado para a Casa do Policial Civil, no Bairro Horto, Regi\u00e3o Leste de Belo Horizonte, onde permanecer\u00e1 preso.<\/p>\n<p>As investiga\u00e7\u00f5es sobre os crimes est\u00e3o sendo conduzidas pelo Minist\u00e9rio P\u00fablico de Minas Gerais (MPMG) e Pol\u00edcia Civil.<\/p>\n<p>Na quinta-feira (23\/6) foi realizada a primeira fase da opera\u00e7\u00e3o Serendipe, para apurar a participa\u00e7\u00e3o de policiais civis e moradores de Uberl\u00e2ndia, na Regi\u00e3o do Tri\u00e2ngulo mineiro, em extors\u00e3o, corrup\u00e7\u00e3o passiva, corrup\u00e7\u00e3o ativa, concuss\u00e3o, falsidade ideol\u00f3gica, lavagem de dinheiro e organiza\u00e7\u00e3o criminosa. <\/p>\n<p>Durante a a\u00e7\u00e3o, foram cumpridos 20 mandados de pris\u00e3o preventiva contra o  delegado Bernardo Pena Salles, que estava lotado em Governador Valadares, na Regi\u00e3o do Rio Doce, cinco investigadores de Pol\u00edcia lotados em Uberl\u00e2ndia e dois moradores daquela cidade. Cinco deles foram presos no dia.<\/p>\n<p>O delegado que dias antes havia recebido t\u00edtulo de Cidad\u00e3o Honor\u00e1rio concedido pela C\u00e2mara de Ara\u00e7ua\u00ed, estava naquela cidade do Vale do Jequitinhonha quando foi decretada a pris\u00e3o dele. Pena Salles j\u00e1 havia atuado nas delegacias de Pedra Azul e Ara\u00e7ua\u00ed e ap\u00f3s duras cr\u00edticas com rela\u00e7\u00e3o ao trabalho desempenhado por ele no combate \u00e0 criminalidade, foi transferido para Uberl\u00e2ndia e depois para Governador Valadares.<\/p>\n<p>Outros dois investigadores envolvidos no esc\u00e2ndalo, seguem foragidos. O caso come\u00e7ou a ser investigado durante duas opera\u00e7\u00f5es realizadas em novembro de 2015, para apurar duas organiza\u00e7\u00f5es criminosas envolvidas com os crimes de roubo e desvio de cargas e caminh\u00f5es, al\u00e9m de roubo, compra, venda e recepta\u00e7\u00e3o de ve\u00edculos.<\/p>\n<p>Segundo o Minist\u00e9rio P\u00fablico, o delegado e os outros policiais s\u00e3o suspeitos de pedir propina para os integrantes das organiza\u00e7\u00f5es criminosas.<\/p>\n<p>A opera\u00e7\u00e3o contou com a participa\u00e7\u00e3o de quatro promotores de Justi\u00e7a, cinco delegados e 29 investigadores da Corregedoria-Geral da Pol\u00edcia Civil de Minas Gerais.<\/p>\n<p>&#8220;Caso fique comprovado o envolvimento dos policiais nos atos il\u00edcitos, ser\u00e3o adotadas medidas disciplinares que poder\u00e3o resultar at\u00e9 em demiss\u00e3o dos mesmos&#8221;, diz nota da Pol\u00edcia Civil.<\/p>\n<p><img decoding=\"async\" src=\"http:\/\/aconteceunovale.com.br\/portal\/wp-content\/uploads\/2016\/06\/delegado_pena.jpg\" alt=\"\" \/><em>Bernardo Pena Salles se entregou nesta segunda-feira (Foto: Divulga\u00e7\u00e3o)<\/em><br \/>\n<\/br><\/p>\n<p><em>(Fonte: Estado de Minas \/ Gazeta de Ara\u00e7ua\u00ed)<\/em><\/p>\n","protected":false},"excerpt":{"rendered":"<p>O delegado Bernardo Pena Salles se entregou no in\u00edcio da tarde desta segunda-feira, 27 de junho, \u00e0 Corregedoria-Geral da Pol\u00edcia Civil em Belo Horizonte. Ele estava com um mandado de pris\u00e3o em aberto e \u00e9 suspeito de pedir propinas para quadrilhas envolvidas com roubos de cargas, al\u00e9m de compra, venda e recepta\u00e7\u00e3o de ve\u00edculo, corrup\u00e7\u00e3o [&hellip;]<\/p>\n","protected":false},"author":1,"featured_media":90380,"comment_status":"open","ping_status":"closed","sticky":false,"template":"","format":"standard","meta":{"amp_status":"","footnotes":""},"categories":[121,123,120],"tags":[186,50338,100875,100884,100878,101186,101188,101187,101189,101185,101639,1018,100881,100883,247,100885,100886,101184,100874,100876,100877,100880,100879,100882,221],"class_list":["post-90379","post","type-post","status-publish","format-standard","has-post-thumbnail","hentry","category-leste","category-gerais","category-jequi","tag-aracuai","tag-bernardo-pena-salles","tag-corrupcao-policia-civil-uberlandia","tag-daniel-marotta-martinez","tag-delegado-bernardo-pena-salles-e-preso","tag-delegado-que-atuou-em-aracuai-e-considerado-foragido","tag-delegado-que-atuou-em-governador-valadares-e-considerado-foragido","tag-delegado-que-atuou-em-pedra-azul-e-considerado-foragido","tag-delegado-que-atuou-em-uberlandia-e-considerado-foragido","tag-delegado-que-atuou-no-vale-do-jequitinhonha-e-considerado-foragido","tag-delegado-suspeito-de-corrupcao-se-entrega-a-policia-na-capital","tag-destaque","tag-fabricio-rocha-santos","tag-fernando-rodrigues-silva","tag-governador-valadares","tag-operacao-catira","tag-operacao-fideliza","tag-operacao-serendipe","tag-policiais-civis-suspeitos-de-corrupcao-em-minas-gerais-sao-presos-em-operacao-do-mp","tag-presos-policia-civil-uberlandia","tag-prisao-delegado-bernardo-pena-salles","tag-rodolfo-cardoso-ribeiro","tag-rodrigo-luiz-felix-borges","tag-rogerio-bonfim-de-almeida","tag-uberlandia"],"_links":{"self":[{"href":"https:\/\/aconteceunovale.com.br\/portal\/index.php?rest_route=\/wp\/v2\/posts\/90379","targetHints":{"allow":["GET"]}}],"collection":[{"href":"https:\/\/aconteceunovale.com.br\/portal\/index.php?rest_route=\/wp\/v2\/posts"}],"about":[{"href":"https:\/\/aconteceunovale.com.br\/portal\/index.php?rest_route=\/wp\/v2\/types\/post"}],"author":[{"embeddable":true,"href":"https:\/\/aconteceunovale.com.br\/portal\/index.php?rest_route=\/wp\/v2\/users\/1"}],"replies":[{"embeddable":true,"href":"https:\/\/aconteceunovale.com.br\/portal\/index.php?rest_route=%2Fwp%2Fv2%2Fcomments&post=90379"}],"version-history":[{"count":0,"href":"https:\/\/aconteceunovale.com.br\/portal\/index.php?rest_route=\/wp\/v2\/posts\/90379\/revisions"}],"wp:featuredmedia":[{"embeddable":true,"href":"https:\/\/aconteceunovale.com.br\/portal\/index.php?rest_route=\/wp\/v2\/media\/90380"}],"wp:attachment":[{"href":"https:\/\/aconteceunovale.com.br\/portal\/index.php?rest_route=%2Fwp%2Fv2%2Fmedia&parent=90379"}],"wp:term":[{"taxonomy":"category","embeddable":true,"href":"https:\/\/aconteceunovale.com.br\/portal\/index.php?rest_route=%2Fwp%2Fv2%2Fcategories&post=90379"},{"taxonomy":"post_tag","embeddable":true,"href":"https:\/\/aconteceunovale.com.br\/portal\/index.php?rest_route=%2Fwp%2Fv2%2Ftags&post=90379"}],"curies":[{"name":"wp","href":"https:\/\/api.w.org\/{rel}","templated":true}]}}