{"id":90292,"date":"2016-06-26T20:28:30","date_gmt":"2016-06-26T23:28:30","guid":{"rendered":"http:\/\/aconteceunovale.com.br\/portal\/?p=90292"},"modified":"2016-06-26T20:28:30","modified_gmt":"2016-06-26T23:28:30","slug":"policia-recupera-carga-de-moveis-roubada-na-br-251-no-norte-de-minas","status":"publish","type":"post","link":"https:\/\/aconteceunovale.com.br\/portal\/?p=90292","title":{"rendered":"Pol\u00edcia recupera carga de m\u00f3veis roubada na BR-251, no Norte de Minas"},"content":{"rendered":"<p>A Pol\u00edcia Rodovi\u00e1ria Federal (PRF) e Pol\u00edcia Militar (PM) de Gr\u00e3o Mogol localizaram neste s\u00e1bado (25\/6) uma carga de m\u00f3veis que havia sido roubada na BR-251, no Norte de Minas. Segundo a PRF, o crime ocorreu na noite da sexta-feira (24\/6), na Serra de Francisco S\u00e1, no quil\u00f4metro 355.<\/p>\n<p>O motorista, de 35 anos, informou \u00e0 pol\u00edcia que foi interceptado por cerca de seis homens e em seguida levado para uma estrada vicinal. Os criminosos seguiram com a v\u00edtima por alguns quil\u00f4metros e descarregaram todo o caminh\u00e3o com a ajuda de pelo menos mais cinco indiv\u00edduos.<\/p>\n<p>Ap\u00f3s ser acionada, segundo a PRF, a pol\u00edcia analisou dados de rastreamento do caminh\u00e3o e localizou o ponto onde o ve\u00edculo foi descarregado. No local foram encontrados ainda vest\u00edgios de materiais de outros roubos ocorridos na rodovia BR-251.  A PRF informou que nenhum dos autores foi localizado.<\/p>\n<p><img decoding=\"async\" src=\"http:\/\/aconteceunovale.com.br\/portal\/wp-content\/uploads\/2016\/06\/carga_de_moveis.jpg\" alt=\"\" \/><em>Carga foi recuperada no \u00faltimo s\u00e1bado (Foto: PRF\/Divulga\u00e7\u00e3o)<\/em><br \/>\n<\/br><\/p>\n<p><em>(G1 Grande Minas)<\/em><\/p>\n","protected":false},"excerpt":{"rendered":"<p>A Pol\u00edcia Rodovi\u00e1ria Federal (PRF) e Pol\u00edcia Militar (PM) de Gr\u00e3o Mogol localizaram neste s\u00e1bado (25\/6) uma carga de m\u00f3veis que havia sido roubada na BR-251, no Norte de Minas. Segundo a PRF, o crime ocorreu na noite da sexta-feira (24\/6), na Serra de Francisco S\u00e1, no quil\u00f4metro 355. O motorista, de 35 anos, informou [&hellip;]<\/p>\n","protected":false},"author":1,"featured_media":90293,"comment_status":"open","ping_status":"closed","sticky":false,"template":"","format":"standard","meta":{"amp_status":"","footnotes":""},"categories":[1236],"tags":[921,101476,1395,1153,101479,101478,101477,101475,76647],"class_list":["post-90292","post","type-post","status-publish","format-standard","has-post-thumbnail","hentry","category-norte_de_minas","tag-br-251","tag-carga-de-moveis-roubada-na-br-251","tag-francisco-sa","tag-grao-mogol","tag-policia-recupera-carga-de-moveis-roubada-na-br-251","tag-policia-recupera-carga-de-moveis-roubada-na-br-251-em-francisco-sa","tag-policia-recupera-carga-de-moveis-roubada-na-br-251-no-norte-de-minas","tag-roubo-de-carga-de-moveis-na-br-251","tag-roubo-de-carga-na-br-251"],"_links":{"self":[{"href":"https:\/\/aconteceunovale.com.br\/portal\/index.php?rest_route=\/wp\/v2\/posts\/90292","targetHints":{"allow":["GET"]}}],"collection":[{"href":"https:\/\/aconteceunovale.com.br\/portal\/index.php?rest_route=\/wp\/v2\/posts"}],"about":[{"href":"https:\/\/aconteceunovale.com.br\/portal\/index.php?rest_route=\/wp\/v2\/types\/post"}],"author":[{"embeddable":true,"href":"https:\/\/aconteceunovale.com.br\/portal\/index.php?rest_route=\/wp\/v2\/users\/1"}],"replies":[{"embeddable":true,"href":"https:\/\/aconteceunovale.com.br\/portal\/index.php?rest_route=%2Fwp%2Fv2%2Fcomments&post=90292"}],"version-history":[{"count":0,"href":"https:\/\/aconteceunovale.com.br\/portal\/index.php?rest_route=\/wp\/v2\/posts\/90292\/revisions"}],"wp:featuredmedia":[{"embeddable":true,"href":"https:\/\/aconteceunovale.com.br\/portal\/index.php?rest_route=\/wp\/v2\/media\/90293"}],"wp:attachment":[{"href":"https:\/\/aconteceunovale.com.br\/portal\/index.php?rest_route=%2Fwp%2Fv2%2Fmedia&parent=90292"}],"wp:term":[{"taxonomy":"category","embeddable":true,"href":"https:\/\/aconteceunovale.com.br\/portal\/index.php?rest_route=%2Fwp%2Fv2%2Fcategories&post=90292"},{"taxonomy":"post_tag","embeddable":true,"href":"https:\/\/aconteceunovale.com.br\/portal\/index.php?rest_route=%2Fwp%2Fv2%2Ftags&post=90292"}],"curies":[{"name":"wp","href":"https:\/\/api.w.org\/{rel}","templated":true}]}}