{"id":90290,"date":"2016-06-26T20:05:31","date_gmt":"2016-06-26T23:05:31","guid":{"rendered":"http:\/\/aconteceunovale.com.br\/portal\/?p=90290"},"modified":"2016-06-26T20:05:31","modified_gmt":"2016-06-26T23:05:31","slug":"cultivo-do-cafe-conilon-conquista-produtores-do-leste-de-minas-2","status":"publish","type":"post","link":"https:\/\/aconteceunovale.com.br\/portal\/?p=90290","title":{"rendered":"Cultivo do caf\u00e9 conilon conquista produtores do Leste de Minas"},"content":{"rendered":"<p>Antigamente dominada pelo cultivo de caf\u00e9 do tipo ar\u00e1bica, a regi\u00e3o de Itabirinha, no Vale do Rio Doce, tem despontado no cultivo do caf\u00e9 conilon. Importada de outro estado, a variedade tem sido bem aceita pelos mineiros e vem conquistando novos mercados.<\/p>\n<p>\u201cEm fun\u00e7\u00e3o das mudan\u00e7as clim\u00e1ticas e de novas variedades que o estado do Esp\u00edrito Santo vem desenvolvendo, agente nota que grande parte dos produtores est\u00e1 optando pelo caf\u00e9 conilon na regi\u00e3o\u201d, aponta o t\u00e9cnico da Emater-MG, Vanilton Alves.<\/p>\n<p>Essa variedade \u00e9 a principal aposta do cafeicultor Jos\u00e9 Maria de Almeida, que possui cerca de 28 mil p\u00e9s de caf\u00e9, sendo 20 mil deles do tipo conilon, e o restante do tipo ar\u00e1bica. Ele entrou nesse mercado h\u00e1 cerca de dois anos e ele percebe que o produto valorizou mais neste ano, mas ressalta que tamb\u00e9m foi preciso investimento para ter melhores resultados.<\/p>\n<p>\u201cHoje eu falo que o pre\u00e7o t\u00e1 bem melhor. Na verdade n\u00f3s tivemos dois ou tr\u00eas anos de seca, Isso prejudicou muito o agricultor, n\u00e3o s\u00f3 a mim, como toda a regi\u00e3o e inclusive o Esp\u00edrito Santo. Tem gente colhendo caf\u00e9 xoxo, eu tenho uma pequena irriga\u00e7\u00e3o na minha terra pra gente n\u00e3o perder na qualidade do caf\u00e9. Ent\u00e3o estamos colhendo um gr\u00e3o perfeito, de tamanho padr\u00e3o e a perda foi muito pouca\u201d, avalia Jos\u00e9 Maria.<\/p>\n<p>O cafeicultor tem vendido bem nas cidades da regi\u00e3o, e aponta que j\u00e1 venceu cerca de sete a oito mil sacas do caf\u00e9 dele em Belo Horizonte, e o produto foi bem recebido pelos consumidores de l\u00e1. A \u00fanica amea\u00e7a ao desenvolvimento desse mercado \u00e9 uma nova praga que surgiu nas lavouras da regi\u00e3o, para a qual ainda n\u00e3o h\u00e1 produto espec\u00edfico que combata esse mal.<\/p>\n<p>O t\u00e9cnico da Emater d\u00e1 a orienta\u00e7\u00e3o mais adequada at\u00e9 o momento para impedir que a nova praga atrapalhe os neg\u00f3cios: \u201cO que a gente tem recomendado \u00e9 arrancar a parte afetada e queimar. N\u00e3o deixar a broca proliferar na lavoura\u201d, aconselha.<\/p>\n<p><img decoding=\"async\" src=\"http:\/\/aconteceunovale.com.br\/portal\/wp-content\/uploads\/2016\/06\/cafe_conilon.jpg\" alt=\"\" \/><em>Caf\u00e9 conilon conquista produtores do Leste de Minas (Foto: Reprodu\u00e7\u00e3o)<\/em><br \/>\n<\/br><\/p>\n<p><em>(Fonte: G1 Vales de Minas Gerais)<\/em><\/p>\n","protected":false},"excerpt":{"rendered":"<p>Antigamente dominada pelo cultivo de caf\u00e9 do tipo ar\u00e1bica, a regi\u00e3o de Itabirinha, no Vale do Rio Doce, tem despontado no cultivo do caf\u00e9 conilon. Importada de outro estado, a variedade tem sido bem aceita pelos mineiros e vem conquistando novos mercados. \u201cEm fun\u00e7\u00e3o das mudan\u00e7as clim\u00e1ticas e de novas variedades que o estado do [&hellip;]<\/p>\n","protected":false},"author":1,"featured_media":90286,"comment_status":"open","ping_status":"closed","sticky":false,"template":"","format":"standard","meta":{"amp_status":"","footnotes":""},"categories":[121],"tags":[101466,101467,101468,101470,101462,101473,101472,101474,101464,101463,101465,25775,2146,101471,101469],"class_list":["post-90290","post","type-post","status-publish","format-standard","has-post-thumbnail","hentry","category-leste","tag-cafe-conilon","tag-cafe-conilon-itabirinha","tag-cafe-conilon-vale-do-rio-doce","tag-cafeicultor-jose-maria-de-almeida","tag-cultivo-do-cafe-conilon","tag-cultivo-do-cafe-conilon-conquista-produtores-da-regiao-leste-de-minas","tag-cultivo-do-cafe-conilon-conquista-produtores-do-leste-de-minas","tag-cultivo-do-cafe-conilon-conquista-produtores-do-vale-do-rio-doce","tag-cultivo-do-cafe-conilon-em-itabirinha","tag-cultivo-do-cafe-conilon-em-minas-gerais","tag-cultivo-do-cafe-conilon-no-vale-do-rio-doce","tag-emater-mg","tag-itabirinha","tag-jose-maria-de-almeida","tag-vanilton-alves"],"_links":{"self":[{"href":"https:\/\/aconteceunovale.com.br\/portal\/index.php?rest_route=\/wp\/v2\/posts\/90290","targetHints":{"allow":["GET"]}}],"collection":[{"href":"https:\/\/aconteceunovale.com.br\/portal\/index.php?rest_route=\/wp\/v2\/posts"}],"about":[{"href":"https:\/\/aconteceunovale.com.br\/portal\/index.php?rest_route=\/wp\/v2\/types\/post"}],"author":[{"embeddable":true,"href":"https:\/\/aconteceunovale.com.br\/portal\/index.php?rest_route=\/wp\/v2\/users\/1"}],"replies":[{"embeddable":true,"href":"https:\/\/aconteceunovale.com.br\/portal\/index.php?rest_route=%2Fwp%2Fv2%2Fcomments&post=90290"}],"version-history":[{"count":0,"href":"https:\/\/aconteceunovale.com.br\/portal\/index.php?rest_route=\/wp\/v2\/posts\/90290\/revisions"}],"wp:featuredmedia":[{"embeddable":true,"href":"https:\/\/aconteceunovale.com.br\/portal\/index.php?rest_route=\/wp\/v2\/media\/90286"}],"wp:attachment":[{"href":"https:\/\/aconteceunovale.com.br\/portal\/index.php?rest_route=%2Fwp%2Fv2%2Fmedia&parent=90290"}],"wp:term":[{"taxonomy":"category","embeddable":true,"href":"https:\/\/aconteceunovale.com.br\/portal\/index.php?rest_route=%2Fwp%2Fv2%2Fcategories&post=90290"},{"taxonomy":"post_tag","embeddable":true,"href":"https:\/\/aconteceunovale.com.br\/portal\/index.php?rest_route=%2Fwp%2Fv2%2Ftags&post=90290"}],"curies":[{"name":"wp","href":"https:\/\/api.w.org\/{rel}","templated":true}]}}