{"id":90278,"date":"2016-06-26T19:45:34","date_gmt":"2016-06-26T22:45:34","guid":{"rendered":"http:\/\/aconteceunovale.com.br\/portal\/?p=90278"},"modified":"2016-06-26T19:45:34","modified_gmt":"2016-06-26T22:45:34","slug":"funcionarios-da-itapemirim-entram-em-greve-e-passageiros-se-revoltam-em-governador-valadares","status":"publish","type":"post","link":"https:\/\/aconteceunovale.com.br\/portal\/?p=90278","title":{"rendered":"Funcion\u00e1rios da Itapemirim entram em greve e passageiros se revoltam em Governador Valadares"},"content":{"rendered":"<p>A paralisa\u00e7\u00e3o dos 70 trabalhadores da empresa da Via\u00e7\u00e3o Itapemirim continua em Governador Valadares, no Vale do Rio Doce. A categoria parou as atividades na quinta-feira (23\/) e exige o pagamento do sal\u00e1rio, que estaria atrasado, reajuste e adiantamento salarial, f\u00e9rias vencidas, ticket de alimenta\u00e7\u00e3o atrasado e plano de sa\u00fade suspenso. A paralisa\u00e7\u00e3o continuar\u00e1 por tempo indeterminado.<\/p>\n<p>O assistente administrativo do Sindicato dos Trabalhadores da Empresa, Robeir Lopes, explicou que as tentativas de di\u00e1logo acontecem diariamente. \u201cN\u00f3s estamos \u00e0 disposi\u00e7\u00e3o da via\u00e7\u00e3o para uma poss\u00edvel negocia\u00e7\u00e3o. Estamos em busca de uma resposta e um acordo, mas o problema \u00e9 que n\u00e3o existe nenhuma comunica\u00e7\u00e3o. \u00c9 claro que entendemos que toda empresa tem suas dificuldades, por isso pedimos uma posi\u00e7\u00e3o.\u201d<\/p>\n<p>Um dos motoristas da empresa afirmou que os trabalhadores est\u00e3o \u201cpassando aperto\u201d e buscam uma alternativa. \u201cMuitos dos meus amigos motoristas est\u00e3o passando necessidade em casa, a maior parte deles tem fam\u00edlia para cuidar e alimentar. Viagens est\u00e3o sendo deixadas de serem realizadas porque queremos apresentar a nossa realidade, que n\u00e3o \u00e9 nada f\u00e1cil. Talvez assim a Itapemirim se sensibilize. O nosso estado psicol\u00f3gico est\u00e1 abalado devido \u00e0s dificuldades que vivenciamos com a falta do sal\u00e1rio.\u201d<\/p>\n<p><img decoding=\"async\" src=\"http:\/\/aconteceunovale.com.br\/portal\/wp-content\/uploads\/2016\/06\/greve_itapemirim_2.jpg\" alt=\"\" \/><em>Passageiros protestam em Governador Valadares (Foto: Reprodu\u00e7\u00e3o\/WhatsApp)<\/em><br \/>\n<\/br><\/p>\n<p><strong>Manifesta\u00e7\u00e3o<\/strong><\/p>\n<p>Na manh\u00e3 deste domingo, 26 de junho, passageiros da Via\u00e7\u00e3o Itapemirim realizaram manifesta\u00e7\u00e3o em frente ao ponto de apoio da empresa e na BR-116, no per\u00edmetro Urbano de Governador Valadares. O ato causou cerca de quatro quil\u00f4metros de congestionamento at\u00e9 por volta das 9h30, quando a rodovia foi liberada. Os manifestantes se revoltaram com a falta de motoristas para dar continuidade em suas viagens.<\/p>\n<p><img decoding=\"async\" src=\"http:\/\/aconteceunovale.com.br\/portal\/wp-content\/uploads\/2016\/06\/greve_itapemirim_3.jpg\" alt=\"\" \/><em>Passageiros protestam em Governador Valadares (Foto: Reprodu\u00e7\u00e3o\/WhatsApp)<\/em><br \/>\n<\/br><\/p>\n<p><img decoding=\"async\" src=\"http:\/\/aconteceunovale.com.br\/portal\/wp-content\/uploads\/2016\/06\/greve_itapemirim_1.jpg\" alt=\"\" \/><em>Funcion\u00e1rios da empresa fazem greve em GV (Foto: Reprodu\u00e7\u00e3o\/WhatsApp)<\/em><br \/>\n<\/br><\/p>\n<p><em>(Com informa\u00e7\u00f5es do Di\u00e1rio do Rio Doce)<\/em><\/p>\n","protected":false},"excerpt":{"rendered":"<p>A paralisa\u00e7\u00e3o dos 70 trabalhadores da empresa da Via\u00e7\u00e3o Itapemirim continua em Governador Valadares, no Vale do Rio Doce. A categoria parou as atividades na quinta-feira (23\/) e exige o pagamento do sal\u00e1rio, que estaria atrasado, reajuste e adiantamento salarial, f\u00e9rias vencidas, ticket de alimenta\u00e7\u00e3o atrasado e plano de sa\u00fade suspenso. A paralisa\u00e7\u00e3o continuar\u00e1 por [&hellip;]<\/p>\n","protected":false},"author":1,"featured_media":90282,"comment_status":"open","ping_status":"closed","sticky":false,"template":"","format":"standard","meta":{"amp_status":"","footnotes":""},"categories":[121],"tags":[101459,1018,101443,101442,101449,101445,101451,247,101444,101450,101447,101453,101457,101456,101446,101452,101448,101454,101461,101460,101458,101455],"class_list":["post-90278","post","type-post","status-publish","format-standard","has-post-thumbnail","hentry","category-leste","tag-crise-viacao-itapemirim","tag-destaque","tag-funcionarios-da-itapemirim-entram-em-greve","tag-funcionarios-da-itapemirim-entram-em-greve-e-passageiros-se-revoltam-em-governador-valadares","tag-funcionarios-da-itapemirim-entram-em-greve-em-governador-valadares","tag-funcionarios-da-viacao-itapemirim-entram-em-greve","tag-funcionarios-da-viacao-itapemirim-entram-em-greve-governador-valadares","tag-governador-valadares","tag-greve-funcionarios-da-viacao-itapemirim","tag-greve-funcionarios-da-viacao-itapemirim-governador-valadares","tag-greve-motoristas-da-viacao-itapemirim","tag-greve-motoristas-da-viacao-itapemirim-governador-valadares","tag-greve-motoristas-viacao-itapemirim","tag-greve-viacao-itapemirim","tag-motoristas-da-itapemirim-entram-em-greve","tag-motoristas-da-itapemirim-entram-em-greve-governador-valadares","tag-motoristas-da-viacao-itapemirim-entram-em-greve","tag-motoristas-da-viacao-itapemirim-entram-em-greve-governador-valadares","tag-pagamento-de-salarios-viacao-itapemirim","tag-salario-atrasado-viacao-itapemirim","tag-sindicato-dos-trabalhadores-da-itapemirim","tag-viacao-itapemirim"],"_links":{"self":[{"href":"https:\/\/aconteceunovale.com.br\/portal\/index.php?rest_route=\/wp\/v2\/posts\/90278","targetHints":{"allow":["GET"]}}],"collection":[{"href":"https:\/\/aconteceunovale.com.br\/portal\/index.php?rest_route=\/wp\/v2\/posts"}],"about":[{"href":"https:\/\/aconteceunovale.com.br\/portal\/index.php?rest_route=\/wp\/v2\/types\/post"}],"author":[{"embeddable":true,"href":"https:\/\/aconteceunovale.com.br\/portal\/index.php?rest_route=\/wp\/v2\/users\/1"}],"replies":[{"embeddable":true,"href":"https:\/\/aconteceunovale.com.br\/portal\/index.php?rest_route=%2Fwp%2Fv2%2Fcomments&post=90278"}],"version-history":[{"count":0,"href":"https:\/\/aconteceunovale.com.br\/portal\/index.php?rest_route=\/wp\/v2\/posts\/90278\/revisions"}],"wp:featuredmedia":[{"embeddable":true,"href":"https:\/\/aconteceunovale.com.br\/portal\/index.php?rest_route=\/wp\/v2\/media\/90282"}],"wp:attachment":[{"href":"https:\/\/aconteceunovale.com.br\/portal\/index.php?rest_route=%2Fwp%2Fv2%2Fmedia&parent=90278"}],"wp:term":[{"taxonomy":"category","embeddable":true,"href":"https:\/\/aconteceunovale.com.br\/portal\/index.php?rest_route=%2Fwp%2Fv2%2Fcategories&post=90278"},{"taxonomy":"post_tag","embeddable":true,"href":"https:\/\/aconteceunovale.com.br\/portal\/index.php?rest_route=%2Fwp%2Fv2%2Ftags&post=90278"}],"curies":[{"name":"wp","href":"https:\/\/api.w.org\/{rel}","templated":true}]}}