{"id":90275,"date":"2016-06-26T19:00:14","date_gmt":"2016-06-26T22:00:14","guid":{"rendered":"http:\/\/aconteceunovale.com.br\/portal\/?p=90275"},"modified":"2016-06-26T22:34:17","modified_gmt":"2016-06-27T01:34:17","slug":"traficantes-matam-bebe-de-10-meses-em-pirapora-no-norte-de-minas","status":"publish","type":"post","link":"https:\/\/aconteceunovale.com.br\/portal\/?p=90275","title":{"rendered":"Traficantes matam beb\u00ea de 10 meses em Pirapora, no Norte de Minas"},"content":{"rendered":"<p>Uma crian\u00e7a de apenas 10 meses morreu ap\u00f3s ser atingida na cabe\u00e7a por um tiro, em Pirapora, no Norte de Minas Gerais, na manh\u00e3 deste domingo (26\/6\/2016). Ela foi v\u00edtima de uma vingan\u00e7a contra o seu pai, traficante da cidade e que est\u00e1 preso.<\/p>\n<p>Testemunhas do atentado contam que quatro homens armados chegaram \u00e0 casa da menina, na Rua Sancho Ribas no bairro Bairro Cidade Jardim, e dispararam contra quem viram pela frente. De acordo com o boletim de ocorr\u00eancia da Pol\u00edcia Militar (PM), n\u00e3o houve gritos ou qualquer discuss\u00e3o.<\/p>\n<p>A menina estava no colo da m\u00e3e e foi a primeira a ser atingida. Outra v\u00edtima foi um homem de 55 anos, que \u00e9 parente da fam\u00edlia. Ele foi atingido na perna, mas n\u00e3o corre risco de morrer. A crian\u00e7a foi socorrida pelos pr\u00f3prios familiares e levada para o Hospital Municipal de Pirapora. No entanto, ela n\u00e3o resistiu ao ferimento e morreu.<\/p>\n<p>Ap\u00f3s os disparos, os suspeitos fugiram em um Fox preto que aguardava por eles na porta do im\u00f3vel da fam\u00edlia. Eles deixaram o local em alta velocidade e ainda n\u00e3o foram encontrados.<\/p>\n<p>A ocorr\u00eancia foi encaminhada para a Delegacia de Pol\u00edcia Civil da cidade, que informou que um inqu\u00e9rito deve ser aberto nesta segunda-feira (27) para apurar o caso. <\/p>\n<p><strong>O pai<\/strong><\/p>\n<p>A Pol\u00edcia Civil informou, sem dar mais detalhes, que o pai da crian\u00e7a est\u00e1 preso no Pres\u00eddio de Pirapora, onde cumpre pena por tr\u00e1fico. A fam\u00edlia do detento seria o alvo dos bandidos.<\/p>\n<p>Ap\u00f3s o registro da ocorr\u00eancia, uma testemunha contou que um dos rivais do pai da crian\u00e7a queria acertar um homem identificado como &#8220;Juninho Pique&#8221;, que estaria na casa da v\u00edtima. Esse saberia quem seria os autores dos disparos. Por\u00e9m, esse homem que seria o alvo n\u00e3o foi encontrado.<\/p>\n<p>&#8220;Ficamos sabendo, no local, que o crime est\u00e1 relacionado a uma guerra entre duas gangues da regi\u00e3o que brigam pelo comando do tr\u00e1fico de drogas. Mas as pessoas n\u00e3o falam muita coisa por medo de sofrerem repres\u00e1lias&#8221;, contou um militar que n\u00e3o quis ser identificado.<\/p>\n<p><strong>M\u00e3e da crian\u00e7a<\/strong><\/p>\n<p>Para suprir a falta do pai, que est\u00e1 preso, a crian\u00e7a contava com uma m\u00e3e presente. Segundo moradores, a mulher n\u00e3o trabalhava para cuidar da filha. &#8220;Ela \u00e9 novinha. Acredito que tenha uns 18 anos. Ela \u00e9 tranquila, sossegada, e nunca vimos ela envolvida e nenhuma confus\u00e3o. Ficamos muito tristes por saber que a filha dela morreu&#8221;, explicou um vizinho, que preferiu n\u00e3o ser identificado. <\/p>\n<p><img decoding=\"async\" src=\"http:\/\/aconteceunovale.com.br\/portal\/wp-content\/uploads\/2016\/06\/vitima_pirapora.jpg\" alt=\"\" \/>Crian\u00e7a tinha apenas dez meses (Foto: Reprodu\u00e7\u00e3o \/ WhatsApp)<br \/>\n<\/br><\/p>\n<p><em>(Fonte: O Tempo\/Camila Kifer e PMMG)<\/em><\/p>\n","protected":false},"excerpt":{"rendered":"<p>Uma crian\u00e7a de apenas 10 meses morreu ap\u00f3s ser atingida na cabe\u00e7a por um tiro, em Pirapora, no Norte de Minas Gerais, na manh\u00e3 deste domingo (26\/6\/2016). Ela foi v\u00edtima de uma vingan\u00e7a contra o seu pai, traficante da cidade e que est\u00e1 preso. Testemunhas do atentado contam que quatro homens armados chegaram \u00e0 casa [&hellip;]<\/p>\n","protected":false},"author":1,"featured_media":90276,"comment_status":"open","ping_status":"closed","sticky":false,"template":"","format":"standard","meta":{"amp_status":"","footnotes":""},"categories":[1236],"tags":[101439,101431,101440,101430,101438,101437,101436,101432,101434,101435,254,101441,101433,101429],"class_list":["post-90275","post","type-post","status-publish","format-standard","has-post-thumbnail","hentry","category-norte_de_minas","tag-bebe-e-morto-a-tiros-em-pirapora","tag-bebe-morta-por-traficantes-em-pirapora","tag-bebe-morto-a-tiros-em-pirapora","tag-crianca-morta-por-traficantes-em-pirapora","tag-crime-pirapora","tag-fernanda","tag-juninho-pequi","tag-morta-por-traficantes-pirapora","tag-morte-de-bebe-pirapora","tag-morte-de-crianca-pirapora","tag-pirapora","tag-traficantes-matam-bebe-de-10-meses-em-pirapora","tag-trafico-de-drogas-pirapora","tag-vinganca-traficantes-pirapora"],"_links":{"self":[{"href":"https:\/\/aconteceunovale.com.br\/portal\/index.php?rest_route=\/wp\/v2\/posts\/90275","targetHints":{"allow":["GET"]}}],"collection":[{"href":"https:\/\/aconteceunovale.com.br\/portal\/index.php?rest_route=\/wp\/v2\/posts"}],"about":[{"href":"https:\/\/aconteceunovale.com.br\/portal\/index.php?rest_route=\/wp\/v2\/types\/post"}],"author":[{"embeddable":true,"href":"https:\/\/aconteceunovale.com.br\/portal\/index.php?rest_route=\/wp\/v2\/users\/1"}],"replies":[{"embeddable":true,"href":"https:\/\/aconteceunovale.com.br\/portal\/index.php?rest_route=%2Fwp%2Fv2%2Fcomments&post=90275"}],"version-history":[{"count":0,"href":"https:\/\/aconteceunovale.com.br\/portal\/index.php?rest_route=\/wp\/v2\/posts\/90275\/revisions"}],"wp:featuredmedia":[{"embeddable":true,"href":"https:\/\/aconteceunovale.com.br\/portal\/index.php?rest_route=\/wp\/v2\/media\/90276"}],"wp:attachment":[{"href":"https:\/\/aconteceunovale.com.br\/portal\/index.php?rest_route=%2Fwp%2Fv2%2Fmedia&parent=90275"}],"wp:term":[{"taxonomy":"category","embeddable":true,"href":"https:\/\/aconteceunovale.com.br\/portal\/index.php?rest_route=%2Fwp%2Fv2%2Fcategories&post=90275"},{"taxonomy":"post_tag","embeddable":true,"href":"https:\/\/aconteceunovale.com.br\/portal\/index.php?rest_route=%2Fwp%2Fv2%2Ftags&post=90275"}],"curies":[{"name":"wp","href":"https:\/\/api.w.org\/{rel}","templated":true}]}}