{"id":90268,"date":"2016-06-26T18:10:41","date_gmt":"2016-06-26T21:10:41","guid":{"rendered":"http:\/\/aconteceunovale.com.br\/portal\/?p=90268"},"modified":"2016-06-26T18:10:41","modified_gmt":"2016-06-26T21:10:41","slug":"governador-valadares-podera-ter-segundo-turno-nas-eleicoes-municipais-2016","status":"publish","type":"post","link":"https:\/\/aconteceunovale.com.br\/portal\/?p=90268","title":{"rendered":"Governador Valadares poder\u00e1 ter segundo turno nas elei\u00e7\u00f5es municipais 2016"},"content":{"rendered":"<p>Pela primeira vez, a cidade mais populosa do Vale do Rio Doce, com cerca de 300 mil moradores, poder\u00e1 escolher o chefe do Executivo municipal no segundo turno de uma elei\u00e7\u00e3o. O universo de eleitores em Governador Valadares ultrapassou neste ano 200 mil pessoas, requisito para que o pleito seja decidido no \u00faltimo domingo de outubro pr\u00f3ximo, caso nenhum candidato consiga mais de 50% dos votos v\u00e1lidos no primeiro domingo. Em Minas, essa possibilidade s\u00f3 poder\u00e1 ocorrer em oito das 853 cidades.<\/p>\n<p>Mas n\u00e3o \u00e9 s\u00f3 por isso que o pleito de 2016 ter\u00e1 um aperitivo a mais no munic\u00edpio que homenageia a mem\u00f3ria de Benedito Valadares (1892-1973), o governador que lan\u00e7ou Juscelino Kubitschek (1902-1976) na pol\u00edtica e o nomeou prefeito de Belo Horizonte. O cen\u00e1rio pol\u00edtico est\u00e1 indefinido na cidade, devido, sobretudo, \u00e0 Opera\u00e7\u00e3o Mar de Lama, que re\u00fane Pol\u00edcia Federal, Minist\u00e9rio P\u00fablico Federal, Minist\u00e9rio P\u00fablico Estadual, Pol\u00edcia Militar e Minist\u00e9rio da Transpar\u00eancia, Fiscaliza\u00e7\u00e3o e Controle.<\/p>\n<p>A for\u00e7a-tarefa investiga uma rede de corrup\u00e7\u00e3o tanto na prefeitura quanto na C\u00e2mara Municipal. Diante de provas robustas, os investigadores j\u00e1 colocaram 16 pessoas atr\u00e1s das grades desde abril, quando foi deflagrada a primeira das cinco fases da opera\u00e7\u00e3o. Entre detidos e investigados, h\u00e1 l\u00edderes pol\u00edticos que, at\u00e9 ent\u00e3o, eram cotados para disputar uma das duas cadeiras do Executivo (prefeito ou vice) ou uma das 21 poltronas do Legislativo.<\/p>\n<p>Cinco vereadores e dois ex-secret\u00e1rios municipais est\u00e3o atr\u00e1s das grades desde maio. A atual prefeita, Elisa Costa (PT), est\u00e1 no segundo mandato e n\u00e3o poder\u00e1 ser reconduzida ao cargo. Em 2012, ela recebeu a confian\u00e7a de 46.543 eleitores, o que representou 32,29% dos votos v\u00e1lidos. Naquele ano, a cidade n\u00e3o teve segundo turno porque contava com 196.299 eleitores. O n\u00famero subiu para 203.794 em maio passado, segundo o Tribunal Regional Eleitoral de Minas Gerais (TRE-MG) divulgou no \u00faltimo balan\u00e7o.<\/p>\n<p>O n\u00famero definitivo sair\u00e1 em julho. Parte do aumento do n\u00famero de eleitores se deve aos valadarenses que retornaram dos Estados Unidos, devido \u00e0 crise financeira que assolou a Am\u00e9rica, como moradores da regi\u00e3o se referem \u00e0 terra do Tio Sam. A quebra em setembro de 2015 do banco de investimentos Lehman Brothers, que era uma das maiores institui\u00e7\u00f5es financeiras do planeta, for\u00e7ou muita gente a retornar do exterior, sobretudo a partir de 2011. V\u00e1rios valadarenses s\u00f3 regularizaram a situa\u00e7\u00e3o junto ao TRE a partir de 2012. Diante disso, est\u00e3o aptos a votar na elei\u00e7\u00e3o municipal deste ano. Tr\u00eas candidatos despontam na boca dos moradores como favoritos \u00e0 disputa em outubro.<\/p>\n<p><strong>Concorr\u00eancia<\/strong><\/p>\n<p>O PT, que n\u00e3o pode lan\u00e7ar a atual prefeita, deve apostar as fichas no deputado federal Leonardo Monteiro. No PSDB, o nome para concorrer \u00e0 sucess\u00e3o de Elisa deve ser o do empres\u00e1rio Andr\u00e9 Merlo, ex-subsecret\u00e1rio de Agroneg\u00f3cio da Secretaria de Estado da Agricultura, Pecu\u00e1ria e Abastecimento de Minas. O tucano foi candidato \u00e0 prefeitura em 2012, quando era filiado ao PDT. Merlo obteve 37.041 votos (25,70% do total). O PMDB, por sua vez, est\u00e1 entre Edvaldo Soares, empres\u00e1rio e presidente do Esporte Clube Democrata, e Renato Fraga, presidente do diret\u00f3rio municipal e ex-secret\u00e1rio municipal de Sa\u00fade tanto em Valadares quanto em Ipatinga, no Vale do A\u00e7o. J\u00e1 o PEN lan\u00e7ou a pr\u00e9-candidatura do manifestante popular Ricardo Pedrosa. As conven\u00e7\u00f5es partid\u00e1rias que v\u00e3o escolher os candidatos, segundo a legisla\u00e7\u00e3o eleitoral, devem ocorrer entre 20 de julho e 5 de agosto.<\/p>\n<p><strong>Rodada dupla<\/strong><\/p>\n<p>Munic\u00edpios mineiros aptos a ter segundo turno nas elei\u00e7\u00f5es deste ano<\/p>\n<p><strong>Cidade                Eleitorado (at\u00e9 maio de 2016<\/strong><br \/>\nBelo Horizonte                1.927.942<br \/>\nUberl\u00e2ndia                    478.395<br \/>\nContagem                      457.054<br \/>\nJuiz de Fora                  395.502<br \/>\nBetim                         278.325<br \/>\nMontes Claros                 262.567<br \/>\nUberaba                       224.905<br \/>\nGovernador Valadares          203.794<\/p>\n<p><em>(Fonte: Estado de Minas \/ Rep\u00f3rter: Paulo Henrique Lobato)<\/em><\/p>\n","protected":false},"excerpt":{"rendered":"<p>Pela primeira vez, a cidade mais populosa do Vale do Rio Doce, com cerca de 300 mil moradores, poder\u00e1 escolher o chefe do Executivo municipal no segundo turno de uma elei\u00e7\u00e3o. O universo de eleitores em Governador Valadares ultrapassou neste ano 200 mil pessoas, requisito para que o pleito seja decidido no \u00faltimo domingo de [&hellip;]<\/p>\n","protected":false},"author":1,"featured_media":47642,"comment_status":"open","ping_status":"closed","sticky":false,"template":"","format":"standard","meta":{"amp_status":"","footnotes":""},"categories":[79927,121],"tags":[101405,101404,101402,1018,100191,101408,101409,78864,1886,100190,247,101410,17587,101406,101407,101403],"class_list":["post-90268","post","type-post","status-publish","format-standard","has-post-thumbnail","hentry","category-eleicoes-2016-2","category-leste","tag-andre-merlo","tag-benedito-valadares","tag-cidade-mais-populosa-do-vale-do-rio-doce","tag-destaque","tag-edvaldo-soares","tag-eleicoes-2016-em-governador-valadares","tag-eleicoes-em-governador-valadares","tag-eleicoes-municipais-2016","tag-elisa-costa","tag-esporte-clube-democrata","tag-governador-valadares","tag-governador-valadares-podera-ter-segundo-turno-nas-eleicoes-municipais-2016","tag-leonardo-monteiro","tag-pre-candidatos-a-prefeito-de-governador-valadares","tag-renato-fraga","tag-universo-de-eleitores-em-governador-valadares-ultrapassou-neste-ano-200-mil-pessoas"],"_links":{"self":[{"href":"https:\/\/aconteceunovale.com.br\/portal\/index.php?rest_route=\/wp\/v2\/posts\/90268","targetHints":{"allow":["GET"]}}],"collection":[{"href":"https:\/\/aconteceunovale.com.br\/portal\/index.php?rest_route=\/wp\/v2\/posts"}],"about":[{"href":"https:\/\/aconteceunovale.com.br\/portal\/index.php?rest_route=\/wp\/v2\/types\/post"}],"author":[{"embeddable":true,"href":"https:\/\/aconteceunovale.com.br\/portal\/index.php?rest_route=\/wp\/v2\/users\/1"}],"replies":[{"embeddable":true,"href":"https:\/\/aconteceunovale.com.br\/portal\/index.php?rest_route=%2Fwp%2Fv2%2Fcomments&post=90268"}],"version-history":[{"count":0,"href":"https:\/\/aconteceunovale.com.br\/portal\/index.php?rest_route=\/wp\/v2\/posts\/90268\/revisions"}],"wp:featuredmedia":[{"embeddable":true,"href":"https:\/\/aconteceunovale.com.br\/portal\/index.php?rest_route=\/wp\/v2\/media\/47642"}],"wp:attachment":[{"href":"https:\/\/aconteceunovale.com.br\/portal\/index.php?rest_route=%2Fwp%2Fv2%2Fmedia&parent=90268"}],"wp:term":[{"taxonomy":"category","embeddable":true,"href":"https:\/\/aconteceunovale.com.br\/portal\/index.php?rest_route=%2Fwp%2Fv2%2Fcategories&post=90268"},{"taxonomy":"post_tag","embeddable":true,"href":"https:\/\/aconteceunovale.com.br\/portal\/index.php?rest_route=%2Fwp%2Fv2%2Ftags&post=90268"}],"curies":[{"name":"wp","href":"https:\/\/api.w.org\/{rel}","templated":true}]}}