{"id":90265,"date":"2016-06-26T17:49:15","date_gmt":"2016-06-26T20:49:15","guid":{"rendered":"http:\/\/aconteceunovale.com.br\/portal\/?p=90265"},"modified":"2016-06-26T17:49:15","modified_gmt":"2016-06-26T20:49:15","slug":"biopirataria-e-um-dos-grandes-problemas-da-industria-alimenticia-diz-ativista","status":"publish","type":"post","link":"https:\/\/aconteceunovale.com.br\/portal\/?p=90265","title":{"rendered":"Biopirataria \u00e9 um dos grandes problemas da ind\u00fastria aliment\u00edcia, diz ativista"},"content":{"rendered":"<p>A ativista de defesa da sustentabilidade ambiental e justi\u00e7a social indiana\u00a0Vandana Shiva acredita que um dos grandes problemas da ind\u00fastria aliment\u00edcia \u00e9 a biopirataria praticada por grandes corpora\u00e7\u00f5es.<\/p>\n<p>A f\u00edsica indiana, conhecida como \u201csalvadora de sementes\u201d, conta que uma companhia do Texas [EUA] disse que inventou o arroz basmati, que \u00e9 t\u00edpico de sua regi\u00e3o. \u201cFizemos uma campanha em que as pessoas mandavam cart\u00f5es-postais para o departamento de patente dos Estados Unidos falando que eles tinham que ser chamados de departamento de pirataria&#8221;.<\/p>\n<p>Vandana citou tamb\u00e9m a patente de uma esp\u00e9cie de trigo que n\u00e3o causa rea\u00e7\u00e3o em quem tem alergia ao gl\u00faten, &#8220;fruto de evolu\u00e7\u00e3o gen\u00e9tica e sele\u00e7\u00e3o natural combinadas e praticadas desde as nossas av\u00f3s\u201d e a patente sobre a semente de soja transg\u00eanica, muito utilizada no Brasil.<\/p>\n<p>A ativista veio ao Brasil participar do Primeiro Festival Internacional da Utopia, organizado pela prefeitura da Maric\u00e1, na Regi\u00e3o dos Lagos do Rio de Janeiro, em parceria com movimentos sociais. O evento come\u00e7ou na quarta-feira, com a participa\u00e7\u00e3o de ativistas, intelectuais, pol\u00edticos e artistas para debater os desafios do planeta e terminou hoje.<\/p>\n<p><img decoding=\"async\" src=\"http:\/\/aconteceunovale.com.br\/portal\/wp-content\/uploads\/2016\/06\/vandana_shiva.jpg\" alt=\"\" \/><em>Vandana Shiva participou de evento no Brasil (Foto: Blog Carolina Menna)<\/em><br \/>\n<\/br><\/p>\n<p><strong>Abra\u00e7o em \u00e1rvores<\/strong><\/p>\n<p>Na d\u00e9cada de 70, Vandana participou do movimento Mulheres de Chipko (abra\u00e7o), no Himalaia, quando mulheres se abra\u00e7avam \u00e0s \u00e1rvores para evitar a derrubada das florestas. \u201cN\u00f3s fomos mostrar que as \u00e1rvores n\u00e3o s\u00e3o s\u00f3 metros c\u00fabicos de madeira. Depois que teve uma grande enchente, as autoridades viram que as mulheres tinham raz\u00e3o\u201d.<\/p>\n<p>Segundo Vandana, &#8220;a natureza n\u00e3o \u00e9 s\u00f3 a nossa casa, mas a nossa fam\u00edlia&#8221;, e precisa ser preservada. &#8220;Nasci no Himalaia, assim como as florestas daqui foram cortadas e levadas para a Europa, as de l\u00e1 foram levadas para a Inglaterra\u201d, disse, explicando a import\u00e2ncia das \u00e1rvores para a preserva\u00e7\u00e3o do solo, das \u00e1guas e para a limpeza do ar.<\/p>\n<p><strong>Agroecologia<\/strong><\/p>\n<p>Vandana tamb\u00e9m destacou a import\u00e2ncia da agroecologia para a sa\u00fade das pessoas e do planeta. &#8220;N\u00e3o precisa de veneno, propina nem grandes corpora\u00e7\u00f5es. S\u00f3 precisa do nosso conhecimento e da terra. 75% da destrui\u00e7\u00e3o da \u00e1gua e da ecologia \u00e9 por causa da agricultura comercial e 75% das doen\u00e7as de hoje est\u00e3o relacionadas \u00e0 comida doente\u201d.<\/p>\n<p>A ativista diz que treinou mais de 1 milh\u00e3o de agricultores para a pr\u00e1tica e que &#8220;comida de verdade s\u00f3 vem da terra e do carinho dos agricultores&#8221;. \u201cHoje almocei maravilhosamente bem na feira de agroecologia do MST [Movimento dos Trabalhadores Rurais Sem Terra]. Isso \u00e9 comida de verdade. Atrav\u00e9s da comida de verdade vamos resgatar a veia da vida, recuperar nossa democracia.&#8221;<\/p>\n<p><strong>Desenvolvimento Agr\u00e1rio<\/strong><\/p>\n<p>O ex-ministro do Desenvolvimento Agr\u00e1rio Miguel Rosseto, que exerceu o cargo entre 2003 e 2006 e depois em 2014, acompanhou a palestra e destacou que as pol\u00edticas p\u00fablicas para a agricultura familiar foi fundamental para incluir os pequenos produtores rurais, do campo e da floresta, como parte do sistema produtivo do pa\u00eds<\/p>\n<p>&#8220;A partir desse di\u00e1logo forte desde 2003, um conjunto importante de pol\u00edticas p\u00fablicas foi sendo criado. O Pronaf [Programa Nacional de Agricultura Familiar] \u00e9 o mais conhecido, que \u00e9 o cr\u00e9dito. Hoje s\u00e3o R$ 30 bilh\u00f5es. As pol\u00edticas de seguro agr\u00edcola, de pre\u00e7o m\u00ednimo, programas de compra governamentais para escolas, por exemplo, que foram estimulando essa produ\u00e7\u00e3o, melhorando a renda desses agricultores, estimulando atrav\u00e9s da assist\u00eancia t\u00e9cnica, especialmente a partir da agroecologia, um processo de melhoria na qualidade da produ\u00e7\u00e3o&#8221;, disse.<\/p>\n<p>Rosseto lamentou o fim do minist\u00e9rio pelo governo interino e destacou o reconhecimento internacional das pol\u00edticas p\u00fablicas na \u00e1rea desenvolvidas pelo Brasil, como pela Organiza\u00e7\u00e3o das Na\u00e7\u00f5es Unidas para a Agricultura e Alimenta\u00e7\u00e3o (FAO). \u201cMais do que acabar com um minist\u00e9rio, \u00e9 acabar com um projeto de na\u00e7\u00e3o integrada, interior e cidades, centros e periferia, rural e urbano\u201d.<\/p>\n<p>O presidente interino Michel Temer vinculou as a\u00e7\u00f5es ligadas \u00e0\u00a0agricultura familiar \u00e0 Casa Civil depois da extin\u00e7\u00e3o do Minist\u00e9rio de Desenvolvimento Agr\u00e1rio. Representantes da Frente Nacional de Luta no Campo e Cidades reuniram-se com Temer no in\u00edcio deste m\u00eas e pediram, entre outras reivindica\u00e7\u00f5es, a\u00a0recria\u00e7\u00e3o do minist\u00e9rio. (Ag\u00eancia Brasil)<\/p>\n","protected":false},"excerpt":{"rendered":"<p>A ativista de defesa da sustentabilidade ambiental e justi\u00e7a social indiana\u00a0Vandana Shiva acredita que um dos grandes problemas da ind\u00fastria aliment\u00edcia \u00e9 a biopirataria praticada por grandes corpora\u00e7\u00f5es. A f\u00edsica indiana, conhecida como \u201csalvadora de sementes\u201d, conta que uma companhia do Texas [EUA] disse que inventou o arroz basmati, que \u00e9 t\u00edpico de sua regi\u00e3o. [&hellip;]<\/p>\n","protected":false},"author":1,"featured_media":90266,"comment_status":"open","ping_status":"closed","sticky":false,"template":"","format":"standard","meta":{"amp_status":"","footnotes":""},"categories":[6,28848],"tags":[751,87767,101395,101392,101391,101390,101387,101388,28246,101398,71108,101397,101396,101389,101394,101401,101393,101400,101399],"class_list":["post-90265","post","type-post","status-publish","format-standard","has-post-thumbnail","hentry","category-br","category-mundo","tag-agricultura-familiar","tag-agroecologia","tag-arroz-basmati","tag-ativista-de-defesa-da-sustentabilidade-ambiental-e-justica-social-indiana","tag-ativista-de-defesa-da-sustentabilidade-ambiental-e-justica-social-indiana-vandana-shiva","tag-biopirataria","tag-biopirataria-e-um-dos-grandes-problemas-da-industria-alimenticia","tag-biopirataria-industria-alimenticia","tag-desenvolvimento-agrario","tag-fisica-vandana-shiva","tag-marica","tag-mulheres-de-chipko","tag-primeiro-festival-internacional-da-utopia","tag-problemas-da-industria-alimenticia","tag-salvadora-de-sementes","tag-sustentabilidade-ambiental","tag-vandana-shiva","tag-vandana-shiva-participou-de-evento-em-marica","tag-vandana-shiva-participou-de-evento-no-brasil"],"_links":{"self":[{"href":"https:\/\/aconteceunovale.com.br\/portal\/index.php?rest_route=\/wp\/v2\/posts\/90265","targetHints":{"allow":["GET"]}}],"collection":[{"href":"https:\/\/aconteceunovale.com.br\/portal\/index.php?rest_route=\/wp\/v2\/posts"}],"about":[{"href":"https:\/\/aconteceunovale.com.br\/portal\/index.php?rest_route=\/wp\/v2\/types\/post"}],"author":[{"embeddable":true,"href":"https:\/\/aconteceunovale.com.br\/portal\/index.php?rest_route=\/wp\/v2\/users\/1"}],"replies":[{"embeddable":true,"href":"https:\/\/aconteceunovale.com.br\/portal\/index.php?rest_route=%2Fwp%2Fv2%2Fcomments&post=90265"}],"version-history":[{"count":0,"href":"https:\/\/aconteceunovale.com.br\/portal\/index.php?rest_route=\/wp\/v2\/posts\/90265\/revisions"}],"wp:featuredmedia":[{"embeddable":true,"href":"https:\/\/aconteceunovale.com.br\/portal\/index.php?rest_route=\/wp\/v2\/media\/90266"}],"wp:attachment":[{"href":"https:\/\/aconteceunovale.com.br\/portal\/index.php?rest_route=%2Fwp%2Fv2%2Fmedia&parent=90265"}],"wp:term":[{"taxonomy":"category","embeddable":true,"href":"https:\/\/aconteceunovale.com.br\/portal\/index.php?rest_route=%2Fwp%2Fv2%2Fcategories&post=90265"},{"taxonomy":"post_tag","embeddable":true,"href":"https:\/\/aconteceunovale.com.br\/portal\/index.php?rest_route=%2Fwp%2Fv2%2Ftags&post=90265"}],"curies":[{"name":"wp","href":"https:\/\/api.w.org\/{rel}","templated":true}]}}