{"id":90227,"date":"2016-06-26T13:30:12","date_gmt":"2016-06-26T16:30:12","guid":{"rendered":"http:\/\/aconteceunovale.com.br\/portal\/?p=90227"},"modified":"2016-06-26T15:25:25","modified_gmt":"2016-06-26T18:25:25","slug":"motorista-morre-apos-caminhao-carregado-com-cebolas-tombar-na-br-116-em-teofilo-otoni","status":"publish","type":"post","link":"https:\/\/aconteceunovale.com.br\/portal\/?p=90227","title":{"rendered":"Motorista morre ap\u00f3s caminh\u00e3o carregado com cebolas tombar na BR-116, em Te\u00f3filo Otoni"},"content":{"rendered":"<p>O condutor de um caminh\u00e3o morreu na manh\u00e3 deste domingo, 26 de junho, em um acidente na BR-116, munic\u00edpio de Te\u00f3filo Otoni, no Vale do Mucuri. Segundo informa\u00e7\u00f5es, o ve\u00edculo trafegava no sentido Norte\/Sul, com uma carga de cebolas, quando Luiz Henrique Almeida Rios, de 25 anos, perdeu o controle direcional em uma curva acentuada, vindo a sair da pista de rolamento e capotar no local conhecido como Serra do Nicoletti.<\/p>\n<p>Uma equipe do Servi\u00e7o de Atendimento M\u00f3vel de Urg\u00eancia (SAMU) chegou a socorrer a v\u00edtima, por\u00e9m esta n\u00e3o resistiu aos graves ferimentos e veio a \u00f3bito no interior da unidade de resgate minutos ap\u00f3s a sua remo\u00e7\u00e3o. <\/p>\n<p>O corpo foi encaminhado para o Instituto M\u00e9dico Legal (IML) em Te\u00f3filo Otoni, onde foi necropsiado pelo legista Camilo Frizzera, auxiliado por Francisco Couy e Wanderley Ferreira. Os levantamentos periciais foram realizados por Renato Nolasco.<\/p>\n<p>O corpo j\u00e1 foi liberado aos familiares. O vel\u00f3rio e sepultamento de Luiz Henrique Almeida Rios ser\u00e3o realizados no interior da Bahia.<\/p>\n<p><img decoding=\"async\" src=\"http:\/\/aconteceunovale.com.br\/portal\/wp-content\/uploads\/2016\/06\/acidente_teofilo_otoni_1.jpg\" alt=\"\" \/><em>Acidente aconteceu na Serra do Nicoletti, em Te\u00f3filo Otoni (Foto: Reprodu\u00e7\u00e3o)<\/em><br \/>\n<\/br><\/p>\n<p><img decoding=\"async\" src=\"http:\/\/aconteceunovale.com.br\/portal\/wp-content\/uploads\/2016\/06\/acidente_teofilo_otoni_2.jpg\" alt=\"\" \/><em>Acidente aconteceu na Serra do Nicoletti, em Te\u00f3filo Otoni (Foto: Reprodu\u00e7\u00e3o)<\/em><br \/>\n<\/br><\/p>\n<p><img decoding=\"async\" src=\"http:\/\/aconteceunovale.com.br\/portal\/wp-content\/uploads\/2016\/06\/acidente_teofilo_otoni_3.jpg\" alt=\"\" \/><em>Acidente aconteceu na Serra do Nicoletti, em Te\u00f3filo Otoni (Foto: Reprodu\u00e7\u00e3o)<\/em><br \/>\n<\/br><\/p>\n<p><img decoding=\"async\" src=\"http:\/\/aconteceunovale.com.br\/portal\/wp-content\/uploads\/2016\/06\/acidente_teofilo_otoni_4.jpg\" alt=\"\" \/><em>Acidente aconteceu na Serra do Nicoletti, em Te\u00f3filo Otoni (Foto: Reprodu\u00e7\u00e3o)<\/em><br \/>\n<\/br><\/p>\n<p><img decoding=\"async\" src=\"http:\/\/aconteceunovale.com.br\/portal\/wp-content\/uploads\/2016\/06\/acidente_teofilo_otoni_5.jpg\" alt=\"\" \/><em>Acidente aconteceu na Serra do Nicoletti, em Te\u00f3filo Otoni (Foto: Reprodu\u00e7\u00e3o)<\/em><br \/>\n<\/br><\/p>\n<p><img decoding=\"async\" src=\"http:\/\/aconteceunovale.com.br\/portal\/wp-content\/uploads\/2016\/06\/acidente_teofilo_otoni_6.jpg\" alt=\"\" \/><em>Acidente aconteceu na Serra do Nicoletti, em Te\u00f3filo Otoni (Foto: Reprodu\u00e7\u00e3o)<\/em><br \/>\n<\/br><\/p>\n<p><img decoding=\"async\" src=\"http:\/\/aconteceunovale.com.br\/portal\/wp-content\/uploads\/2016\/06\/acidente_teofilo_otoni_7.jpg\" alt=\"\" \/><em>Acidente aconteceu na Serra do Nicoletti, em Te\u00f3filo Otoni (Foto: Reprodu\u00e7\u00e3o)<\/em><br \/>\n<\/br><\/p>\n<p><img decoding=\"async\" src=\"http:\/\/aconteceunovale.com.br\/portal\/wp-content\/uploads\/2016\/06\/acidente_teofilo_otoni_8.jpg\" alt=\"\" \/><em>Acidente aconteceu na Serra do Nicoletti, em Te\u00f3filo Otoni (Foto: Reprodu\u00e7\u00e3o)<\/em><br \/>\n<\/br><\/p>\n<p><img decoding=\"async\" src=\"http:\/\/aconteceunovale.com.br\/portal\/wp-content\/uploads\/2016\/06\/acidente_teofilo_otoni_9.jpg\" alt=\"\" \/><em>Motorista Luiz Henrique Almeida tinha 25 anos (Foto: Reprodu\u00e7\u00e3o)<\/em><\/p>\n","protected":false},"excerpt":{"rendered":"<p>O condutor de um caminh\u00e3o morreu na manh\u00e3 deste domingo, 26 de junho, em um acidente na BR-116, munic\u00edpio de Te\u00f3filo Otoni, no Vale do Mucuri. Segundo informa\u00e7\u00f5es, o ve\u00edculo trafegava no sentido Norte\/Sul, com uma carga de cebolas, quando Luiz Henrique Almeida Rios, de 25 anos, perdeu o controle direcional em uma curva acentuada, [&hellip;]<\/p>\n","protected":false},"author":1,"featured_media":90229,"comment_status":"open","ping_status":"closed","sticky":false,"template":"","format":"standard","meta":{"amp_status":"","footnotes":""},"categories":[122],"tags":[101332,101296,101297,101334,101286,101287,101290,13880,101331,101333,101298,101295,101330,101285,58435,101291,101289,101293,101294,101284,101282,101283,101292,164,101288],"class_list":["post-90227","post","type-post","status-publish","format-standard","has-post-thumbnail","hentry","category-mucuri","tag-acidente-caminhoneiro-de-capela-do-alto-alegre","tag-acidente-com-caminhao-carregado-com-cebolas","tag-acidente-com-caminhao-carregado-com-cebolas-em-teofilo-otoni","tag-acidente-com-caminhao-de-capela-do-alto-alegre","tag-acidente-com-carreta-carregada-com-cebolas","tag-acidente-com-carreta-carregada-com-cebolas-em-teofilo-otoni","tag-acidente-com-luiz-henrique-almeida-rios","tag-acidente-em-teofilo-otoni","tag-acidente-morador-de-capela-do-alto-alegre","tag-acidente-motorista-de-capela-do-alto-alegre","tag-acidente-na-serra-do-nicoletti","tag-caminhao-carregado-com-cebolas","tag-capela-do-alto-alegre","tag-carreta-carregada-com-cebolas","tag-em-teofilo-otoni","tag-fotos-do-acidente-com-luiz-henrique-almeida-rios","tag-luiz-henrique-almeida-rios","tag-motorista-morre-apos-caminhao-carregado-com-cebolas-tombar-na-br-116","tag-motorista-morre-apos-caminhao-carregado-com-cebolas-tombar-na-br-116-em-teofilo-otoni","tag-motorista-morre-apos-carreta-carregada-com-cebolas-tombar-em-teofilo-otoni","tag-motorista-morre-apos-carreta-carregada-com-cebolas-tombar-na-br-116","tag-motorista-morre-apos-carreta-carregada-com-cebolas-tombar-na-br-116-em-teofilo-otoni","tag-noticia-do-acidente-com-luiz-henrique-almeida-rios","tag-teofilo-otoni","tag-tombamento-de-carreta-em-teofilo-otoni"],"_links":{"self":[{"href":"https:\/\/aconteceunovale.com.br\/portal\/index.php?rest_route=\/wp\/v2\/posts\/90227","targetHints":{"allow":["GET"]}}],"collection":[{"href":"https:\/\/aconteceunovale.com.br\/portal\/index.php?rest_route=\/wp\/v2\/posts"}],"about":[{"href":"https:\/\/aconteceunovale.com.br\/portal\/index.php?rest_route=\/wp\/v2\/types\/post"}],"author":[{"embeddable":true,"href":"https:\/\/aconteceunovale.com.br\/portal\/index.php?rest_route=\/wp\/v2\/users\/1"}],"replies":[{"embeddable":true,"href":"https:\/\/aconteceunovale.com.br\/portal\/index.php?rest_route=%2Fwp%2Fv2%2Fcomments&post=90227"}],"version-history":[{"count":0,"href":"https:\/\/aconteceunovale.com.br\/portal\/index.php?rest_route=\/wp\/v2\/posts\/90227\/revisions"}],"wp:featuredmedia":[{"embeddable":true,"href":"https:\/\/aconteceunovale.com.br\/portal\/index.php?rest_route=\/wp\/v2\/media\/90229"}],"wp:attachment":[{"href":"https:\/\/aconteceunovale.com.br\/portal\/index.php?rest_route=%2Fwp%2Fv2%2Fmedia&parent=90227"}],"wp:term":[{"taxonomy":"category","embeddable":true,"href":"https:\/\/aconteceunovale.com.br\/portal\/index.php?rest_route=%2Fwp%2Fv2%2Fcategories&post=90227"},{"taxonomy":"post_tag","embeddable":true,"href":"https:\/\/aconteceunovale.com.br\/portal\/index.php?rest_route=%2Fwp%2Fv2%2Ftags&post=90227"}],"curies":[{"name":"wp","href":"https:\/\/api.w.org\/{rel}","templated":true}]}}