{"id":90221,"date":"2016-06-26T12:26:25","date_gmt":"2016-06-26T15:26:25","guid":{"rendered":"http:\/\/aconteceunovale.com.br\/portal\/?p=90221"},"modified":"2016-06-26T12:26:25","modified_gmt":"2016-06-26T15:26:25","slug":"secretario-de-obras-de-almenara-morre-em-acidente-de-carro","status":"publish","type":"post","link":"https:\/\/aconteceunovale.com.br\/portal\/?p=90221","title":{"rendered":"Secret\u00e1rio de obras de Almenara morre em acidente de carro"},"content":{"rendered":"<p>O atual secret\u00e1rio de obras e desenvolvimento urbano da Prefeitura Municipal de Almenara, no Vale do Jequitinhonha, morreu em um acidente no in\u00edcio da madrugada deste domingo, 26 de junho, na LMG-634. O ve\u00edculo conduzido por Jaime de Almeida Barros, conhecido popularmente como Jaim\u00e3o, caiu em uma ribanceira na altura do quil\u00f4metro 55 da rodovia, no trecho entre Almenara e Jord\u00e2nia. <\/p>\n<p>De acordo com informa\u00e7\u00f5es apuradas pela Pol\u00edcia Militar (PM), um familiar relatou que se encontrava com Jaime em uma fazenda nas proximidades do local do acidente e que este estaria fazendo uso de bebidas alco\u00f3licas. Em certo momento, ap\u00f3s pedir para que Jaime parasse de beber, ele teria ficado com raiva do familiar e relatado que iria embora, tendo este se apropriado do ve\u00edculo Fiat Strada, placa HFF-7607, e sa\u00eddo do local por volta de 00h30. Somente por volta das 06h30, o ve\u00edculo e o corpo de Jaime foram localizados.<\/p>\n<p>Ainda segundo a PM, o condutor trafegava no sentido Jord\u00e2nia\/Almenara e ao realizar uma curva a direita, veio a perder o controle direcional do ve\u00edculo e sair da pista de rolamento pelo lado esquerdo. O carro capotou em uma ribanceira de aproximadamente trinta metros.<\/p>\n<p>Uma equipe do Servi\u00e7o de Atendimento M\u00f3vel de Urg\u00eancia (SAMU) compareceu ao local e constatou o \u00f3bito. A v\u00edtima apresentava um corte na testa, hematomas na regi\u00e3o do t\u00f3rax, al\u00e9m de escoria\u00e7\u00f5es nos bra\u00e7os e pernas.  <\/p>\n<p>O local do acidente foi isolado e a Per\u00edcia da Pol\u00edcia Civil foi acionada. Ap\u00f3s os trabalhos de praxe, o corpo foi encaminhado para o Instituto M\u00e9dico Legal (IML) em Almenara. Segundo informa\u00e7\u00f5es, o corpo de Jaime ser\u00e1 velado no pr\u00e9dio da C\u00e2mara Municipal, a partir das 13 horas.<\/p>\n<p><img decoding=\"async\" src=\"http:\/\/aconteceunovale.com.br\/portal\/wp-content\/uploads\/2016\/06\/acidente_secretario_almenara.jpg\" alt=\"\" \/><em>Acidente aconteceu no km 55 da LMG-634 (Foto: Reprodu\u00e7\u00e3o)<\/em><\/p>\n","protected":false},"excerpt":{"rendered":"<p>O atual secret\u00e1rio de obras e desenvolvimento urbano da Prefeitura Municipal de Almenara, no Vale do Jequitinhonha, morreu em um acidente no in\u00edcio da madrugada deste domingo, 26 de junho, na LMG-634. O ve\u00edculo conduzido por Jaime de Almeida Barros, conhecido popularmente como Jaim\u00e3o, caiu em uma ribanceira na altura do quil\u00f4metro 55 da rodovia, [&hellip;]<\/p>\n","protected":false},"author":1,"featured_media":90222,"comment_status":"open","ping_status":"closed","sticky":false,"template":"","format":"standard","meta":{"amp_status":"","footnotes":""},"categories":[120],"tags":[101245,101243,101242,101232,101239,142,101235,1018,101236,101244,101241,101240,475,101233,101234,101237,101231,101230,101238],"class_list":["post-90221","post","type-post","status-publish","format-standard","has-post-thumbnail","hentry","category-jequi","tag-acidente-jaimao","tag-acidente-jaime-almeida-barros","tag-acidente-jaime-de-almeida-barros","tag-acidente-secretario-de-obras-de-almenara","tag-acidente-secretario-de-obras-e-desenvolvimento-urbano-da-prefeitura-municipal-de-almenara","tag-almenara","tag-capotamento-secretario-de-obras-de-almenara","tag-destaque","tag-fotos-acidente-secretario-de-obras-de-almenara","tag-jaimao","tag-jaime-almeida-barros","tag-jaime-de-almeida-barros","tag-jordania","tag-morre-o-secretario-de-obras-de-almenara","tag-morte-do-secretario-de-obras-de-almenara","tag-noticia-acidente-secretario-de-obras-de-almenara","tag-secretario-de-obras-de-almenara","tag-secretario-de-obras-de-almenara-morre-em-acidente-de-carro","tag-secretario-de-obras-e-desenvolvimento-urbano-da-prefeitura-municipal-de-almenara"],"_links":{"self":[{"href":"https:\/\/aconteceunovale.com.br\/portal\/index.php?rest_route=\/wp\/v2\/posts\/90221","targetHints":{"allow":["GET"]}}],"collection":[{"href":"https:\/\/aconteceunovale.com.br\/portal\/index.php?rest_route=\/wp\/v2\/posts"}],"about":[{"href":"https:\/\/aconteceunovale.com.br\/portal\/index.php?rest_route=\/wp\/v2\/types\/post"}],"author":[{"embeddable":true,"href":"https:\/\/aconteceunovale.com.br\/portal\/index.php?rest_route=\/wp\/v2\/users\/1"}],"replies":[{"embeddable":true,"href":"https:\/\/aconteceunovale.com.br\/portal\/index.php?rest_route=%2Fwp%2Fv2%2Fcomments&post=90221"}],"version-history":[{"count":0,"href":"https:\/\/aconteceunovale.com.br\/portal\/index.php?rest_route=\/wp\/v2\/posts\/90221\/revisions"}],"wp:featuredmedia":[{"embeddable":true,"href":"https:\/\/aconteceunovale.com.br\/portal\/index.php?rest_route=\/wp\/v2\/media\/90222"}],"wp:attachment":[{"href":"https:\/\/aconteceunovale.com.br\/portal\/index.php?rest_route=%2Fwp%2Fv2%2Fmedia&parent=90221"}],"wp:term":[{"taxonomy":"category","embeddable":true,"href":"https:\/\/aconteceunovale.com.br\/portal\/index.php?rest_route=%2Fwp%2Fv2%2Fcategories&post=90221"},{"taxonomy":"post_tag","embeddable":true,"href":"https:\/\/aconteceunovale.com.br\/portal\/index.php?rest_route=%2Fwp%2Fv2%2Ftags&post=90221"}],"curies":[{"name":"wp","href":"https:\/\/api.w.org\/{rel}","templated":true}]}}