{"id":90153,"date":"2016-06-24T20:34:07","date_gmt":"2016-06-24T23:34:07","guid":{"rendered":"http:\/\/aconteceunovale.com.br\/portal\/?p=90153"},"modified":"2016-06-24T20:34:07","modified_gmt":"2016-06-24T23:34:07","slug":"renda-de-arraia-sera-destinada-ao-funcionamento-do-asilo-sao-vicente-de-paulo-em-montes-claros","status":"publish","type":"post","link":"https:\/\/aconteceunovale.com.br\/portal\/?p=90153","title":{"rendered":"Renda de arrai\u00e1 ser\u00e1 destinada ao funcionamento do Asilo S\u00e3o Vicente de Paulo em Montes Claros"},"content":{"rendered":"<p>O Asilo S\u00e3o Vicente de Paulo promove no domingo (26\/6), o &#8220;Arrai\u00e1 do Lar Bet\u00e2nia&#8221;, em Montes Claros, no Norte de Minas. O objetivo do evento \u00e9 arrecadar recursos para manter o funcionamento da entidade. O Asilo, que existe h\u00e1 111 anos, passa por dificuldades e conta com a ajuda da popula\u00e7\u00e3o para suprir as necessidades dos 112 idosos. <\/p>\n<p>Segundo \u00canio Pereira, gerente administrativo da institui\u00e7\u00e3o, as contribui\u00e7\u00f5es t\u00eam diminu\u00eddo vertiginosamente. &#8220;Com a crise, as doa\u00e7\u00f5es ca\u00edram muito nos \u00faltimos meses. Posso dizer que a queda chega a 50%, o que \u00e9 preocupante. Precisamos comprar, principalmente fraldas, pois s\u00e3o usadas cerca de 300 por dia e na \u00e9poca do frio, esse n\u00famero ultrapassa os 600&#8221;, comenta.<\/p>\n<p>O tradicional arrai\u00e1 re\u00fane milhares de pessoas h\u00e1 mais de 20 anos. Uma forma de ajudar e, ao mesmo tempo, interagir com os idosos. Para \u00canio, esse contato com o Asilo \u00e9 fundamental para os abrigados e para a capta\u00e7\u00e3o de novos doadores. &#8220;A iniciativa \u00e9 importante porque possibilita a distra\u00e7\u00e3o dos idosos, e trazem momentos de muita alegria. Al\u00e9m disso, \u00e9 bom para as pessoas conhecerem o asilo, como funciona e um pouco do nosso trabalho&#8221;, enfatiza.<\/p>\n<p>O evento ter\u00e1 in\u00edcio \u00e0s 13 horas. Mais informa\u00e7\u00f5es pelos telefones: (38) 3214-1244 ou (38) 9 8822-5791.<\/p>\n<p><img decoding=\"async\" src=\"http:\/\/aconteceunovale.com.br\/portal\/wp-content\/uploads\/2016\/06\/lar_betania_moc.jpg\" alt=\"\" \/><em>Asilo S\u00e3o Vicente de Paulo de Montes Claros (Foto: Divulga\u00e7\u00e3o)<\/em><br \/>\n<\/br><\/p>\n<p><em>(Fonte: G1 Grande Minas)<\/em><\/p>\n","protected":false},"excerpt":{"rendered":"<p>O Asilo S\u00e3o Vicente de Paulo promove no domingo (26\/6), o &#8220;Arrai\u00e1 do Lar Bet\u00e2nia&#8221;, em Montes Claros, no Norte de Minas. O objetivo do evento \u00e9 arrecadar recursos para manter o funcionamento da entidade. O Asilo, que existe h\u00e1 111 anos, passa por dificuldades e conta com a ajuda da popula\u00e7\u00e3o para suprir as [&hellip;]<\/p>\n","protected":false},"author":1,"featured_media":90154,"comment_status":"open","ping_status":"closed","sticky":false,"template":"","format":"standard","meta":{"amp_status":"","footnotes":""},"categories":[125,1236],"tags":[101101,101102,24498,101100,101103,101104,210],"class_list":["post-90153","post","type-post","status-publish","format-standard","has-post-thumbnail","hentry","category-noticias","category-norte_de_minas","tag-arraia-do-lar-betania","tag-arraia-do-lar-betania-montes-claros","tag-asilo-sao-vicente-de-paulo","tag-asilo-sao-vicente-de-paulo-em-montes-claros","tag-enio-pereira","tag-lar-betania-montes-claros","tag-montes-claros"],"_links":{"self":[{"href":"https:\/\/aconteceunovale.com.br\/portal\/index.php?rest_route=\/wp\/v2\/posts\/90153","targetHints":{"allow":["GET"]}}],"collection":[{"href":"https:\/\/aconteceunovale.com.br\/portal\/index.php?rest_route=\/wp\/v2\/posts"}],"about":[{"href":"https:\/\/aconteceunovale.com.br\/portal\/index.php?rest_route=\/wp\/v2\/types\/post"}],"author":[{"embeddable":true,"href":"https:\/\/aconteceunovale.com.br\/portal\/index.php?rest_route=\/wp\/v2\/users\/1"}],"replies":[{"embeddable":true,"href":"https:\/\/aconteceunovale.com.br\/portal\/index.php?rest_route=%2Fwp%2Fv2%2Fcomments&post=90153"}],"version-history":[{"count":0,"href":"https:\/\/aconteceunovale.com.br\/portal\/index.php?rest_route=\/wp\/v2\/posts\/90153\/revisions"}],"wp:featuredmedia":[{"embeddable":true,"href":"https:\/\/aconteceunovale.com.br\/portal\/index.php?rest_route=\/wp\/v2\/media\/90154"}],"wp:attachment":[{"href":"https:\/\/aconteceunovale.com.br\/portal\/index.php?rest_route=%2Fwp%2Fv2%2Fmedia&parent=90153"}],"wp:term":[{"taxonomy":"category","embeddable":true,"href":"https:\/\/aconteceunovale.com.br\/portal\/index.php?rest_route=%2Fwp%2Fv2%2Fcategories&post=90153"},{"taxonomy":"post_tag","embeddable":true,"href":"https:\/\/aconteceunovale.com.br\/portal\/index.php?rest_route=%2Fwp%2Fv2%2Ftags&post=90153"}],"curies":[{"name":"wp","href":"https:\/\/api.w.org\/{rel}","templated":true}]}}