{"id":90149,"date":"2016-06-24T20:19:27","date_gmt":"2016-06-24T23:19:27","guid":{"rendered":"http:\/\/aconteceunovale.com.br\/portal\/?p=90149"},"modified":"2016-06-24T20:20:47","modified_gmt":"2016-06-24T23:20:47","slug":"entidades-de-governador-valadares-realizam-campanhas-de-agasalho","status":"publish","type":"post","link":"https:\/\/aconteceunovale.com.br\/portal\/?p=90149","title":{"rendered":"Entidades de Governador Valadares arrecadam agasalhos para pessoas carentes"},"content":{"rendered":"<p>Conhecida pelo clima quente, h\u00e1 semanas os moradores de Governador Valadares est\u00e3o sendo surpreendidos com um frio at\u00edpico na cidade. Por este motivo, entidades e empresas t\u00eam se mobilizado para arrecadar roupas e cobertores para serem doados a quem precisa nesse momento de baixas temperaturas.<\/p>\n<p>Uma cooperativa de m\u00e9dicos espalhou caixas para a arrecada\u00e7\u00e3o em todas as suas unidades para incentivar os pr\u00f3prios colaboradores e a comunidade a doarem. O gestor Danilo Matos explica que o objetivo \u00e9 envolver a todos. \u201cA sociedade pode doar. A gente est\u00e1 divulgando nas redes sociais dos colabores, dos cooperados, dos m\u00e9dicos. \u00c9 importante saber que todos podem cooperar com essa a\u00e7\u00e3o e ajudar aquele que precisa\u201d.<\/p>\n<p>Segundo ele, todas as pe\u00e7as recebidas passam por triagem, para saber se est\u00e3o em condi\u00e7\u00f5es de serem usadas. As que possam ter algum tipo de defeito s\u00e3o separadas para receberem reparos antes da doa\u00e7\u00e3o. As roupas e cobertores est\u00e3o sendo doados a institui\u00e7\u00f5es de caridade da cidade.<\/p>\n<p>A Fiemg de Governador Valadares tamb\u00e9m iniciou campanha semelhante desde o m\u00eas de maio. Com o slogan \u201cDoe um agasalho e aque\u00e7a um cora\u00e7\u00e3o\u201d, o \u00f3rg\u00e3o conta com o apoio de diversos sindicatos para arrecadar as pe\u00e7as, que ser\u00e3o doadas principalmente para os moradores de rua.<\/p>\n<p>Do outro lado da campanha, uma entidade assistencial que acolhe mais de 100 idosos agradece a colabora\u00e7\u00e3o da sociedade. \u201cN\u00f3s temos um consumo muito grande de meias, blusas de frio e roupas mais aquecidas. Normalmente essas roupas j\u00e1 s\u00e3o usadas e aqui se lava a roupa todo dia. A\u00ed o processo constante deteriora as pe\u00e7as. Se a comunidade cruzar os bra\u00e7os, vai fechar todas as entidades de Valadares. Ent\u00e3o essa \u00e9 a hora de quem tem uma roupa de frio, uma cal\u00e7a de moletom, uma meia, n\u00e3o joga fora n\u00e3o, manda pra gente, que a gente aproveita tudo\u201d, afirma o gerente da Associa\u00e7\u00e3o Santa Luzia, Jo\u00e3o Bosco da Mata.<\/p>\n<p><strong>Pontos de coleta<\/strong><\/p>\n<p>Quem quiser contribuir com a campanha, poder\u00e1 deixar a doa\u00e7\u00e3o das roupas e cobertores em v\u00e1rios pontos de coleta, localizados na Avenida Brasil, 4000, Centro; na Rua Treze de Maio, 1.120, Bairro S\u00e3o Paulo; na Rua Leda Maria Mota Godinho, 120, Bairro JKII; na Rua Vereador Euzebinho Cabral, 417 &#8211; Sala 208, Centro e na Rua Dom Pedro II, 435, Centro. (G1 dos Vales)<\/p>\n","protected":false},"excerpt":{"rendered":"<p>Conhecida pelo clima quente, h\u00e1 semanas os moradores de Governador Valadares est\u00e3o sendo surpreendidos com um frio at\u00edpico na cidade. Por este motivo, entidades e empresas t\u00eam se mobilizado para arrecadar roupas e cobertores para serem doados a quem precisa nesse momento de baixas temperaturas. Uma cooperativa de m\u00e9dicos espalhou caixas para a arrecada\u00e7\u00e3o em [&hellip;]<\/p>\n","protected":false},"author":1,"featured_media":90150,"comment_status":"open","ping_status":"closed","sticky":false,"template":"","format":"standard","meta":{"amp_status":"","footnotes":""},"categories":[121],"tags":[101095,101093,101098,101099,101097,101094,247,101096],"class_list":["post-90149","post","type-post","status-publish","format-standard","has-post-thumbnail","hentry","category-leste","tag-associacao-santa-luiza","tag-danilo-matos","tag-doacao-de-agasalhos-governador-valadares","tag-entidades-de-governador-valadares-arrecadam-agasalhos-para-pessoas-carentes","tag-entidades-de-governador-valadares-realizam-campanhas-de-agasalho","tag-fiemg-de-governador-valadares","tag-governador-valadares","tag-joao-bosco-da-mata"],"_links":{"self":[{"href":"https:\/\/aconteceunovale.com.br\/portal\/index.php?rest_route=\/wp\/v2\/posts\/90149","targetHints":{"allow":["GET"]}}],"collection":[{"href":"https:\/\/aconteceunovale.com.br\/portal\/index.php?rest_route=\/wp\/v2\/posts"}],"about":[{"href":"https:\/\/aconteceunovale.com.br\/portal\/index.php?rest_route=\/wp\/v2\/types\/post"}],"author":[{"embeddable":true,"href":"https:\/\/aconteceunovale.com.br\/portal\/index.php?rest_route=\/wp\/v2\/users\/1"}],"replies":[{"embeddable":true,"href":"https:\/\/aconteceunovale.com.br\/portal\/index.php?rest_route=%2Fwp%2Fv2%2Fcomments&post=90149"}],"version-history":[{"count":0,"href":"https:\/\/aconteceunovale.com.br\/portal\/index.php?rest_route=\/wp\/v2\/posts\/90149\/revisions"}],"wp:featuredmedia":[{"embeddable":true,"href":"https:\/\/aconteceunovale.com.br\/portal\/index.php?rest_route=\/wp\/v2\/media\/90150"}],"wp:attachment":[{"href":"https:\/\/aconteceunovale.com.br\/portal\/index.php?rest_route=%2Fwp%2Fv2%2Fmedia&parent=90149"}],"wp:term":[{"taxonomy":"category","embeddable":true,"href":"https:\/\/aconteceunovale.com.br\/portal\/index.php?rest_route=%2Fwp%2Fv2%2Fcategories&post=90149"},{"taxonomy":"post_tag","embeddable":true,"href":"https:\/\/aconteceunovale.com.br\/portal\/index.php?rest_route=%2Fwp%2Fv2%2Ftags&post=90149"}],"curies":[{"name":"wp","href":"https:\/\/api.w.org\/{rel}","templated":true}]}}