{"id":90146,"date":"2016-06-24T20:11:59","date_gmt":"2016-06-24T23:11:59","guid":{"rendered":"http:\/\/aconteceunovale.com.br\/portal\/?p=90146"},"modified":"2016-06-24T20:11:59","modified_gmt":"2016-06-24T23:11:59","slug":"numero-de-desempregados-no-vale-do-aco-aumentou-em-2016","status":"publish","type":"post","link":"https:\/\/aconteceunovale.com.br\/portal\/?p=90146","title":{"rendered":"N\u00famero de desempregados no Vale do A\u00e7o aumentou em 2016"},"content":{"rendered":"<p>O n\u00famero de desempregados no primeiro quadrimestre de 2016 aumentou na regi\u00e3o do Vale do A\u00e7o, em rela\u00e7\u00e3o ao mesmo per\u00edodo do ano passado. Segundo dados do Cadastro Geral de Empregados e Desempregados (Caged), foram 14.756 demiss\u00f5es contra 11.818 contrata\u00e7\u00f5es, gerando um d\u00e9ficit de 2.938 postos de trabalho.<\/p>\n<p>No mesmo per\u00edodo do ano de 2015, este d\u00e9ficit era de 2.455 empregos, quando 17.845 foram contratados e 20.300 demitidos. A \u00faltima vez que os dados do Caged se mostraram positivos foi no ano de 2014, quando o n\u00famero de contratados foi superior aos demitidos, resultando na cria\u00e7\u00e3o de 1.043 postos de emprego. O setor do com\u00e9rcio liderou com o maior n\u00famero de desempregados em 2016; at\u00e9 o fim de abril foram 4.029 desligamentos.<\/p>\n<p>A estudante Erica Soares, que trabalhava como caixa em uma loja de vendas e manuten\u00e7\u00e3o de refrigeradores, entrou na estat\u00edstica dos desligados. Mesmo com quatro anos de experi\u00eancia no com\u00e9rcio, foi demitida quando a empresa precisou diminuir o quadro de funcion\u00e1rios.<\/p>\n<p>&#8220;Houve uma necessidade de fazer uma redu\u00e7\u00e3o no quadro de funcion\u00e1rios e, como eu estava na empresa a pouco tempo, trabalhando como caixa, n\u00e3o havia necessidade de me manter. A loja estava passando por um momento complicado; o setor no qual eu trabalhava caiu em n\u00famero de vendas&#8221; explica.<\/p>\n<p>Apesar do crescimento do desemprego, a expectativa, de acordo com o economista Amaury Gon\u00e7alves, \u00e9 de que haja uma boa perspectiva para o setor do com\u00e9rcio no final do segundo semestre. &#8220;Houve um ajuste muito profundo no setor da ind\u00fastria, gerando uma incapacidade de renda dos brasileiros, e isso reflete no setor de varejo. S\u00f3 que, a partir do segundo semestre, com as festas de final de ano, o n\u00famero de empregados no setor comercial volta a subir&#8221;, afirma.<\/p>\n<p><img decoding=\"async\" src=\"http:\/\/aconteceunovale.com.br\/portal\/wp-content\/uploads\/2016\/06\/desemprego_vale_do_aco.jpg\" alt=\"\" \/><em>Com\u00e9rcio foi o mais afetado, segundo os dados do Caged (Foto: Emmanuel Franco\/Sindicom\u00e9rcio)<\/em><br \/>\n<\/br><\/p>\n<p><em>(Fonte: G1 Vales de Minas Gerais)<\/em><\/p>\n","protected":false},"excerpt":{"rendered":"<p>O n\u00famero de desempregados no primeiro quadrimestre de 2016 aumentou na regi\u00e3o do Vale do A\u00e7o, em rela\u00e7\u00e3o ao mesmo per\u00edodo do ano passado. Segundo dados do Cadastro Geral de Empregados e Desempregados (Caged), foram 14.756 demiss\u00f5es contra 11.818 contrata\u00e7\u00f5es, gerando um d\u00e9ficit de 2.938 postos de trabalho. No mesmo per\u00edodo do ano de 2015, [&hellip;]<\/p>\n","protected":false},"author":1,"featured_media":75756,"comment_status":"open","ping_status":"closed","sticky":false,"template":"","format":"standard","meta":{"amp_status":"","footnotes":""},"categories":[40236,121],"tags":[34148,56051,19007,1524,101089,101090,101092,201,101091,101088,101087,2101,1105],"class_list":["post-90146","post","type-post","status-publish","format-standard","has-post-thumbnail","hentry","category-empregos-2","category-leste","tag-amaury-goncalves","tag-cadastro-geral-de-empregados-e-desempregados","tag-caged","tag-coronel-fabriciano","tag-desempregados-no-vale-do-aco","tag-desemprego-no-vale-do-aco","tag-erica-soares","tag-ipatinga","tag-numero-de-desempregados-no-primeiro-quadrimestre-de-2016-aumentou-na-regiao-do-vale-do-aco","tag-numero-de-desempregados-no-vale-do-aco","tag-numero-de-desempregados-no-vale-do-aco-aumentou-em-2016","tag-santana-do-paraiso","tag-timoteo"],"_links":{"self":[{"href":"https:\/\/aconteceunovale.com.br\/portal\/index.php?rest_route=\/wp\/v2\/posts\/90146","targetHints":{"allow":["GET"]}}],"collection":[{"href":"https:\/\/aconteceunovale.com.br\/portal\/index.php?rest_route=\/wp\/v2\/posts"}],"about":[{"href":"https:\/\/aconteceunovale.com.br\/portal\/index.php?rest_route=\/wp\/v2\/types\/post"}],"author":[{"embeddable":true,"href":"https:\/\/aconteceunovale.com.br\/portal\/index.php?rest_route=\/wp\/v2\/users\/1"}],"replies":[{"embeddable":true,"href":"https:\/\/aconteceunovale.com.br\/portal\/index.php?rest_route=%2Fwp%2Fv2%2Fcomments&post=90146"}],"version-history":[{"count":0,"href":"https:\/\/aconteceunovale.com.br\/portal\/index.php?rest_route=\/wp\/v2\/posts\/90146\/revisions"}],"wp:featuredmedia":[{"embeddable":true,"href":"https:\/\/aconteceunovale.com.br\/portal\/index.php?rest_route=\/wp\/v2\/media\/75756"}],"wp:attachment":[{"href":"https:\/\/aconteceunovale.com.br\/portal\/index.php?rest_route=%2Fwp%2Fv2%2Fmedia&parent=90146"}],"wp:term":[{"taxonomy":"category","embeddable":true,"href":"https:\/\/aconteceunovale.com.br\/portal\/index.php?rest_route=%2Fwp%2Fv2%2Fcategories&post=90146"},{"taxonomy":"post_tag","embeddable":true,"href":"https:\/\/aconteceunovale.com.br\/portal\/index.php?rest_route=%2Fwp%2Fv2%2Ftags&post=90146"}],"curies":[{"name":"wp","href":"https:\/\/api.w.org\/{rel}","templated":true}]}}