{"id":90125,"date":"2016-06-24T19:01:16","date_gmt":"2016-06-24T22:01:16","guid":{"rendered":"http:\/\/aconteceunovale.com.br\/portal\/?p=90125"},"modified":"2016-06-24T19:01:16","modified_gmt":"2016-06-24T22:01:16","slug":"jovem-e-executado-com-15-tiros-em-aracuai","status":"publish","type":"post","link":"https:\/\/aconteceunovale.com.br\/portal\/?p=90125","title":{"rendered":"Jovem \u00e9 executado com 15 tiros em Ara\u00e7ua\u00ed"},"content":{"rendered":"<p>Um jovem de 21 anos foi morto a tiros na noite dessa quinta-feira, 23 de junho, no bairro Canoeiro (Mutir\u00e3o), em Ara\u00e7ua\u00ed, no Vale do Jequitinhonha. A motiva\u00e7\u00e3o e autoria do crime s\u00e3o desconhecidas.<\/p>\n<p>O corpo de Marlon Soares Dias foi encontrado na Rua Redelvino Almeida, pr\u00f3ximo a uma cer\u00e2mica. De acordo com a per\u00edcia t\u00e9cnica da Pol\u00edcia Civil de Pedra Azul, o jovem foi alvejado por 15 tiros.<\/p>\n<p>Segundo a Pol\u00edcia, Marlon tinha passagens por furto e uso de drogas e esteve recentemente internado em uma cl\u00ednica para se recuperar.<\/p>\n<p>O corpo dele foi removido para o Instituto de Medicina Legal (IML) em Almenara. As investiga\u00e7\u00f5es ficar\u00e3o sob a responsabilidade da Pol\u00edcia Civil local. (Gazeta de Ara\u00e7ua\u00ed)<\/p>\n","protected":false},"excerpt":{"rendered":"<p>Um jovem de 21 anos foi morto a tiros na noite dessa quinta-feira, 23 de junho, no bairro Canoeiro (Mutir\u00e3o), em Ara\u00e7ua\u00ed, no Vale do Jequitinhonha. A motiva\u00e7\u00e3o e autoria do crime s\u00e3o desconhecidas. O corpo de Marlon Soares Dias foi encontrado na Rua Redelvino Almeida, pr\u00f3ximo a uma cer\u00e2mica. De acordo com a per\u00edcia [&hellip;]<\/p>\n","protected":false},"author":1,"featured_media":71442,"comment_status":"open","ping_status":"closed","sticky":false,"template":"","format":"standard","meta":{"amp_status":"","footnotes":""},"categories":[120],"tags":[186,81076,65734,45183,101051,101050,88363,81075],"class_list":["post-90125","post","type-post","status-publish","format-standard","has-post-thumbnail","hentry","category-jequi","tag-aracuai","tag-assassinado-aracuai","tag-assassinato-aracuai","tag-homicidio-aracuai","tag-jovem-e-executado-com-15-tiros-em-aracuai","tag-marlon-soares-dias","tag-morte-aracuai","tag-violencia-aracuai"],"_links":{"self":[{"href":"https:\/\/aconteceunovale.com.br\/portal\/index.php?rest_route=\/wp\/v2\/posts\/90125","targetHints":{"allow":["GET"]}}],"collection":[{"href":"https:\/\/aconteceunovale.com.br\/portal\/index.php?rest_route=\/wp\/v2\/posts"}],"about":[{"href":"https:\/\/aconteceunovale.com.br\/portal\/index.php?rest_route=\/wp\/v2\/types\/post"}],"author":[{"embeddable":true,"href":"https:\/\/aconteceunovale.com.br\/portal\/index.php?rest_route=\/wp\/v2\/users\/1"}],"replies":[{"embeddable":true,"href":"https:\/\/aconteceunovale.com.br\/portal\/index.php?rest_route=%2Fwp%2Fv2%2Fcomments&post=90125"}],"version-history":[{"count":0,"href":"https:\/\/aconteceunovale.com.br\/portal\/index.php?rest_route=\/wp\/v2\/posts\/90125\/revisions"}],"wp:featuredmedia":[{"embeddable":true,"href":"https:\/\/aconteceunovale.com.br\/portal\/index.php?rest_route=\/wp\/v2\/media\/71442"}],"wp:attachment":[{"href":"https:\/\/aconteceunovale.com.br\/portal\/index.php?rest_route=%2Fwp%2Fv2%2Fmedia&parent=90125"}],"wp:term":[{"taxonomy":"category","embeddable":true,"href":"https:\/\/aconteceunovale.com.br\/portal\/index.php?rest_route=%2Fwp%2Fv2%2Fcategories&post=90125"},{"taxonomy":"post_tag","embeddable":true,"href":"https:\/\/aconteceunovale.com.br\/portal\/index.php?rest_route=%2Fwp%2Fv2%2Ftags&post=90125"}],"curies":[{"name":"wp","href":"https:\/\/api.w.org\/{rel}","templated":true}]}}