{"id":90096,"date":"2016-06-24T11:03:39","date_gmt":"2016-06-24T14:03:39","guid":{"rendered":"http:\/\/aconteceunovale.com.br\/portal\/?p=90096"},"modified":"2016-06-24T18:39:32","modified_gmt":"2016-06-24T21:39:32","slug":"pao-superfaturado-pagou-divida-de-campanha-do-pt-em-governador-valadares-diz-delator","status":"publish","type":"post","link":"https:\/\/aconteceunovale.com.br\/portal\/?p=90096","title":{"rendered":"P\u00e3o superfaturado pagou d\u00edvida de campanha do PT em Governador Valadares, diz delator"},"content":{"rendered":"<p>Restaurantes e padarias que forneciam alimentos para o Servi\u00e7o Aut\u00f4nomo de \u00c1gua e Esgoto (Saae) de Governador Valadares, regi\u00e3o do Rio Doce, tamb\u00e9m participavam do esquema de corrup\u00e7\u00e3o descoberto pela opera\u00e7\u00e3o Mar de Lama. Os fornecedores superfaturavam notas fiscais, e o dinheiro era usado para pagar d\u00edvidas de campanha da prefeita Elisa Costa (PT).<\/p>\n<p>A informa\u00e7\u00e3o est\u00e1 na dela\u00e7\u00e3o premiada do ex-diretor do Saae Jefferson Santos Lima, afastado do cargo pela opera\u00e7\u00e3o que investiga a corrup\u00e7\u00e3o na cidade. A opera\u00e7\u00e3o \u00e9 conduzida pelo Grupo de Atua\u00e7\u00e3o Especial de Combate ao Crime Organizado (Gaeco), do Minist\u00e9rio P\u00fablico de Minas Gerais (MPMG).<\/p>\n<p>O delator relata que Jos\u00e9 Estanislau, a quem se refere como \u201co cara da padaria\u201d, forneceu alimenta\u00e7\u00e3o aos trabalhadores da campanha de Elisa e, posteriormente, passou ser fornecedor da prefeitura. Em \u00e1udios, Lima foi flagrado negociando propina com Estanislau.<\/p>\n<p>\u201cRestaram algumas d\u00edvidas de campanha, e Omir disse que o pagamento seria em superfaturamento a ser realizado em contratos com o Saae\u201d, disse Lima. Ele se refere ao ex-diretor geral do Saae, Omir Quintino Soares, que est\u00e1 preso. O delator n\u00e3o especificou os valores nem da d\u00edvida, nem dos produtos que eram superfaturados.<\/p>\n<p><img decoding=\"async\" src=\"http:\/\/aconteceunovale.com.br\/portal\/wp-content\/uploads\/2016\/06\/prefeita_elisa.jpg\" alt=\"\" \/><em>Prefeita Elisa Costa (PT) &#8211; Foto: Reprodu\u00e7\u00e3o\/Youtube<\/em><br \/>\n<\/br><\/p>\n<p>Lima contou que era ele mesmo quem recebia as notas que continham produtos n\u00e3o entregues e servi\u00e7os n\u00e3o prestados. \u201cEra o colaborador quem atestava a entrega dos produtos e pode afirmar que o que era entregue era muito menos do que o que era atestado\u201d, diz um trecho do depoimento. De acordo com o texto, Jos\u00e9 Estanislau \u201cganhava as licita\u00e7\u00f5es colocando os valores bem abaixo do pre\u00e7o de mercado\u201d e, depois, superfaturava as notas.<\/p>\n<p>De acordo com o delator, o esquema se repetiu com um restaurante, que al\u00e9m de incluir nas notas produtos e servi\u00e7os n\u00e3o entregues, tamb\u00e9m depositou propina em dinheiro em sua conta. Jefferson Lima disse que ficou com 20% da propina e o restante foi dividido entre o ent\u00e3o diretor geral do Saae, Omir Soares, e um dos operadores do esquema, conhecido como Juninho Tabajara.<\/p>\n<p>Ele disse ainda que uma empresa que prestava servi\u00e7os de limpeza ganhou a licita\u00e7\u00e3o \u201cnormalmente, sem qualquer fraude\u201d, mas foi obrigada a entrar no esquema, contratando menos funcion\u00e1rios do que o especificado no contrato e repartindo o valor referente \u00e0 fraude. \u201cCaso ela n\u00e3o aceitasse, haveria uma redu\u00e7\u00e3o do valor do contrato no importe de 25%\u201d, disse. A redu\u00e7\u00e3o seria poss\u00edvel gra\u00e7as a uma brecha na lei. <\/p>\n<p><strong>Avidez de Omir gerou disputa<\/strong><\/p>\n<p>Os depoimentos de Jefferson Santos Lima revelam uma disputa interna no Saae pelas propinas. Ao descrever o plano para superfaturar o projeto da nova sede do Instituto de Previd\u00eancia Municipal de Governador Valadares (Iprem), o delator afirma que ele e o operador conhecido como Juninho Tabajara queriam excluir do recebimento il\u00edcito o ent\u00e3o diretor geral do Saae, Omir Quintino Soares \u201cporque ele absorvia todas as propinas e n\u00e3o deixava sobrar para ningu\u00e9m\u201d.<\/p>\n<p>Em outro depoimento, ele j\u00e1 havia dito que Omir tamb\u00e9m foi exclu\u00eddo de um esquema que elevava em at\u00e9 30% o valor dos contratos firmados no Saae. Apesar disso, o ex-diretor geral recebia 5% do valor dos contratos, percentual que ele exigia em todas as negocia\u00e7\u00f5es.<\/p>\n<p><img decoding=\"async\" src=\"http:\/\/aconteceunovale.com.br\/portal\/wp-content\/uploads\/2016\/06\/propina_gv1.jpg\" alt=\"\" \/><br \/>\n<\/br><\/p>\n<p><strong>Prefeita nega<\/strong><\/p>\n<p>A prefeita Elisa Costa (PT) nega as acusa\u00e7\u00f5es. De acordo com a assessoria de imprensa da prefeitura, &#8220;suas contas de campanha foram aprovadas integralmente pelo Tribunal Regional Eleitoral (TRE), s\u00e3o p\u00fablicas e est\u00e3o disponibilizadas no site do referido Tribunal&#8221;. Na presta\u00e7\u00e3o de contas est\u00e3o declaradas todas as doa\u00e7\u00f5es, &#8220;que s\u00e3o absolutamente legais&#8221;, refor\u00e7a a assessoria. A nota diz ainda que &#8220;todo o resto citado em rela\u00e7\u00e3o a contas de campanha \u00e9 mentira&#8221;. <\/p>\n<p>A prefeitura diz ainda que a administra\u00e7\u00e3o municipal est\u00e1 colaborando com as investiga\u00e7\u00f5es e &#8220;reafirma o apoio a todas as a\u00e7\u00f5es que visam o combate a quaisquer atos il\u00edcitos no \u00e2mbito da administra\u00e7\u00e3o p\u00fablica&#8221;. A nota ainda diz que a prefeitura exonerou os envolvidos, abriu sindic\u00e2ncias e suspendeu contratos relacionados \u00e0 opera\u00e7\u00e3o Mar de Lama. <\/p>\n<p><em>(Fonte: O Tempo \/ Rep\u00f3rter: Ana Paula Pedrosa)<\/em><\/p>\n","protected":false},"excerpt":{"rendered":"<p>Restaurantes e padarias que forneciam alimentos para o Servi\u00e7o Aut\u00f4nomo de \u00c1gua e Esgoto (Saae) de Governador Valadares, regi\u00e3o do Rio Doce, tamb\u00e9m participavam do esquema de corrup\u00e7\u00e3o descoberto pela opera\u00e7\u00e3o Mar de Lama. Os fornecedores superfaturavam notas fiscais, e o dinheiro era usado para pagar d\u00edvidas de campanha da prefeita Elisa Costa (PT). A [&hellip;]<\/p>\n","protected":false},"author":1,"featured_media":90099,"comment_status":"open","ping_status":"closed","sticky":false,"template":"","format":"standard","meta":{"amp_status":"","footnotes":""},"categories":[121,40240],"tags":[100183,95481,88052,27930,88528,88412,88221,88090,27927,98819,95486,88047,88511,88077,95458,88410,100979,1018,88078,88076,98821,29486,95475,95470,95474,65870,88098,88081,100978,88094,88096,88101,88103,1886,88092,88072,88099,95293,95457,95303,88053,95484,88057,27921,98280,247,95456,95483,100193,95469,100195,95478,96031,88080,96028,95477,96030,88088,88071,99429,99430,96102,74250,74249,95480,95471,95473,88062,88446,100184,27928,88066,88070,88082,88046,88045,88074,98825,95479,100980,88100,88102,88079,88512,35082,88264,100321,88075,95505,95510,88050,88051,88091,88065,88095,88097,95294,88054,88055,88056,88089,88059,95295,88058,88060,88068,88067,88083,88042,96840,88087,88064,95289,88043,88085,88061,95498,95490,95494,95496,95455,88093,95292,95508,95507,95489,95502,95501,95504,95491,95493,95495,95503,95506,95512,95499,95492,95511,95509,95500,95497,96839,96838,758,98826,98823,98824,95482,95488,95476,96029,98822,98820,49318,95472,88073,88086,88063,95487,100180,100182,100181,88350,100925,95485,5035,88044,95288,88040,100308,100309,100310,62430,88084,27929],"class_list":["post-90096","post","type-post","status-publish","format-standard","has-post-thumbnail","hentry","category-leste","category-politica-2","tag-3a-vara-criminal-da-comarca-de-governador-valadares","tag-aldair-santos-doliveira","tag-anania-paula-da-silva","tag-ananias-camelo","tag-anexo-da-camara-municipal-de-governador-valadares-e-alvo-de-vandalismo","tag-bispo-da-diocese-de-governador-valadares","tag-camara-municipal-de-governador-valadares","tag-carlos-helder-lazaro","tag-cezinha-alvarenga","tag-claudineia-araujo","tag-construtora-vieira-prado","tag-corrupcao-governador-valadares","tag-corrupcao-pt","tag-corrupcao-saae-de-governador-valadares","tag-corrupcao-valadarense","tag-darly-alves-de-souza","tag-delacao-premiada-do-ex-diretor-do-saae-jefferson-santos-lima","tag-destaque","tag-desvio-de-dinheiro-governador-valadares","tag-desvio-de-dinheiro-saae-de-governador-valadares","tag-desvio-de-recursos-publicos-governador-valadares","tag-diocese-de-governador-valadares","tag-diretor-adjunto-do-saae","tag-diretor-de-gestao-de-rh-do-saae","tag-diretor-do-departamento-de-servicos-funerarios-e-cemiterios","tag-diretor-do-saae","tag-diretor-geral-do-saae-de-governador-valadares","tag-diretor-geral-do-saae-de-governador-valadares-e-outras-sete-pessoas-sao-presos-em-operacao-da-pf","tag-dividas-de-campanha-da-prefeita-elisa-costa","tag-djalma-florencio-diniz","tag-djalma-florencio-diniz-junior","tag-dpark","tag-dpark-servicos-de-estacionamento","tag-elisa-costa","tag-emilio-claudio-alvarenga-rios","tag-emilio-frois","tag-fejoli-florestal","tag-fraude-empresa-valadarense","tag-fraude-valadarense","tag-gaeco-de-governador-valadares","tag-geovanne-honorio-da-silva","tag-gerente-do-posto-tabajara","tag-gledston-gomes-de-araujo","tag-gledston-guetao","tag-gledston-guetao-reassume-cadeira-na-camara-de-governador-valadares","tag-governador-valadares","tag-investigacao-valadarense","tag-jean-carlos-soares","tag-jefferson-lima","tag-jefferson-santos-lima","tag-jorge-ferreira-lopes","tag-jose-estanislau-de-brito","tag-juiz-converte-10-prisoes-temporarias-em-preventivas-e-libera-4-investigados-da-cadeia","tag-juiz-federal-determina-o-afastamento-de-oito-vereadores-de-governador-valadares","tag-juiz-libera-4-investigados-e-converte-10-prisoes-temporarias-em-preventivas","tag-juliana-campos-carvalho","tag-juliana-campos-carvalho-schettino","tag-juliana-de-oliveira-alves-melo","tag-juninho-tabajara","tag-justica-aceita-denuncia-e-torna-reus-36-politicos-e-servidores-publicos-de-governador-valadares","tag-justica-aceita-integralmente-denuncia-do-mpmg-contra-politicos-e-servidores-publicos-de-governador-valadares","tag-justica-recebe-denuncias-do-mpf-por-desvios-de-verbas-federais-em-governador-valadares","tag-levi-presidente","tag-levi-vieira-da-silva","tag-lucas-estanislau-de-brito","tag-marco-rodrigo-rios-bertolacini","tag-marcos-antonio-voria","tag-marinaldo-carlos-de-amorim","tag-memes-governador-valadares","tag-michel-cristian-de-freitas","tag-milvinho","tag-milvio-jose-da-silva","tag-omir-do-saae","tag-omir-quintino-soares","tag-operacao-da-pf-governador-valadares","tag-operacao-da-policia-federal-governador-valadares","tag-operacao-saae-de-governador-valadares","tag-organizacao-criminosa-prefeitura-de-governador-valadares","tag-padaria-pao-express","tag-pao-superfaturado-pagou-divida-de-campanha-do-pt-em-governador-valadares","tag-pavotec","tag-pavotec-pavimentacao-e-terraplanagem","tag-pf-deflagra-operacao-contra-fraudes-em-contratos-em-prefeitura-de-governador-valadares","tag-prefeita-de-governador-valadares-nega-desvio-bilionario-e-pede-retratacao-da-pf","tag-prefeitura-de-governador-valadares","tag-prefeitura-de-governador-valadares-refuta-informacao-sobre-desvio-bilionario","tag-presidente-de-sindicato-em-governador-valadares-recebeu-r-400-mil-em-propinas","tag-presos-saae-de-governador-valadares","tag-prisao-aldair-santos-doliveira","tag-prisao-construtora-vieira-prado","tag-prisao-de-anania-paula-da-silva","tag-prisao-de-ananias-camelo","tag-prisao-de-carlos-helder-lazaro","tag-prisao-de-cezinha-alvarenga","tag-prisao-de-djalma-florencio-diniz","tag-prisao-de-djalma-florencio-diniz-junior","tag-prisao-de-geovane-honorio","tag-prisao-de-geovanne-honorio-da-silva","tag-prisao-de-gledston-gomes-de-araujo","tag-prisao-de-gledston-guetao","tag-prisao-de-juliana-de-oliveira-alves-melo","tag-prisao-de-levi-presidente","tag-prisao-de-levi-vieira","tag-prisao-de-levi-vieira-da-silva","tag-prisao-de-marinaldo-carlos-de-amorim","tag-prisao-de-milvinho","tag-prisao-de-milvio-jose-da-silva","tag-prisao-de-omir-quintino-soares","tag-prisao-de-politicos-governador-valadares","tag-prisao-de-proprietarios-da-empresa-valadarense","tag-prisao-de-seleme-hilel-neto","tag-prisao-de-sezary-de-oliveira-alvarenga","tag-prisao-de-vereadores-em-governador-valadares","tag-prisao-de-vereadores-governador-valadares","tag-prisao-de-vilmar-rios-dias-junior","tag-prisao-de-zangado","tag-prisao-diretor-adjunto-do-saae","tag-prisao-diretor-de-gestao-de-rh-do-saae","tag-prisao-diretor-do-departamento-de-servicos-funerarios-e-cemiterios","tag-prisao-diretor-do-saae","tag-prisao-donos-da-valadarense","tag-prisao-emilio-claudio-alvarenga-rios","tag-prisao-empresa-valadarense","tag-prisao-gerente-do-posto-tabajara","tag-prisao-jean-carlos-soares","tag-prisao-jefferson-santos-lima","tag-prisao-jose-estanislau-de-brito","tag-prisao-juliana-campos-carvalho","tag-prisao-lucas-estanislau-de-brito","tag-prisao-marco-rodrigo-rios-bertolacini","tag-prisao-marcos-antonio-voria","tag-prisao-omir-quintino-soares","tag-prisao-padaria-pao-express","tag-prisao-restaurante-sabor-da-praca","tag-prisao-rh-assessoria","tag-prisao-roberto-jose-carvalho","tag-prisao-secretario-municipal-de-servicos-urbanos","tag-prisao-silvana-santos-alves","tag-prisao-thiago-vieira-prado","tag-prisao-valadarense","tag-prisao-vilmar-rios-dias-junior","tag-proprietarios-da-empresa-valadarense","tag-proprietarios-da-empresa-valadarense-se-entregam-a-policia-federal","tag-pt","tag-quadrilha-desviou-quase-toda-verba-para-recuperacao-de-estragos-da-chuva-em-governador-valadares","tag-quadrilha-governador-valadares","tag-quadrilha-prefeitura-de-governador-valadares","tag-restaurante-sabor-da-praca","tag-rh-assessoria","tag-roberto-jose-carvalho","tag-roberto-jose-de-carvalho","tag-roubo-na-prefeitura-de-governador-valadares","tag-rua-da-passagem","tag-saae-de-governador-valadares","tag-secretario-municipal-de-servicos-urbanos","tag-seleme-hilel","tag-seleme-hilel-neto","tag-sezary-de-oliveira-alvarenga","tag-silvana-santos-alves","tag-sindicato-dos-trabalhadores-de-transportes-rodoviarios-de-governador-valadares","tag-sinttro-gv","tag-sinttrogv","tag-tarsis-augusto-de-santana-lima","tag-thiago-vieira-do-prado","tag-thiago-vieira-prado","tag-valadarense","tag-vereadores-alvos-de-operacao-em-governador-valadares","tag-vereadores-presos-em-governado","tag-vereadores-presos-em-governador-valadares","tag-video-mostra-presidente-de-sindicato-recebendo-grande-quantia-de-dinheiro-do-proprietario-da-empresa-valadarense","tag-video-mostra-presidente-de-sindicato-recebendo-suposta-propina-de-empresa-de-onibus-em-governador-valadares","tag-video-mostra-presidente-de-sindicato-recebendo-suposta-propina-de-empresa-de-onibus-em-valadares","tag-vilmar-rios","tag-vilmar-rios-dias-junior","tag-zangado"],"_links":{"self":[{"href":"https:\/\/aconteceunovale.com.br\/portal\/index.php?rest_route=\/wp\/v2\/posts\/90096","targetHints":{"allow":["GET"]}}],"collection":[{"href":"https:\/\/aconteceunovale.com.br\/portal\/index.php?rest_route=\/wp\/v2\/posts"}],"about":[{"href":"https:\/\/aconteceunovale.com.br\/portal\/index.php?rest_route=\/wp\/v2\/types\/post"}],"author":[{"embeddable":true,"href":"https:\/\/aconteceunovale.com.br\/portal\/index.php?rest_route=\/wp\/v2\/users\/1"}],"replies":[{"embeddable":true,"href":"https:\/\/aconteceunovale.com.br\/portal\/index.php?rest_route=%2Fwp%2Fv2%2Fcomments&post=90096"}],"version-history":[{"count":0,"href":"https:\/\/aconteceunovale.com.br\/portal\/index.php?rest_route=\/wp\/v2\/posts\/90096\/revisions"}],"wp:featuredmedia":[{"embeddable":true,"href":"https:\/\/aconteceunovale.com.br\/portal\/index.php?rest_route=\/wp\/v2\/media\/90099"}],"wp:attachment":[{"href":"https:\/\/aconteceunovale.com.br\/portal\/index.php?rest_route=%2Fwp%2Fv2%2Fmedia&parent=90096"}],"wp:term":[{"taxonomy":"category","embeddable":true,"href":"https:\/\/aconteceunovale.com.br\/portal\/index.php?rest_route=%2Fwp%2Fv2%2Fcategories&post=90096"},{"taxonomy":"post_tag","embeddable":true,"href":"https:\/\/aconteceunovale.com.br\/portal\/index.php?rest_route=%2Fwp%2Fv2%2Ftags&post=90096"}],"curies":[{"name":"wp","href":"https:\/\/api.w.org\/{rel}","templated":true}]}}