{"id":89863,"date":"2016-06-22T17:34:59","date_gmt":"2016-06-22T20:34:59","guid":{"rendered":"http:\/\/aconteceunovale.com.br\/portal\/?p=89863"},"modified":"2016-06-22T17:34:59","modified_gmt":"2016-06-22T20:34:59","slug":"acidente-entre-carro-e-carreta-deixa-motorista-ferido-no-norte-de-minas","status":"publish","type":"post","link":"https:\/\/aconteceunovale.com.br\/portal\/?p=89863","title":{"rendered":"Acidente entre carro e carreta deixa motorista ferido no Norte de Minas"},"content":{"rendered":"<p>A colis\u00e3o entre uma carreta e um carro de passeio deixou uma pessoa ferida na tarde de segunda-feira, 20 de junho, na altura do quil\u00f4metro 258 da BR-122, pr\u00f3ximo a Capit\u00e3o En\u00e9as. Uma equipe do Servi\u00e7o de Atendimento M\u00f3vel de Urg\u00eancia (SAMU) foi acionada e prestou socorro ao condutor do ve\u00edculo menor, identificado pelas iniciais S.C, de 67 anos.<\/p>\n<p>O idoso recebeu os primeiros atendimentos no local e foi encaminhado para o Hospital de Capit\u00e3o En\u00e9as. O condutor da carreta n\u00e3o ficou ferido. As causas do acidente n\u00e3o foram divulgadas.<\/p>\n<p><img decoding=\"async\" src=\"http:\/\/aconteceunovale.com.br\/portal\/wp-content\/uploads\/2016\/06\/acidente_capitao_eneas_1.jpg\" alt=\"\" \/><em>Acidente aconteceu no km 258 da BR-122 (Foto: Reprodu\u00e7\u00e3o \/ WhatsApp)<\/em><br \/>\n<\/br><\/p>\n<p><img decoding=\"async\" src=\"http:\/\/aconteceunovale.com.br\/portal\/wp-content\/uploads\/2016\/06\/acidente_capitao_eneas_2.jpg\" alt=\"\" \/><em>Acidente aconteceu no km 258 da BR-122 (Foto: Reprodu\u00e7\u00e3o \/ WhatsApp)<\/em><br \/>\n<\/br><\/p>\n<p><img decoding=\"async\" src=\"http:\/\/aconteceunovale.com.br\/portal\/wp-content\/uploads\/2016\/06\/acidente_capitao_eneas_3.jpg\" alt=\"\" \/><em>Acidente aconteceu no km 258 da BR-122 (Foto: Reprodu\u00e7\u00e3o \/ WhatsApp)<\/em><\/p>\n","protected":false},"excerpt":{"rendered":"<p>A colis\u00e3o entre uma carreta e um carro de passeio deixou uma pessoa ferida na tarde de segunda-feira, 20 de junho, na altura do quil\u00f4metro 258 da BR-122, pr\u00f3ximo a Capit\u00e3o En\u00e9as. Uma equipe do Servi\u00e7o de Atendimento M\u00f3vel de Urg\u00eancia (SAMU) foi acionada e prestou socorro ao condutor do ve\u00edculo menor, identificado pelas iniciais [&hellip;]<\/p>\n","protected":false},"author":1,"featured_media":89866,"comment_status":"open","ping_status":"closed","sticky":false,"template":"","format":"standard","meta":{"amp_status":"","footnotes":""},"categories":[1236],"tags":[100493,100492,100494,100495],"class_list":["post-89863","post","type-post","status-publish","format-standard","has-post-thumbnail","hentry","category-norte_de_minas","tag-acidente-em-capitao-eneas","tag-acidente-entre-carro-e-carreta-deixa-motorista-ferido-no-norte-de-minas","tag-acidente-na-br-122-em-capitao-eneas","tag-colisao-entre-carro-e-carreta-no-norte-de-minas"],"_links":{"self":[{"href":"https:\/\/aconteceunovale.com.br\/portal\/index.php?rest_route=\/wp\/v2\/posts\/89863","targetHints":{"allow":["GET"]}}],"collection":[{"href":"https:\/\/aconteceunovale.com.br\/portal\/index.php?rest_route=\/wp\/v2\/posts"}],"about":[{"href":"https:\/\/aconteceunovale.com.br\/portal\/index.php?rest_route=\/wp\/v2\/types\/post"}],"author":[{"embeddable":true,"href":"https:\/\/aconteceunovale.com.br\/portal\/index.php?rest_route=\/wp\/v2\/users\/1"}],"replies":[{"embeddable":true,"href":"https:\/\/aconteceunovale.com.br\/portal\/index.php?rest_route=%2Fwp%2Fv2%2Fcomments&post=89863"}],"version-history":[{"count":0,"href":"https:\/\/aconteceunovale.com.br\/portal\/index.php?rest_route=\/wp\/v2\/posts\/89863\/revisions"}],"wp:featuredmedia":[{"embeddable":true,"href":"https:\/\/aconteceunovale.com.br\/portal\/index.php?rest_route=\/wp\/v2\/media\/89866"}],"wp:attachment":[{"href":"https:\/\/aconteceunovale.com.br\/portal\/index.php?rest_route=%2Fwp%2Fv2%2Fmedia&parent=89863"}],"wp:term":[{"taxonomy":"category","embeddable":true,"href":"https:\/\/aconteceunovale.com.br\/portal\/index.php?rest_route=%2Fwp%2Fv2%2Fcategories&post=89863"},{"taxonomy":"post_tag","embeddable":true,"href":"https:\/\/aconteceunovale.com.br\/portal\/index.php?rest_route=%2Fwp%2Fv2%2Ftags&post=89863"}],"curies":[{"name":"wp","href":"https:\/\/api.w.org\/{rel}","templated":true}]}}