{"id":89858,"date":"2016-06-22T15:45:17","date_gmt":"2016-06-22T18:45:17","guid":{"rendered":"http:\/\/aconteceunovale.com.br\/portal\/?p=89858"},"modified":"2016-06-22T15:45:17","modified_gmt":"2016-06-22T18:45:17","slug":"acao-trabalhista-pode-ter-motivado-assassinato-de-homem-em-itaobim-no-vale-do-jequitinhonha-2","status":"publish","type":"post","link":"https:\/\/aconteceunovale.com.br\/portal\/?p=89858","title":{"rendered":"A\u00e7\u00e3o trabalhista pode ter motivado assassinato de homem em Itaobim, no Vale do Jequitinhonha"},"content":{"rendered":"<p>A pol\u00edcia realiza rastreamentos com intuito de localizar e prender quatro indiv\u00edduos suspeitos de um assassinato registrado na noite desta ter\u00e7a-feira, 21 de junho, no per\u00edmetro urbano de Itaobim, no Vale do Jequitinhonha. Jo\u00e3o Annanias Carlos, de 52 anos, conhecido como Carioca, foi executado a tiros. O assassinato pode estar relacionado com uma a\u00e7\u00e3o trabalhista movida pela v\u00edtima contra um empres\u00e1rio da cidade.<\/p>\n<p>De acordo com a Pol\u00edcia Militar (PM), por volta das 21h10, uma guarni\u00e7\u00e3o policial compareceu ao local informado por denunciantes, onde depararam com a v\u00edtima ca\u00edda no interior de um im\u00f3vel, apresentando intenso sangramento na regi\u00e3o da cabe\u00e7a. Uma equipe do Servi\u00e7o de Atendimento M\u00f3vel de Urg\u00eancia (SAMU) foi acionada e constatou o \u00f3bito.<\/p>\n<p>O crime n\u00e3o foi presenciado por ningu\u00e9m. Moradores afirmaram apenas terem ouvido disparos de arma de fogo e posteriormente encontraram a v\u00edtima ca\u00edda no interior da casa. Os vizinhos relataram que Jo\u00e3o Annanias era uma pessoa querida no Bairro Santa Helena e que n\u00e3o tinham conhecimento que o mesmo tinha inimigos.<\/p>\n<p>No entanto, durante apura\u00e7\u00f5es, a PM recebeu den\u00fancias atrav\u00e9s do 190 dando conta de que os autores do crime seriam quatro indiv\u00edduos. Denunciantes tamb\u00e9m afirmaram que Jo\u00e3o Annanias fizera coment\u00e1rios que estava sendo amea\u00e7ado de morte por um empres\u00e1rio da cidade devido a uma a\u00e7\u00e3o trabalhista que estava sendo impetrada na Justi\u00e7a do Trabalho. Conforme a PM, documentos localizados no interior da resid\u00eancia da v\u00edtima confirmaram a a\u00e7\u00e3o trabalhista.<\/p>\n<p>A Per\u00edcia da Pol\u00edcia Civil compareceu ao local e constatou cinco perfura\u00e7\u00f5es no corpo da v\u00edtima. Ap\u00f3s os trabalhos t\u00e9cnicos periciais, o corpo de Jo\u00e3o Annanias foi recolhido ao Instituto M\u00e9dico Legal (IML) em Almenara. Os suspeitos ainda n\u00e3o foram localizados.<\/p>\n<p><img decoding=\"async\" src=\"http:\/\/aconteceunovale.com.br\/portal\/wp-content\/uploads\/2016\/06\/itaobim_mg.jpg\" alt=\"\" \/><em>Homem foi morto no bairro Santa Helena (Foto: Site da Prefeitura de Itaobim\/Divulga\u00e7\u00e3o)<\/em><\/p>\n","protected":false},"excerpt":{"rendered":"<p>A pol\u00edcia realiza rastreamentos com intuito de localizar e prender quatro indiv\u00edduos suspeitos de um assassinato registrado na noite desta ter\u00e7a-feira, 21 de junho, no per\u00edmetro urbano de Itaobim, no Vale do Jequitinhonha. Jo\u00e3o Annanias Carlos, de 52 anos, conhecido como Carioca, foi executado a tiros. O assassinato pode estar relacionado com uma a\u00e7\u00e3o trabalhista [&hellip;]<\/p>\n","protected":false},"author":1,"featured_media":89856,"comment_status":"open","ping_status":"closed","sticky":false,"template":"","format":"standard","meta":{"amp_status":"","footnotes":""},"categories":[120],"tags":[100484,142,186,97519,100487,100485,84736,391,100486,97521,52172,84737],"class_list":["post-89858","post","type-post","status-publish","format-standard","has-post-thumbnail","hentry","category-jequi","tag-acao-trabalhista-pode-ter-motivado-assassinato-de-homem-em-itaobim","tag-almenara","tag-aracuai","tag-assassinato-itaobim","tag-carioca","tag-execucao-de-homem-em-itaobim","tag-homicidio-itaobim","tag-itaobim","tag-joao-annanias-carlos","tag-morte-itaobim","tag-morto-em-itaobim","tag-violencia-itaobim"],"_links":{"self":[{"href":"https:\/\/aconteceunovale.com.br\/portal\/index.php?rest_route=\/wp\/v2\/posts\/89858","targetHints":{"allow":["GET"]}}],"collection":[{"href":"https:\/\/aconteceunovale.com.br\/portal\/index.php?rest_route=\/wp\/v2\/posts"}],"about":[{"href":"https:\/\/aconteceunovale.com.br\/portal\/index.php?rest_route=\/wp\/v2\/types\/post"}],"author":[{"embeddable":true,"href":"https:\/\/aconteceunovale.com.br\/portal\/index.php?rest_route=\/wp\/v2\/users\/1"}],"replies":[{"embeddable":true,"href":"https:\/\/aconteceunovale.com.br\/portal\/index.php?rest_route=%2Fwp%2Fv2%2Fcomments&post=89858"}],"version-history":[{"count":0,"href":"https:\/\/aconteceunovale.com.br\/portal\/index.php?rest_route=\/wp\/v2\/posts\/89858\/revisions"}],"wp:featuredmedia":[{"embeddable":true,"href":"https:\/\/aconteceunovale.com.br\/portal\/index.php?rest_route=\/wp\/v2\/media\/89856"}],"wp:attachment":[{"href":"https:\/\/aconteceunovale.com.br\/portal\/index.php?rest_route=%2Fwp%2Fv2%2Fmedia&parent=89858"}],"wp:term":[{"taxonomy":"category","embeddable":true,"href":"https:\/\/aconteceunovale.com.br\/portal\/index.php?rest_route=%2Fwp%2Fv2%2Fcategories&post=89858"},{"taxonomy":"post_tag","embeddable":true,"href":"https:\/\/aconteceunovale.com.br\/portal\/index.php?rest_route=%2Fwp%2Fv2%2Ftags&post=89858"}],"curies":[{"name":"wp","href":"https:\/\/api.w.org\/{rel}","templated":true}]}}