{"id":89845,"date":"2016-06-22T13:37:54","date_gmt":"2016-06-22T16:37:54","guid":{"rendered":"http:\/\/aconteceunovale.com.br\/portal\/?p=89845"},"modified":"2016-06-22T13:37:54","modified_gmt":"2016-06-22T16:37:54","slug":"homem-e-morto-a-pauladas-e-facadas-no-municipio-de-japonvar-no-norte-de-minas","status":"publish","type":"post","link":"https:\/\/aconteceunovale.com.br\/portal\/?p=89845","title":{"rendered":"Homem \u00e9 morto a pauladas e facadas no munic\u00edpio de Japonvar, no Norte de Minas"},"content":{"rendered":"<p>Um homem de 31 anos foi morto a facadas e pauladas pelo enteado, durante uma briga, na zona rural de Japonvar, na regi\u00e3o Norte de Minas Gerais, nessa ter\u00e7a-feira (21\/6). De acordo com relato de testemunhas \u00e0 Pol\u00edcia Militar (PM), a v\u00edtima teria brigado com seu enteado e com o cunhado dele &#8211; genro de sua companheira &#8211; e acabou morto pela dupla, que usou uma faca e um peda\u00e7o de madeira. Nilton Pereira da Silva teve afundamento do osso da face.<\/p>\n<p>Segundo levantado pela PM, o enteado, de 23 anos, teria afirmado que Nilton &#8220;n\u00e3o prestava&#8221;, j\u00e1 que ficava olhando para a irm\u00e3 dele de 9 anos, enquanto ela tomava banho. O suspeito teria sa\u00eddo de Belo Horizonte apenas para &#8220;acertar as contas&#8221; com a v\u00edtima.<\/p>\n<p>A m\u00e3e do suspeito revelou que dormia com Silva, quando um de seus filhos mandou ele correr, porque o genro da m\u00e3e estava com uma arma para mat\u00e1-lo. Na porta da resid\u00eancia, Silva deparou com o rapaz que segurava uma faca e com o seu enteado que trazia um peda\u00e7o de pau. Eles se agrediram, mas Silva acabou morto. <\/p>\n<p>Ainda, conforme a mulher, ela e Silva se conheceram h\u00e1 seis meses e viviam juntos desde ent\u00e3o, mas os parentes dela tinham ci\u00fames. Os suspeitos ainda n\u00e3o foram encontrados. (O Tempo\/PM)<\/p>\n","protected":false},"excerpt":{"rendered":"<p>Um homem de 31 anos foi morto a facadas e pauladas pelo enteado, durante uma briga, na zona rural de Japonvar, na regi\u00e3o Norte de Minas Gerais, nessa ter\u00e7a-feira (21\/6). De acordo com relato de testemunhas \u00e0 Pol\u00edcia Militar (PM), a v\u00edtima teria brigado com seu enteado e com o cunhado dele &#8211; genro de [&hellip;]<\/p>\n","protected":false},"author":1,"featured_media":71442,"comment_status":"open","ping_status":"closed","sticky":false,"template":"","format":"standard","meta":{"amp_status":"","footnotes":""},"categories":[1236],"tags":[100461,74698,100458,74697,3058,100459,100460,100462],"class_list":["post-89845","post","type-post","status-publish","format-standard","has-post-thumbnail","hentry","category-norte_de_minas","tag-assassinado-japonvar","tag-assassinato-japonvar","tag-homem-e-morto-a-pauladas-e-facadas-no-municipio-de-japonvar","tag-homicidio-japonvar","tag-japonvar","tag-morte-japonvar","tag-morto-japonvar","tag-nilton-pereira-da-silva"],"_links":{"self":[{"href":"https:\/\/aconteceunovale.com.br\/portal\/index.php?rest_route=\/wp\/v2\/posts\/89845","targetHints":{"allow":["GET"]}}],"collection":[{"href":"https:\/\/aconteceunovale.com.br\/portal\/index.php?rest_route=\/wp\/v2\/posts"}],"about":[{"href":"https:\/\/aconteceunovale.com.br\/portal\/index.php?rest_route=\/wp\/v2\/types\/post"}],"author":[{"embeddable":true,"href":"https:\/\/aconteceunovale.com.br\/portal\/index.php?rest_route=\/wp\/v2\/users\/1"}],"replies":[{"embeddable":true,"href":"https:\/\/aconteceunovale.com.br\/portal\/index.php?rest_route=%2Fwp%2Fv2%2Fcomments&post=89845"}],"version-history":[{"count":0,"href":"https:\/\/aconteceunovale.com.br\/portal\/index.php?rest_route=\/wp\/v2\/posts\/89845\/revisions"}],"wp:featuredmedia":[{"embeddable":true,"href":"https:\/\/aconteceunovale.com.br\/portal\/index.php?rest_route=\/wp\/v2\/media\/71442"}],"wp:attachment":[{"href":"https:\/\/aconteceunovale.com.br\/portal\/index.php?rest_route=%2Fwp%2Fv2%2Fmedia&parent=89845"}],"wp:term":[{"taxonomy":"category","embeddable":true,"href":"https:\/\/aconteceunovale.com.br\/portal\/index.php?rest_route=%2Fwp%2Fv2%2Fcategories&post=89845"},{"taxonomy":"post_tag","embeddable":true,"href":"https:\/\/aconteceunovale.com.br\/portal\/index.php?rest_route=%2Fwp%2Fv2%2Ftags&post=89845"}],"curies":[{"name":"wp","href":"https:\/\/api.w.org\/{rel}","templated":true}]}}