{"id":89841,"date":"2016-06-22T13:09:40","date_gmt":"2016-06-22T16:09:40","guid":{"rendered":"http:\/\/aconteceunovale.com.br\/portal\/?p=89841"},"modified":"2016-06-22T13:09:40","modified_gmt":"2016-06-22T16:09:40","slug":"greve-de-transportadores-de-combustiveis-ganha-adesao-de-100-em-minas-gerais","status":"publish","type":"post","link":"https:\/\/aconteceunovale.com.br\/portal\/?p=89841","title":{"rendered":"Greve de transportadores de combust\u00edveis ganha ades\u00e3o de 100% em Minas Gerais"},"content":{"rendered":"<p>A greve dos transportadores de combust\u00edveis e de derivados de petr\u00f3leo de Minas Gerais entrou no segundo dia nesta ter\u00e7a-feira (22\/6). O movimento atinge distribuidoras de combust\u00edveis e de derivados de petr\u00f3leo em opera\u00e7\u00e3o em todo o Estado e conta com a ades\u00e3o de 100% dos transportadores. Segundo o presidente do Sindicato dos Transportadores de Combust\u00edveis e Derivados de Petr\u00f3leo do Estado de Minas Gerais (Sindtanque-MG), Irani Gomes, a paralisa\u00e7\u00e3o \u00e9 por tempo indeterminado. <\/p>\n<p>\u201cEstamos tentando uma reuni\u00e3o com o governador Fernando Pimentel para ainda hoje e aguardando as distribuidoras para tratarmos das nossas reivindica\u00e7\u00f5es. At\u00e9 que isso aconte\u00e7a, a greve continua\u201d, avisa.<\/p>\n<p>A greve \u00e9 um protesto contra o baixo valor do frete pago pelas distribuidoras; perda de servi\u00e7o para o transporte por trem; alta carga de impostos e taxas; al\u00e9m dos altos custos dos insumos que incidem sobre o frete.<\/p>\n<p><img decoding=\"async\" src=\"http:\/\/aconteceunovale.com.br\/portal\/wp-content\/uploads\/2016\/06\/greve_sinditanque_2.jpg\" alt=\"\" \/><em>Transportadores est\u00e3o com os bra\u00e7os cruzados em Minas (Foto: Sindtanque-MG\/Divulga\u00e7\u00e3o)<\/em><br \/>\n<\/br><\/p>\n<p>Os transportadores reivindicam: reajuste imediato do valor do frete; subs\u00eddio no \u00f3leo diesel; redu\u00e7\u00e3o da carga tribut\u00e1ria e do PIS\/Cofins; recebimento da di\u00e1ria por hora parada; recebimento do vale-ped\u00e1gio; incentivos para a moderniza\u00e7\u00e3o da frota; e melhoria da malha rodovi\u00e1ria.<\/p>\n<p>Os caminh\u00f5es est\u00e3o estacionados nas portarias das distribuidoras localizadas nas imedia\u00e7\u00f5es da Refinaria Gabriel Passos (Regap), em Betim, e nas garagens das transportadoras. Portanto, um movimento pac\u00edfico nas portarias das distribuidoras ou impedimentos de vias.<\/p>\n<p>De acordo com o Sindicato do Com\u00e9rcio Varejista de Derivados do Petr\u00f3leo do Estado de Minas Gerais (Minaspetro), at\u00e9 o momento, nenhum posto de combust\u00edvel apresentou falta de abastecimento.<\/p>\n<p>\u201cA grande maioria dos postos s\u00f3 tem reservas, de cada produto, para um dia, pois trabalham com um estoque muito rotativo. Se a greve n\u00e3o terminar ainda hoje, amanh\u00e3 estabelecimentos em v\u00e1rias regi\u00f5es do Estado j\u00e1 poder\u00e3o ficar sem combust\u00edveis. A situa\u00e7\u00e3o nos preocupa, e muito\u201d, avaliou o presidente do Minaspetro, Carlos Guimar\u00e3es Junior.<\/p>\n<p><img decoding=\"async\" src=\"http:\/\/aconteceunovale.com.br\/portal\/wp-content\/uploads\/2016\/06\/greve_sinditanque_1.jpg\" alt=\"\" \/><em>Transportadores est\u00e3o com os bra\u00e7os cruzados em Minas (Foto: Sindtanque-MG\/Divulga\u00e7\u00e3o)<\/em><br \/>\n<\/br><\/p>\n<p><em>(Fonte: O Tempo)<\/em><\/p>\n","protected":false},"excerpt":{"rendered":"<p>A greve dos transportadores de combust\u00edveis e de derivados de petr\u00f3leo de Minas Gerais entrou no segundo dia nesta ter\u00e7a-feira (22\/6). O movimento atinge distribuidoras de combust\u00edveis e de derivados de petr\u00f3leo em opera\u00e7\u00e3o em todo o Estado e conta com a ades\u00e3o de 100% dos transportadores. Segundo o presidente do Sindicato dos Transportadores de [&hellip;]<\/p>\n","protected":false},"author":1,"featured_media":89843,"comment_status":"open","ping_status":"closed","sticky":false,"template":"","format":"standard","meta":{"amp_status":"","footnotes":""},"categories":[123],"tags":[1495,100456,100457,100445,100444,100446,100449,100450,100454,100455,100451,100452,100453,100447,100448],"class_list":["post-89841","post","type-post","status-publish","format-standard","has-post-thumbnail","hentry","category-gerais","tag-betim","tag-carlos-guimaraes-junior","tag-greve-de-transportadores-de-combustiveis-ganha-adesao-de-100-em-minas-gerais","tag-greve-dos-transportadores-de-combustiveis","tag-greve-dos-transportadores-de-combustiveis-e-de-derivados-de-petroleo-de-minas-gerais","tag-greve-dos-transportadores-de-combustiveis-em-minas-gerais","tag-greve-sindtanque-mg","tag-irani-gomes","tag-minaspetro","tag-presidente-do-minaspetro","tag-refinaria-gabriel-passos","tag-regap","tag-sindicato-do-comercio-varejista-de-derivados-do-petroleo-do-estado-de-minas-gerais","tag-sindicato-dos-transportadores-de-combustiveis-e-derivados-de-petroleo-do-estado-de-minas-gerais","tag-sindtanque-mg"],"_links":{"self":[{"href":"https:\/\/aconteceunovale.com.br\/portal\/index.php?rest_route=\/wp\/v2\/posts\/89841","targetHints":{"allow":["GET"]}}],"collection":[{"href":"https:\/\/aconteceunovale.com.br\/portal\/index.php?rest_route=\/wp\/v2\/posts"}],"about":[{"href":"https:\/\/aconteceunovale.com.br\/portal\/index.php?rest_route=\/wp\/v2\/types\/post"}],"author":[{"embeddable":true,"href":"https:\/\/aconteceunovale.com.br\/portal\/index.php?rest_route=\/wp\/v2\/users\/1"}],"replies":[{"embeddable":true,"href":"https:\/\/aconteceunovale.com.br\/portal\/index.php?rest_route=%2Fwp%2Fv2%2Fcomments&post=89841"}],"version-history":[{"count":0,"href":"https:\/\/aconteceunovale.com.br\/portal\/index.php?rest_route=\/wp\/v2\/posts\/89841\/revisions"}],"wp:featuredmedia":[{"embeddable":true,"href":"https:\/\/aconteceunovale.com.br\/portal\/index.php?rest_route=\/wp\/v2\/media\/89843"}],"wp:attachment":[{"href":"https:\/\/aconteceunovale.com.br\/portal\/index.php?rest_route=%2Fwp%2Fv2%2Fmedia&parent=89841"}],"wp:term":[{"taxonomy":"category","embeddable":true,"href":"https:\/\/aconteceunovale.com.br\/portal\/index.php?rest_route=%2Fwp%2Fv2%2Fcategories&post=89841"},{"taxonomy":"post_tag","embeddable":true,"href":"https:\/\/aconteceunovale.com.br\/portal\/index.php?rest_route=%2Fwp%2Fv2%2Ftags&post=89841"}],"curies":[{"name":"wp","href":"https:\/\/api.w.org\/{rel}","templated":true}]}}