{"id":89837,"date":"2016-06-22T12:13:31","date_gmt":"2016-06-22T15:13:31","guid":{"rendered":"http:\/\/aconteceunovale.com.br\/portal\/?p=89837"},"modified":"2016-06-22T12:13:31","modified_gmt":"2016-06-22T15:13:31","slug":"229o-jubileu-do-senhor-bom-jesus-reune-milhares-de-fieis-em-conceicao-do-mato-dentro","status":"publish","type":"post","link":"https:\/\/aconteceunovale.com.br\/portal\/?p=89837","title":{"rendered":"229\u00ba Jubileu do Senhor Bom Jesus re\u00fane milhares de fi\u00e9is em Concei\u00e7\u00e3o do Mato Dentro"},"content":{"rendered":"<p>Concei\u00e7\u00e3o do Mato Dentro est\u00e1 recebendo milhares de turistas, romeiros, fi\u00e9is e cavaleiros no 229\u00ba Jubileu do Senhor Bom Jesus do Matozinhos, a maior e mais tradicional festa realizada no munic\u00edpio. O Jubileu come\u00e7ou no \u00faltimo dia 13 e segue at\u00e9 esta sexta-feira, 24 de junho. A programa\u00e7\u00e3o religiosa \u00e9 extensa, com missas em diversos hor\u00e1rios, consagra\u00e7\u00f5es e prociss\u00f5es. S\u00e3o onze dias de muito louvor e f\u00e9.<\/p>\n<p>No 8\u00ba dia do Jubileu, ocorreu \u00e0s 11h, uma missa com o pregador D. Ubiratam. A Igreja ficou lotada. A parte cultural da festa (cavalgada, shows e Rodeio) fica por conta da Prefeitura de Concei\u00e7\u00e3o, que tem apoio e patroc\u00ednio de institui\u00e7\u00f5es e empresas. A festa religiosa \u00e9 de responsabilidade da Igreja.<\/p>\n<p><img decoding=\"async\" src=\"http:\/\/aconteceunovale.com.br\/portal\/wp-content\/uploads\/2016\/06\/jubileu_cmd.jpg\" alt=\"\" \/><em>Igreja ficou lotada no 8\u00ba dia do Jubileu (Foto: Andr\u00e9 Nogueira\/Defato Online)<\/em><br \/>\n<\/br><\/p>\n<p><strong>Cavalgada<\/strong><\/p>\n<p>A 26\u00aa Cavalgada aconteceu no domingo, 19 de junho. Os padres aben\u00e7oaram os cavalheiros que passavam no adro da igreja Bom Jesus do Matozinhos. O evento, que \u00e9 um dos maiores do g\u00eanero do Brasil, concentrou no \u00faltimo ano 8 mil participantes num trajeto de aproximadamente 3 quil\u00f4metros. Cavaleiros e amazonas que, conduzidos pela f\u00e9 e pela imagem de Nossa Senhora Aparecida, percorrem quilometragens muito maiores, que ligam regi\u00f5es de Minas Gerais e outros estados, rumo \u00e0 b\u00ean\u00e7\u00e3o do Senhor Bom Jesus.<\/p>\n<p><strong>229 anos<\/strong><\/p>\n<p>O Jubileu de Concei\u00e7\u00e3o \u00e9 realizado desde 1787, sempre no per\u00edodo de 13 a 24 de junho. Nesta \u00e9poca, a cidade se transforma com a vinda de milhares de romeiros e com intensa movimenta\u00e7\u00e3o de fi\u00e9is e de comerciantes que se instalam na colina do Santu\u00e1rio.<\/p>\n<p>A festa, embora tenha tamb\u00e9m conota\u00e7\u00e3o social e comercial decorrente do fluxo de romeiros e visitantes, conserva seu car\u00e1ter religioso. H\u00e1 missas e exposi\u00e7\u00e3o do Sant\u00edssimo Sacramento durante 11 dias, sendo que no \u00faltimo a imagem sai em prociss\u00e3o.<\/p>\n<p>O n\u00famero de fi\u00e9is \u00e9 t\u00e3o grande que, no ano de 1844, o padre Bento Godim pediu ao bispo de Mariana autoriza\u00e7\u00e3o para que todo sacerdote que aparecesse em Concei\u00e7\u00e3o do Mato Dentro, por ocasi\u00e3o do Jubileu, pudesse receber confiss\u00f5es e pregar. Ficaram, assim, asseguradas aos milhares de visitantes condi\u00e7\u00f5es para que exercessem sua f\u00e9 e devo\u00e7\u00e3o.<\/p>\n<p><strong>Confira programa\u00e7\u00e3o religiosa:<\/strong><\/p>\n<p><strong>22 de Junho \u2013 Quarta-feira<\/strong><\/p>\n<p>05h \u2013 Consagra\u00e7\u00e3o ao Bom Jesus<br \/>\n05h30 \u2013 Missa<br \/>\n08h \u2013 Celebra\u00e7\u00e3o Penitencial preparat\u00f3ria para confiss\u00f5es<br \/>\n08h:30 \u00e0s 11h \u2013 Confiss\u00f5es na Casa dos Romeiros \u2013 (Todos os padres)<br \/>\n09h \u2013 Tenda da Palavra<br \/>\n10h \u2013 Missa com pregador padre D. Ubiratam<br \/>\n14h \u2013 Celebra\u00e7\u00e3o Penitencial preparat\u00f3ria para confiss\u00f5es<br \/>\n14:30 \u00e0s 17h \u2013 Confiss\u00f5es na Casa dos Romeiros<br \/>\n15h \u2013 Momento Mariano<br \/>\n18h \u2013 Prociss\u00e3o com as imagens de Nossa Senhora das Dores e do Senhor dos Passos<br \/>\n(As mulheres iniciam a prociss\u00e3o saindo da Igreja Matriz, os homens aguardam na igreja Ros\u00e1rio, seguindo para o Santu\u00e1rio)<br \/>\n19h \u2013 Missa com pregador padre D. Ubiratam<br \/>\n20h30 \u2013 Novena do Senhor Bom Jesus<\/p>\n<p><strong>23 de Junho \u2013 Quinta-feira<\/strong><\/p>\n<p>05h \u2013 Consagra\u00e7\u00e3o ao Bom Jesus<br \/>\n05h30 \u2013 Missa<br \/>\n07h \u2013 Caminhada das mulheres, saindo da igreja do Ros\u00e1rio para o Santu\u00e1rio.<br \/>\n07h \u2013 Prepara\u00e7\u00e3o para as Confiss\u00f5es<br \/>\n07h30 \u00e1s 11h \u2013 Confiss\u00f5es na Casa dos Romeiros \u2013 (Todos os padres)<br \/>\n08h \u2013 Missa<br \/>\n09h \u2013 Tenda da Palavra<br \/>\n10h \u2013 Missa com pregador padre D. Ubiratam<br \/>\n14h \u2013 Celebra\u00e7\u00e3o Penitencial preparat\u00f3ria para confiss\u00f5es<br \/>\n14h30 \u00e0s 17h \u2013 Confiss\u00f5es na Casa dos Romeiros \u2013 (Todos os padres )<br \/>\n15h \u2013 Entrevista com os romeiros (Padre Ad\u00e3o)<br \/>\n15h \u2013 Momento Mariano<br \/>\n19h \u2013 Missa com pregador padre D. Ubiratam<br \/>\n20h30 \u2013 Novena do Senhor Bom Jesus<\/p>\n<p><strong>24 de Junho \u2013 Sexta-feira<\/strong><\/p>\n<p>05h \u2013 Consagra\u00e7\u00e3o<br \/>\n05h30 \u2013 Missa<br \/>\n06h \u2013 Prepara\u00e7\u00e3o para as Confiss\u00f5es na Casa dos Romeiros<br \/>\n06h30 \u00e0s 11h \u2013 Confiss\u00f5es na Casa dos Romeiros \u2013 (Todos os padres)<br \/>\n07h \u2013 Caminhada Penitencial dos homens, saindo da igreja do Ros\u00e1rio para Santu\u00e1rio com a imagem do Bom Jesus<br \/>\n08h \u2013 Missa<br \/>\n10h \u2013 Missa com pregador padre D. Ubiratam<br \/>\n11h \u2013 Entrevista com os romeiros (Padre Ad\u00e3o)<br \/>\n14h \u2013 Prepara\u00e7\u00e3o para Confiss\u00f5es na Casa dos Romeiros<br \/>\n14h30 \u00e0s 17h \u2013 Confiss\u00f5es na Casa dos Romeiros \u2013 (Todos os padres)<br \/>\n16h \u2013 MISSA COM D. JEREMIAS E TODOS OS PADRES<br \/>\n18h \u2013 Encerramento do Jubileu \u2013 Solene Prociss\u00e3o do Sant\u00edssimo da Igreja Matriz para o Santu\u00e1rio<br \/>\n20h \u2013 Ben\u00e7\u00e3o do Sant\u00edssimo Sacramento , B\u00ean\u00e7\u00e3o e Indulgencia Papal, B\u00ean\u00e7\u00e3o dos objetos de devo\u00e7\u00e3o<\/p>\n<p><strong>Forr\u00f3 no Campo<\/strong><\/p>\n<p><img decoding=\"async\" src=\"http:\/\/aconteceunovale.com.br\/portal\/wp-content\/uploads\/2016\/06\/forro_no_campo_1.jpg\" alt=\"\" \/><br \/>\n<\/br><\/p>\n<p><em>(Fonte: Defato Online)<\/em><\/p>\n","protected":false},"excerpt":{"rendered":"<p>Concei\u00e7\u00e3o do Mato Dentro est\u00e1 recebendo milhares de turistas, romeiros, fi\u00e9is e cavaleiros no 229\u00ba Jubileu do Senhor Bom Jesus do Matozinhos, a maior e mais tradicional festa realizada no munic\u00edpio. O Jubileu come\u00e7ou no \u00faltimo dia 13 e segue at\u00e9 esta sexta-feira, 24 de junho. A programa\u00e7\u00e3o religiosa \u00e9 extensa, com missas em diversos [&hellip;]<\/p>\n","protected":false},"author":1,"featured_media":89839,"comment_status":"open","ping_status":"closed","sticky":false,"template":"","format":"standard","meta":{"amp_status":"","footnotes":""},"categories":[125,123],"tags":[100436,100437,100443,100442,100441,628,100434,100433,100435,100439,100438,100432,100440],"class_list":["post-89837","post","type-post","status-publish","format-standard","has-post-thumbnail","hentry","category-noticias","category-gerais","tag-229o-jubileu-do-senhor-bom-jesus-do-matozinhos","tag-229o-jubileu-do-senhor-bom-jesus-do-matozinhos-em-conceicao-do-mato-dentro","tag-229o-jubileu-do-senhor-bom-jesus-reune-milhares-de-fieis-em-conceicao-do-mato-dentro","tag-agenda-forro-no-campo-2016-conceicao-do-mato-dentro","tag-bandas-forro-no-campo-2016-conceicao-do-mato-dentro","tag-conceicao-do-mato-dentro","tag-evento-conceicao-do-mato-dentro","tag-festa-conceicao-do-mato-dentro","tag-festa-religiosa-conceicao-do-mato-dentro","tag-forro-no-campo-2016-conceicao-do-mato-dentro","tag-jubileu-2016-conceicao-do-mato-dentro","tag-jubileu-conceicao-do-mato-dentro","tag-shows-forro-no-campo-2016-conceicao-do-mato-dentro"],"_links":{"self":[{"href":"https:\/\/aconteceunovale.com.br\/portal\/index.php?rest_route=\/wp\/v2\/posts\/89837","targetHints":{"allow":["GET"]}}],"collection":[{"href":"https:\/\/aconteceunovale.com.br\/portal\/index.php?rest_route=\/wp\/v2\/posts"}],"about":[{"href":"https:\/\/aconteceunovale.com.br\/portal\/index.php?rest_route=\/wp\/v2\/types\/post"}],"author":[{"embeddable":true,"href":"https:\/\/aconteceunovale.com.br\/portal\/index.php?rest_route=\/wp\/v2\/users\/1"}],"replies":[{"embeddable":true,"href":"https:\/\/aconteceunovale.com.br\/portal\/index.php?rest_route=%2Fwp%2Fv2%2Fcomments&post=89837"}],"version-history":[{"count":0,"href":"https:\/\/aconteceunovale.com.br\/portal\/index.php?rest_route=\/wp\/v2\/posts\/89837\/revisions"}],"wp:featuredmedia":[{"embeddable":true,"href":"https:\/\/aconteceunovale.com.br\/portal\/index.php?rest_route=\/wp\/v2\/media\/89839"}],"wp:attachment":[{"href":"https:\/\/aconteceunovale.com.br\/portal\/index.php?rest_route=%2Fwp%2Fv2%2Fmedia&parent=89837"}],"wp:term":[{"taxonomy":"category","embeddable":true,"href":"https:\/\/aconteceunovale.com.br\/portal\/index.php?rest_route=%2Fwp%2Fv2%2Fcategories&post=89837"},{"taxonomy":"post_tag","embeddable":true,"href":"https:\/\/aconteceunovale.com.br\/portal\/index.php?rest_route=%2Fwp%2Fv2%2Ftags&post=89837"}],"curies":[{"name":"wp","href":"https:\/\/api.w.org\/{rel}","templated":true}]}}