{"id":89831,"date":"2016-06-22T11:02:25","date_gmt":"2016-06-22T14:02:25","guid":{"rendered":"http:\/\/aconteceunovale.com.br\/portal\/?p=89831"},"modified":"2016-06-22T11:02:25","modified_gmt":"2016-06-22T14:02:25","slug":"mgs-prorroga-a-data-de-inscricao-para-o-processo-seletivo","status":"publish","type":"post","link":"https:\/\/aconteceunovale.com.br\/portal\/?p=89831","title":{"rendered":"MGS prorroga a data de inscri\u00e7\u00e3o para o processo seletivo"},"content":{"rendered":"<p>A\u00a0Minas Gerais Administra\u00e7\u00e3o e Servi\u00e7os S.A (MGS), empresa p\u00fablica estadual e bra\u00e7o t\u00e9cnico-administrativo do Governo do Estado, e o Instituto Brasileiro de Forma\u00e7\u00e3o e Capacita\u00e7\u00e3o (IBFC) prorrogaram as datas referentes ao Processo Seletivo P\u00fablico Simplificado 02\/2016.<\/p>\n<p>As inscri\u00e7\u00f5es ser\u00e3o realizadas pela Internet, no endere\u00e7o eletr\u00f4nico do IBFC\u00a0<a href=\"http:\/\/www.ibfc.org.br\/\" target=\"_blank\">www.ibfc.org.br<\/a>\u00a0e foram prorrogadas at\u00e9 \u00e0s 23h59 do dia\u00a027\/6\/2016, sendo o dia 28\/6\/2016 o \u00faltimo dia para o pagamento do boleto banc\u00e1rio, observado o hor\u00e1rio de Bras\u00edlia.<\/p>\n<p>A partir de 29\/6\/2016, o candidato dever\u00e1 conferir, no endere\u00e7o eletr\u00f4nico\u00a0<a href=\"http:\/\/www.ibfc.org.br\/\" target=\"_blank\">www.ibfc.org.br<\/a>, atrav\u00e9s das inscri\u00e7\u00f5es efetivadas, se os dados da inscri\u00e7\u00e3o foram recebidos e o pagamento processado.<\/p>\n<p>Em caso negativo, o candidato dever\u00e1 entrar em contato com o Servi\u00e7o de Atendimento ao Candidato &#8211; SAC do IBFC, pelo telefone (11) 4788-1430, de segunda a sexta-feira \u00fateis, das 9 \u00e0s 17 horas, para verificar o ocorrido.<\/p>\n<p>Para solicitar inscri\u00e7\u00e3o na reserva de vagas, o candidato com defici\u00eancia dever\u00e1 encaminhar ou entregar at\u00e9 o dia 28\/6\/2016, via Sedex, correspond\u00eancia com registro de Aviso de Recebimento (AR) ou entregue pessoalmente ao IBFC, na Rua Waldomiro Gabriel de Mello 86 &#8211; Ch\u00e1cara Agrindus \u2013 Tabo\u00e3o da Serra \u2013 SP \u2013 CEP: 06763-020.<\/p>\n<p>A aplica\u00e7\u00e3o das provas est\u00e1 prevista para o dia\u00a010\/7\/2016\u00a0e ser\u00e1 realizada no Estado de Minas Gerais, nas cidades constantes do Anexo I. O cart\u00e3o de convoca\u00e7\u00e3o para as provas contendo o local, a sala e o hor\u00e1rio ser\u00e1 disponibilizado no endere\u00e7o eletr\u00f4nico\u00a0<a href=\"http:\/\/www.ibfc.org.br\/\" target=\"_blank\">www.ibfc.org.br<\/a>, a partir de 4\/7\/2016.<\/p>\n<p><strong>Mais de 200 vagas<\/strong><\/p>\n<p>A sele\u00e7\u00e3o ser\u00e1 para cargos de n\u00edvel fundamental, t\u00e9cnico e superior termina na pr\u00f3xima segunda-feira (20\/6). Sal\u00e1rios s\u00e3o de at\u00e9 R$ 7.480,00. S\u00e3o mais de 200\u00a0vagas para a forma\u00e7\u00e3o do cadastro de reserva nas atividades de cozinheiro, vigia, tratorista, servente, recepcionista, porteiro, motorista, jardineiro, advogado, assistente social, engenheiro, psic\u00f3logo e t\u00e9cnico cont\u00e1bil e de inform\u00e1tica, dentre outros.<\/p>\n<p>Est\u00e3o distribu\u00eddas em 16 territ\u00f3rios de desenvolvimento: Alto Jequitinhonha, Capara\u00f3, Central, Mata, M\u00e9dio e Baixo Jequitinhonha, Metropolitano, Mucuri, Noroeste, Norte, Oeste, Sul, Tri\u00e2ngulo Norte, Tri\u00e2ngulo Sul, Vale do Rio Doce, Vale do A\u00e7o e Vertentes.<\/p>\n<p>Dentre os requisitos o candidato dever\u00e1 estar em dia com as obriga\u00e7\u00f5es eleitorais e militares e ter a idade m\u00ednima de 18 anos. \u00c0s pessoas com defici\u00eancia \u00e9 assegurado o percentual de 10% do total de vagas. A MGS oferece como benef\u00edcios seguro de vida em grupo, vale alimenta\u00e7\u00e3o e vale transporte.<\/p>\n<p><strong>Avalia\u00e7\u00e3o de t\u00edtulo<\/strong><\/p>\n<p>O candidato interessado em participar da Avalia\u00e7\u00e3o de T\u00edtulos dever\u00e1:<\/p>\n<p>a) Preencher o formul\u00e1rio de cadastro de t\u00edtulos dispon\u00edvel no endere\u00e7o eletr\u00f4nico\u00a0<a href=\"http:\/\/www.ibfc.org.br\/\" target=\"_blank\">www.ibfc.org.br<\/a>, durante o per\u00edodo de 11 e 12\/7\/2016.<\/p>\n<p>b) Depois de completado o preenchimento, imprimir duas vias do comprovante de cadastro dos t\u00edtulos, reter uma para si e enviar a outra juntamente com os documentos comprobat\u00f3rios via Sedex com AR (Aviso de Recebimento) ao IBFC &#8211; Rua Waldomiro Gabriel de Mello 86 &#8211; Ch\u00e1cara Agrindus &#8211; Tabo\u00e3o da Serra \u2013 SP \u2013 CEP: 06763-020, indicando como refer\u00eancia no envelope \u201cT\u00cdTULOS \u2013 MGS\u201d, com data de postagem at\u00e9 o dia 13\/7\/2016. (Ag\u00eancia Minas)<\/p>\n","protected":false},"excerpt":{"rendered":"<p>A\u00a0Minas Gerais Administra\u00e7\u00e3o e Servi\u00e7os S.A (MGS), empresa p\u00fablica estadual e bra\u00e7o t\u00e9cnico-administrativo do Governo do Estado, e o Instituto Brasileiro de Forma\u00e7\u00e3o e Capacita\u00e7\u00e3o (IBFC) prorrogaram as datas referentes ao Processo Seletivo P\u00fablico Simplificado 02\/2016. As inscri\u00e7\u00f5es ser\u00e3o realizadas pela Internet, no endere\u00e7o eletr\u00f4nico do IBFC\u00a0www.ibfc.org.br\u00a0e foram prorrogadas at\u00e9 \u00e0s 23h59 do dia\u00a027\/6\/2016, sendo [&hellip;]<\/p>\n","protected":false},"author":1,"featured_media":79522,"comment_status":"open","ping_status":"closed","sticky":false,"template":"","format":"standard","meta":{"amp_status":"","footnotes":""},"categories":[40237,40236,123],"tags":[98881,98878,98877,34847,100417,34846,98876,98875,98883,63896,98882,98880,95377,98879],"class_list":["post-89831","post","type-post","status-publish","format-standard","has-post-thumbnail","hentry","category-concursos","category-empregos-2","category-gerais","tag-emprego-mgs","tag-emprego-minas-gerais-administracao-e-servicos","tag-inscricao-processo-seletivo-da-mgs","tag-mgs","tag-mgs-prorroga-a-data-de-inscricao-para-o-processo-seletivo","tag-minas-gerais-administracao-e-servicos","tag-processo-seletivo-da-mgs","tag-processo-seletivo-da-mgs-oferece-mais-de-200-vagas","tag-processo-seletivo-da-mgs-oferece-mais-de-200-vagas-com-salarios-de-ate-r-7-480","tag-processo-seletivo-minas-gerais-administracao-e-servicos","tag-trabalho-mgs","tag-trabalho-na-minas-gerais-administracao-e-servicos","tag-vagas-mgs","tag-vagas-minas-gerais-administracao-e-servicos"],"_links":{"self":[{"href":"https:\/\/aconteceunovale.com.br\/portal\/index.php?rest_route=\/wp\/v2\/posts\/89831","targetHints":{"allow":["GET"]}}],"collection":[{"href":"https:\/\/aconteceunovale.com.br\/portal\/index.php?rest_route=\/wp\/v2\/posts"}],"about":[{"href":"https:\/\/aconteceunovale.com.br\/portal\/index.php?rest_route=\/wp\/v2\/types\/post"}],"author":[{"embeddable":true,"href":"https:\/\/aconteceunovale.com.br\/portal\/index.php?rest_route=\/wp\/v2\/users\/1"}],"replies":[{"embeddable":true,"href":"https:\/\/aconteceunovale.com.br\/portal\/index.php?rest_route=%2Fwp%2Fv2%2Fcomments&post=89831"}],"version-history":[{"count":0,"href":"https:\/\/aconteceunovale.com.br\/portal\/index.php?rest_route=\/wp\/v2\/posts\/89831\/revisions"}],"wp:featuredmedia":[{"embeddable":true,"href":"https:\/\/aconteceunovale.com.br\/portal\/index.php?rest_route=\/wp\/v2\/media\/79522"}],"wp:attachment":[{"href":"https:\/\/aconteceunovale.com.br\/portal\/index.php?rest_route=%2Fwp%2Fv2%2Fmedia&parent=89831"}],"wp:term":[{"taxonomy":"category","embeddable":true,"href":"https:\/\/aconteceunovale.com.br\/portal\/index.php?rest_route=%2Fwp%2Fv2%2Fcategories&post=89831"},{"taxonomy":"post_tag","embeddable":true,"href":"https:\/\/aconteceunovale.com.br\/portal\/index.php?rest_route=%2Fwp%2Fv2%2Ftags&post=89831"}],"curies":[{"name":"wp","href":"https:\/\/api.w.org\/{rel}","templated":true}]}}