{"id":89829,"date":"2016-06-22T09:59:44","date_gmt":"2016-06-22T12:59:44","guid":{"rendered":"http:\/\/aconteceunovale.com.br\/portal\/?p=89829"},"modified":"2016-06-22T19:50:05","modified_gmt":"2016-06-22T22:50:05","slug":"previsao-do-tempo-para-minas-gerais-nesta-quarta-feira-22-de-junho","status":"publish","type":"post","link":"https:\/\/aconteceunovale.com.br\/portal\/?p=89829","title":{"rendered":"Previs\u00e3o do tempo para Minas Gerais, nesta quarta-feira, 22 de junho"},"content":{"rendered":"<h4><strong><em>C\u00e9u nublado a parcialmente nublado no Leste, Sudeste e Centro. Nas demais regi\u00f5es do estado, dia ensolarado, com baixa umidade do ar.<\/em><\/strong><\/h4>\n<p>Nesta quarta-feira (22\/6) o tempo deve ficar parcialmente nublado, com possibilidade de chuva isolada no sul e Tri\u00e2ngulo Mineiro. C\u00e9u nublado a parcialmente nublado no Centro, Sudeste e Leste de Minas Gerais. Nas outras regi\u00f5es mineiras o dia ser\u00e1 de tempo ensolarado a parcialmente nublado, com baixa umidade do ar \u00e0 tarde.<\/p>\n<p>Na Regi\u00e3o Metropolitana de Belo Horizonte e na capital mineira o tempo deve ficar nublado a parcialmente nublado, sem chuvas. Em Belo Horizonte a temperatura deve variar entre 12\u00b0C e 24\u00b0C, com umidade do ar \u00e0 tarde na casa dos 50%.<\/p>\n","protected":false},"excerpt":{"rendered":"<p>C\u00e9u nublado a parcialmente nublado no Leste, Sudeste e Centro. Nas demais regi\u00f5es do estado, dia ensolarado, com baixa umidade do ar. Nesta quarta-feira (22\/6) o tempo deve ficar parcialmente nublado, com possibilidade de chuva isolada no sul e Tri\u00e2ngulo Mineiro. C\u00e9u nublado a parcialmente nublado no Centro, Sudeste e Leste de Minas Gerais. Nas [&hellip;]<\/p>\n","protected":false},"author":1,"featured_media":82499,"comment_status":"open","ping_status":"closed","sticky":false,"template":"","format":"standard","meta":{"amp_status":"","footnotes":""},"categories":[123],"tags":[49202,194,131,47774,1956,27340,100416,87201,100415,1839,100413,29094,100412,100414],"class_list":["post-89829","post","type-post","status-publish","format-standard","has-post-thumbnail","hentry","category-gerais","tag-22-de-junho","tag-belo-horizonte","tag-minas-gerais","tag-nesta-quarta-feira","tag-previsao-do-tempo","tag-previsao-do-tempo-para-belo-horizonte","tag-previsao-do-tempo-para-belo-horizonte-22-de-junho","tag-previsao-do-tempo-para-belo-horizonte-nesta-quarta-feira","tag-previsao-do-tempo-para-belo-horizonte-nesta-quarta-feira-22-de-junho","tag-previsao-do-tempo-para-minas-gerais","tag-previsao-do-tempo-para-minas-gerais-22-de-junho","tag-previsao-do-tempo-para-minas-gerais-nesta-quarta-feira","tag-previsao-do-tempo-para-minas-gerais-nesta-quarta-feira-22-de-junho","tag-quarta-feira-22-de-junho"],"_links":{"self":[{"href":"https:\/\/aconteceunovale.com.br\/portal\/index.php?rest_route=\/wp\/v2\/posts\/89829","targetHints":{"allow":["GET"]}}],"collection":[{"href":"https:\/\/aconteceunovale.com.br\/portal\/index.php?rest_route=\/wp\/v2\/posts"}],"about":[{"href":"https:\/\/aconteceunovale.com.br\/portal\/index.php?rest_route=\/wp\/v2\/types\/post"}],"author":[{"embeddable":true,"href":"https:\/\/aconteceunovale.com.br\/portal\/index.php?rest_route=\/wp\/v2\/users\/1"}],"replies":[{"embeddable":true,"href":"https:\/\/aconteceunovale.com.br\/portal\/index.php?rest_route=%2Fwp%2Fv2%2Fcomments&post=89829"}],"version-history":[{"count":0,"href":"https:\/\/aconteceunovale.com.br\/portal\/index.php?rest_route=\/wp\/v2\/posts\/89829\/revisions"}],"wp:featuredmedia":[{"embeddable":true,"href":"https:\/\/aconteceunovale.com.br\/portal\/index.php?rest_route=\/wp\/v2\/media\/82499"}],"wp:attachment":[{"href":"https:\/\/aconteceunovale.com.br\/portal\/index.php?rest_route=%2Fwp%2Fv2%2Fmedia&parent=89829"}],"wp:term":[{"taxonomy":"category","embeddable":true,"href":"https:\/\/aconteceunovale.com.br\/portal\/index.php?rest_route=%2Fwp%2Fv2%2Fcategories&post=89829"},{"taxonomy":"post_tag","embeddable":true,"href":"https:\/\/aconteceunovale.com.br\/portal\/index.php?rest_route=%2Fwp%2Fv2%2Ftags&post=89829"}],"curies":[{"name":"wp","href":"https:\/\/api.w.org\/{rel}","templated":true}]}}