{"id":89821,"date":"2016-06-22T00:02:49","date_gmt":"2016-06-22T03:02:49","guid":{"rendered":"http:\/\/aconteceunovale.com.br\/portal\/?p=89821"},"modified":"2016-06-22T00:02:49","modified_gmt":"2016-06-22T03:02:49","slug":"buraco-na-pista-pode-ser-a-causa-de-acidente-que-matou-mulher-no-municipio-de-almenara","status":"publish","type":"post","link":"https:\/\/aconteceunovale.com.br\/portal\/?p=89821","title":{"rendered":"Buraco na pista pode ser a causa de acidente que matou mulher no munic\u00edpio de Almenara"},"content":{"rendered":"<p>Uma pessoa morreu e duas ficaram feridas em um acidente na tarde desta ter\u00e7a-feira, 21 de junho, na altura do quil\u00f4metro 06 da MG-406, munic\u00edpio de Almenara, no Vale do Jequitinhonha. De acordo com a Pol\u00edcia Militar (PM), o ve\u00edculo Nissan Sentra, placa ETW-3767, de S\u00e3o Jos\u00e9 dos Campos (SP), saiu da pista e capotou em uma ribanceira \u00e0s margens da rodovia.<\/p>\n<p>O condutor Adivaldo Alves da Cunha relatou \u00e0 PM que trafegava pela rodovia no sentido Pedra Azul\/Almenara e ao passar por um buraco, perdeu o controle da dire\u00e7\u00e3o, vindo a sair da estrada e cair na ribanceira. <\/p>\n<p>Com o impacto do acidente, a passageira Maria Jos\u00e9 Alves Coutinho da Cunha n\u00e3o resistiu aos graves ferimentos e veio a \u00f3bito no local. Uma equipe do Servi\u00e7o de Atendimento M\u00f3vel de Urg\u00eancia (SAMU) compareceu ao local e constatou o \u00f3bito. A v\u00edtima apresentava um corte acima do olho direito.<\/p>\n<p>Os outros ocupantes do ve\u00edculo, Manoel Ant\u00f4nio Alves da Cunha, que reclamava de fortes dores no peito, e Maria D&#8217;Ajuda Alves Cunha dos Santos, que sofreu um pequeno corte na boca e escoria\u00e7\u00f5es pelo corpo, foram encaminhados para atendimento m\u00e9dico no Hospital Deraldo Guimar\u00e3es.<\/p>\n<p>O local do acidente foi isolado pela PM, que acionou a Per\u00edcia da Pol\u00edcia Civil. Ap\u00f3s os trabalhos t\u00e9cnicos periciais, o corpo da v\u00edtima Maria Jos\u00e9 foi removido ao Instituto M\u00e9dico Legal (IML). Ainda segundo a PM, o condutor do carro foi submetido ao teste de alcoolemia e n\u00e3o foi detectado valor de teor alco\u00f3lico.<\/p>\n<p><img decoding=\"async\" src=\"http:\/\/aconteceunovale.com.br\/portal\/wp-content\/uploads\/2016\/06\/acidente_almenara.jpg\" alt=\"\" \/><em>Acidente aconteceu no km 6 da MG-406 (Foto: Jornal do Tola\/Facebook)<\/em><\/p>\n","protected":false},"excerpt":{"rendered":"<p>Uma pessoa morreu e duas ficaram feridas em um acidente na tarde desta ter\u00e7a-feira, 21 de junho, na altura do quil\u00f4metro 06 da MG-406, munic\u00edpio de Almenara, no Vale do Jequitinhonha. De acordo com a Pol\u00edcia Militar (PM), o ve\u00edculo Nissan Sentra, placa ETW-3767, de S\u00e3o Jos\u00e9 dos Campos (SP), saiu da pista e capotou [&hellip;]<\/p>\n","protected":false},"author":1,"featured_media":89823,"comment_status":"open","ping_status":"closed","sticky":false,"template":"","format":"standard","meta":{"amp_status":"","footnotes":""},"categories":[120],"tags":[100397,19358,100394,100396,100395,100398,142,100393,100400,100401,100399,455,12802],"class_list":["post-89821","post","type-post","status-publish","format-standard","has-post-thumbnail","hentry","category-jequi","tag-acidente-com-sentra-de-sao-jose-dos-campos","tag-acidente-em-almenara","tag-acidente-entre-almenara-e-pedra-azul","tag-acidente-na-mg-406-em-almenara","tag-acidente-no-municipio-de-almenara","tag-adivaldo-alves-da-cunha","tag-almenara","tag-buraco-na-pista-pode-ser-a-causa-de-acidente-que-matou-mulher-no-municipio-de-almenara","tag-manoel-antonio-alves-da-cunha","tag-maria-dajuda-alves-cunha-dos-santos","tag-maria-jose-alves-coutinho-da-cunha","tag-pedra-azul","tag-sao-jose-dos-campos"],"_links":{"self":[{"href":"https:\/\/aconteceunovale.com.br\/portal\/index.php?rest_route=\/wp\/v2\/posts\/89821","targetHints":{"allow":["GET"]}}],"collection":[{"href":"https:\/\/aconteceunovale.com.br\/portal\/index.php?rest_route=\/wp\/v2\/posts"}],"about":[{"href":"https:\/\/aconteceunovale.com.br\/portal\/index.php?rest_route=\/wp\/v2\/types\/post"}],"author":[{"embeddable":true,"href":"https:\/\/aconteceunovale.com.br\/portal\/index.php?rest_route=\/wp\/v2\/users\/1"}],"replies":[{"embeddable":true,"href":"https:\/\/aconteceunovale.com.br\/portal\/index.php?rest_route=%2Fwp%2Fv2%2Fcomments&post=89821"}],"version-history":[{"count":0,"href":"https:\/\/aconteceunovale.com.br\/portal\/index.php?rest_route=\/wp\/v2\/posts\/89821\/revisions"}],"wp:featuredmedia":[{"embeddable":true,"href":"https:\/\/aconteceunovale.com.br\/portal\/index.php?rest_route=\/wp\/v2\/media\/89823"}],"wp:attachment":[{"href":"https:\/\/aconteceunovale.com.br\/portal\/index.php?rest_route=%2Fwp%2Fv2%2Fmedia&parent=89821"}],"wp:term":[{"taxonomy":"category","embeddable":true,"href":"https:\/\/aconteceunovale.com.br\/portal\/index.php?rest_route=%2Fwp%2Fv2%2Fcategories&post=89821"},{"taxonomy":"post_tag","embeddable":true,"href":"https:\/\/aconteceunovale.com.br\/portal\/index.php?rest_route=%2Fwp%2Fv2%2Ftags&post=89821"}],"curies":[{"name":"wp","href":"https:\/\/api.w.org\/{rel}","templated":true}]}}