{"id":89792,"date":"2016-06-21T19:05:30","date_gmt":"2016-06-21T22:05:30","guid":{"rendered":"http:\/\/aconteceunovale.com.br\/portal\/?p=89792"},"modified":"2016-06-23T20:03:38","modified_gmt":"2016-06-23T23:03:38","slug":"familia-procura-homem-desaparecido-no-municipio-de-diamantina","status":"publish","type":"post","link":"https:\/\/aconteceunovale.com.br\/portal\/?p=89792","title":{"rendered":"Fam\u00edlia procura homem desaparecido no munic\u00edpio de Diamantina"},"content":{"rendered":"<p>A fam\u00edlia de Jos\u00e9 dos Santos, de 52 anos, conhecido popularmente como Z\u00e9 de Genora, realiza uma campanha nas redes sociais com intuito de obter informa\u00e7\u00f5es sobre a sua localiza\u00e7\u00e3o. Ele est\u00e1 desaparecido desde a manh\u00e3 da \u00faltima sexta-feira (17\/6), quando foi visto atravessando o Rio Jequitinhonha no Povoado de Extrema, pr\u00f3ximo ao distrito de Planalto de Minas, no munic\u00edpio de Diamantina (MG).<\/p>\n<p>Informa\u00e7\u00f5es sobre a localiza\u00e7\u00e3o do idoso podem ser repassadas \u00e0 Pol\u00edcia Militar atrav\u00e9s do n\u00famero 190 ou pelos n\u00fameros 38 9 9974-7122 (L\u00e9o) \/ 31 9 9586-4858 (Fabr\u00edcio) \/ 31 9 9853-2831 (J\u00fanior). A fam\u00edlia agradece a sua colabora\u00e7\u00e3o.<\/p>\n<p><img decoding=\"async\" src=\"http:\/\/aconteceunovale.com.br\/portal\/wp-content\/uploads\/2016\/06\/ze_de_genora.jpg\" alt=\"\" \/><em>Z\u00e9 de Genora est\u00e1 desaparecido desde o dia 17 de junho (Foto: Arquivo da Fam\u00edlia)<\/em><br \/>\n<\/br><\/p>\n<p><strong>Leia mais<\/strong><\/p>\n<p><a href=\"http:\/\/aconteceunovale.com.br\/portal\/?p=90028\" target=\"_blank\"><font color=\"blue\">&#8211; Bombeiros encontram homem que estava desaparecido no munic\u00edpio de Diamantina<\/font><\/a><\/p>\n","protected":false},"excerpt":{"rendered":"<p>A fam\u00edlia de Jos\u00e9 dos Santos, de 52 anos, conhecido popularmente como Z\u00e9 de Genora, realiza uma campanha nas redes sociais com intuito de obter informa\u00e7\u00f5es sobre a sua localiza\u00e7\u00e3o. Ele est\u00e1 desaparecido desde a manh\u00e3 da \u00faltima sexta-feira (17\/6), quando foi visto atravessando o Rio Jequitinhonha no Povoado de Extrema, pr\u00f3ximo ao distrito de [&hellip;]<\/p>\n","protected":false},"author":1,"featured_media":89793,"comment_status":"open","ping_status":"closed","sticky":false,"template":"","format":"standard","meta":{"amp_status":"","footnotes":""},"categories":[120],"tags":[100346,100345,100344,198,100350,100347,100348,100343],"class_list":["post-89792","post","type-post","status-publish","format-standard","has-post-thumbnail","hentry","category-jequi","tag-desaparecido-em-diamantina","tag-desaparecimento-diamantina","tag-desaparecimento-ze-de-genora","tag-diamantina","tag-jose-dos-santos","tag-planalto-de-minas","tag-povoado-de-extrema","tag-ze-de-genora"],"_links":{"self":[{"href":"https:\/\/aconteceunovale.com.br\/portal\/index.php?rest_route=\/wp\/v2\/posts\/89792","targetHints":{"allow":["GET"]}}],"collection":[{"href":"https:\/\/aconteceunovale.com.br\/portal\/index.php?rest_route=\/wp\/v2\/posts"}],"about":[{"href":"https:\/\/aconteceunovale.com.br\/portal\/index.php?rest_route=\/wp\/v2\/types\/post"}],"author":[{"embeddable":true,"href":"https:\/\/aconteceunovale.com.br\/portal\/index.php?rest_route=\/wp\/v2\/users\/1"}],"replies":[{"embeddable":true,"href":"https:\/\/aconteceunovale.com.br\/portal\/index.php?rest_route=%2Fwp%2Fv2%2Fcomments&post=89792"}],"version-history":[{"count":0,"href":"https:\/\/aconteceunovale.com.br\/portal\/index.php?rest_route=\/wp\/v2\/posts\/89792\/revisions"}],"wp:featuredmedia":[{"embeddable":true,"href":"https:\/\/aconteceunovale.com.br\/portal\/index.php?rest_route=\/wp\/v2\/media\/89793"}],"wp:attachment":[{"href":"https:\/\/aconteceunovale.com.br\/portal\/index.php?rest_route=%2Fwp%2Fv2%2Fmedia&parent=89792"}],"wp:term":[{"taxonomy":"category","embeddable":true,"href":"https:\/\/aconteceunovale.com.br\/portal\/index.php?rest_route=%2Fwp%2Fv2%2Fcategories&post=89792"},{"taxonomy":"post_tag","embeddable":true,"href":"https:\/\/aconteceunovale.com.br\/portal\/index.php?rest_route=%2Fwp%2Fv2%2Ftags&post=89792"}],"curies":[{"name":"wp","href":"https:\/\/api.w.org\/{rel}","templated":true}]}}