{"id":89790,"date":"2016-06-21T18:39:34","date_gmt":"2016-06-21T21:39:34","guid":{"rendered":"http:\/\/aconteceunovale.com.br\/portal\/?p=89790"},"modified":"2016-06-21T18:39:34","modified_gmt":"2016-06-21T21:39:34","slug":"colisao-entre-caminhao-e-carro-mata-motorista-na-br-135-no-norte-de-minas","status":"publish","type":"post","link":"https:\/\/aconteceunovale.com.br\/portal\/?p=89790","title":{"rendered":"Colis\u00e3o entre caminh\u00e3o e carro mata motorista na BR-135, no Norte de Minas"},"content":{"rendered":"<p>Um homem de 55 anos morreu em um acidente entre um carro e um caminh\u00e3o na noite dessa segunda-feira, 20 de junho, na altura do quil\u00f4metro 421 da BR-135, pr\u00f3ximo a Bocaiuva, no Norte de Minas. Segundo as informa\u00e7\u00f5es da Pol\u00edcia Rodovi\u00e1ria Federal (PRF), ele dirigia o autom\u00f3vel no sentido Montes Claros\/Belo Horizonte, quando perdeu o controle da dire\u00e7\u00e3o e capotou fora da pista ap\u00f3s seu ve\u00edculo ser atingido na lateral pelo ve\u00edculo de carga.<\/p>\n<p>Uma equipe do Servi\u00e7o de Atendimento M\u00f3vel de Urg\u00eancia (SAMU) compareceu ao local e constatou o \u00f3bito. Ainda de acordo com a PRF, o motorista do caminh\u00e3o n\u00e3o teve ferimentos e a pista n\u00e3o precisou ser interditada.<\/p>\n<p><strong>Carga de cerveja saqueada na BR-251<\/strong><\/p>\n<p>Outro acidente foi registrado na BR-251, em Francisco S\u00e1. Um caminhoneiro ficou ferido depois de perder o controle da dire\u00e7\u00e3o e tombar. Ele foi socorrido e levado para um hospital da cidade. A PRF informou que quando a equipe chegou ao local, usu\u00e1rios da rodovia haviam saqueado a carga de cerveja. (G1 Grande Minas)<\/p>\n","protected":false},"excerpt":{"rendered":"<p>Um homem de 55 anos morreu em um acidente entre um carro e um caminh\u00e3o na noite dessa segunda-feira, 20 de junho, na altura do quil\u00f4metro 421 da BR-135, pr\u00f3ximo a Bocaiuva, no Norte de Minas. Segundo as informa\u00e7\u00f5es da Pol\u00edcia Rodovi\u00e1ria Federal (PRF), ele dirigia o autom\u00f3vel no sentido Montes Claros\/Belo Horizonte, quando perdeu [&hellip;]<\/p>\n","protected":false},"author":1,"featured_media":0,"comment_status":"open","ping_status":"closed","sticky":false,"template":"","format":"standard","meta":{"amp_status":"","footnotes":""},"categories":[1236],"tags":[97212,100338,18467,60181,645,921,100337,100342,100341,100339,100340],"class_list":["post-89790","post","type-post","status-publish","format-standard","hentry","category-norte_de_minas","tag-acidente-br-251","tag-acidente-com-carga-de-cerveja-na-br-251","tag-acidente-em-bocaiuva","tag-acidente-entre-carro-e-caminhao-em-bocaiuva","tag-bocaiuva","tag-br-251","tag-carga-de-cerveja-saqueada-na-br-251","tag-colisao-entre-caminhao-e-carro-mata-motorista-na-br-135-em-bocaiuva","tag-colisao-entre-caminhao-e-carro-mata-motorista-na-br-135-no-norte-de-minas","tag-roubo-carga-de-cerveja-br-251","tag-tombamento-de-caminhao-na-br-251"],"_links":{"self":[{"href":"https:\/\/aconteceunovale.com.br\/portal\/index.php?rest_route=\/wp\/v2\/posts\/89790","targetHints":{"allow":["GET"]}}],"collection":[{"href":"https:\/\/aconteceunovale.com.br\/portal\/index.php?rest_route=\/wp\/v2\/posts"}],"about":[{"href":"https:\/\/aconteceunovale.com.br\/portal\/index.php?rest_route=\/wp\/v2\/types\/post"}],"author":[{"embeddable":true,"href":"https:\/\/aconteceunovale.com.br\/portal\/index.php?rest_route=\/wp\/v2\/users\/1"}],"replies":[{"embeddable":true,"href":"https:\/\/aconteceunovale.com.br\/portal\/index.php?rest_route=%2Fwp%2Fv2%2Fcomments&post=89790"}],"version-history":[{"count":0,"href":"https:\/\/aconteceunovale.com.br\/portal\/index.php?rest_route=\/wp\/v2\/posts\/89790\/revisions"}],"wp:attachment":[{"href":"https:\/\/aconteceunovale.com.br\/portal\/index.php?rest_route=%2Fwp%2Fv2%2Fmedia&parent=89790"}],"wp:term":[{"taxonomy":"category","embeddable":true,"href":"https:\/\/aconteceunovale.com.br\/portal\/index.php?rest_route=%2Fwp%2Fv2%2Fcategories&post=89790"},{"taxonomy":"post_tag","embeddable":true,"href":"https:\/\/aconteceunovale.com.br\/portal\/index.php?rest_route=%2Fwp%2Fv2%2Ftags&post=89790"}],"curies":[{"name":"wp","href":"https:\/\/api.w.org\/{rel}","templated":true}]}}