{"id":89788,"date":"2016-06-21T18:17:09","date_gmt":"2016-06-21T21:17:09","guid":{"rendered":"http:\/\/aconteceunovale.com.br\/portal\/?p=89788"},"modified":"2016-06-21T18:17:09","modified_gmt":"2016-06-21T21:17:09","slug":"adolescente-suspeito-de-assalto-e-morto-durante-perseguicao-policial-em-montes-claros","status":"publish","type":"post","link":"https:\/\/aconteceunovale.com.br\/portal\/?p=89788","title":{"rendered":"Adolescente suspeito de assalto \u00e9 morto durante persegui\u00e7\u00e3o policial em Montes Claros"},"content":{"rendered":"<p>Um adolescente de 15 anos morreu ap\u00f3s ser baleado por um policial militar, na manh\u00e3 desta ter\u00e7a-feira, 21 de junho, em Montes Claros, na regi\u00e3o Norte de Minas Gerais. Segundo a Pol\u00edcia Militar (PM), o menor Eduardo Rodrigues e um comparsa teriam assaltado uma loja de roupas no Centro da cidade. Eles fugiram em uma motocicleta e foram perseguidos pelos militares.<\/p>\n<p>Durante a fuga, de acordo com a PM, o adolescente amea\u00e7ou os policiais com uma arma. Ao chegar \u00e0 Avenida Francisco Gaeatane, no Bairro Major Prates, eles ca\u00edram da motocicleta e continuaram as amea\u00e7as. Um dos policiais atirou e atingiu o menor, que morreu no local. Ap\u00f3s os disparos, a PM constatou que a arma utilizada pelo suspeito era uma r\u00e9plica. No local, os suspeitos deixaram cair uma sacola com alguns bon\u00e9s, que a pol\u00edcia acredita ser produto do assalto.<\/p>\n<p>O comparsa conseguiu fugir pulando muros de algumas casas. Segundo a PM, ele j\u00e1 foi identificado, mas at\u00e9 o fim da tarde desta ter\u00e7a-feira ainda n\u00e3o havia sido preso.<\/p>\n<p><strong>Leia a \u00edntegra da nota divulgada pela PM de Montes Claros:<\/strong><\/p>\n<p><em>&#8220;Informamos a todos, principalmente aos \u00f3rg\u00e3os de imprensa, que o Soldado da Policia Militar envolvido na solu\u00e7\u00e3o do Boletim de Ocorr\u00eancia de roubo \u00e0 m\u00e3o armada ocorrido hoje, no centro de Montes Claros, em que vitimou fatalmente a pessoa conhecida por Eduardo Rodrigues, um dos autores do roubo.<\/p>\n<p>Todo procedimento foi dentro da legalidade e seguindo a doutrina descrita nos manuais da PMMG, especificamente o Caderno Doutrin\u00e1rio n\u00famero 02.  N\u00e3o h\u00e1 no que se falar em excesso por parte da Policia Militar, por o marginal, por diversas vezes desobedeceu \u00e0 ordem de parada, al\u00e9m de, por diversas vezes tamb\u00e9m, ter tentado atropelar quem em sua frente tentasse entrar.<\/p>\n<p>No local da abordagem que culminou com o evento morte do autor do roubo, houve novamente parlamenta\u00e7\u00e3o para que o mesmo jogasse a ARMA no ch\u00e3o, por\u00e9m, al\u00e9m do mesmo desobedecer, ainda empunhou e apontou em dire\u00e7\u00e3o ao militar.<\/p>\n<p>Visando resguardar a sua vida e a vida do cidad\u00e3o que trafegava a via naquele momento, foi feito os disparos voltado para os membros inferiores do autor, sendo o mesmo alvejado por um proj\u00e9til, na altura da virilha, lado esquerdo. De imediato, foi feito contato com o Centro de Opera\u00e7\u00f5es Policiais da 11 RPM, que por sua vez acionou o SAMU para proceder o socorro.<\/p>\n<p>Infelizmente o alvejado n\u00e3o resistiu ao ferimento, mesmo n\u00e3o tendo danificado \u00f3rg\u00e3os importantes e faleceu ap\u00f3s sofrer uma parada cardiorrespirat\u00f3ria.<\/p>\n<p>O Policial Militar em quest\u00e3o est\u00e1 sendo ouvido em procedimento de tramite interno, acompanhado do Advogado da ANM PM BM Dr. Jarbas Aguiar, ocasi\u00e3o que, ap\u00f3s toda a apura\u00e7\u00e3o do ocorrido, temos certeza que o mesmo ser\u00e1 enquadrado dentro das excludentes de ilicitudes descrita no C\u00f3digo Penal Militar.&#8221;<\/em>, assina a nota o Sargento Levy Castilho, Diretor Jur\u00eddico da ANM PM BM.<\/p>\n<p><em>(G1 Grande Minas \/ PM)<\/em><\/p>\n","protected":false},"excerpt":{"rendered":"<p>Um adolescente de 15 anos morreu ap\u00f3s ser baleado por um policial militar, na manh\u00e3 desta ter\u00e7a-feira, 21 de junho, em Montes Claros, na regi\u00e3o Norte de Minas Gerais. Segundo a Pol\u00edcia Militar (PM), o menor Eduardo Rodrigues e um comparsa teriam assaltado uma loja de roupas no Centro da cidade. Eles fugiram em uma [&hellip;]<\/p>\n","protected":false},"author":1,"featured_media":71442,"comment_status":"open","ping_status":"closed","sticky":false,"template":"","format":"standard","meta":{"amp_status":"","footnotes":""},"categories":[1236],"tags":[100330,100327,100334,100328,100333,100329,210,100331,100335,100332,100336],"class_list":["post-89788","post","type-post","status-publish","format-standard","has-post-thumbnail","hentry","category-norte_de_minas","tag-adolescente-infrator-morto-pela-pm-em-montes-claros","tag-adolescente-morto-pela-pm-em-montes-claros","tag-adolescente-suspeito-de-assalto-e-morto-durante-perseguicao-policial-em-montes-claros","tag-assaltante-morto-pela-pm-em-montes-claros","tag-eduardo-rodrigues","tag-menor-infrator-morto-pela-pm-em-montes-claros","tag-montes-claros","tag-morto-pela-pm-em-montes-claros","tag-morto-pela-policia-em-montes-claros","tag-pm-mata-assaltante-em-montes-claros","tag-policia-mata-assaltante-em-montes-claros"],"_links":{"self":[{"href":"https:\/\/aconteceunovale.com.br\/portal\/index.php?rest_route=\/wp\/v2\/posts\/89788","targetHints":{"allow":["GET"]}}],"collection":[{"href":"https:\/\/aconteceunovale.com.br\/portal\/index.php?rest_route=\/wp\/v2\/posts"}],"about":[{"href":"https:\/\/aconteceunovale.com.br\/portal\/index.php?rest_route=\/wp\/v2\/types\/post"}],"author":[{"embeddable":true,"href":"https:\/\/aconteceunovale.com.br\/portal\/index.php?rest_route=\/wp\/v2\/users\/1"}],"replies":[{"embeddable":true,"href":"https:\/\/aconteceunovale.com.br\/portal\/index.php?rest_route=%2Fwp%2Fv2%2Fcomments&post=89788"}],"version-history":[{"count":0,"href":"https:\/\/aconteceunovale.com.br\/portal\/index.php?rest_route=\/wp\/v2\/posts\/89788\/revisions"}],"wp:featuredmedia":[{"embeddable":true,"href":"https:\/\/aconteceunovale.com.br\/portal\/index.php?rest_route=\/wp\/v2\/media\/71442"}],"wp:attachment":[{"href":"https:\/\/aconteceunovale.com.br\/portal\/index.php?rest_route=%2Fwp%2Fv2%2Fmedia&parent=89788"}],"wp:term":[{"taxonomy":"category","embeddable":true,"href":"https:\/\/aconteceunovale.com.br\/portal\/index.php?rest_route=%2Fwp%2Fv2%2Fcategories&post=89788"},{"taxonomy":"post_tag","embeddable":true,"href":"https:\/\/aconteceunovale.com.br\/portal\/index.php?rest_route=%2Fwp%2Fv2%2Ftags&post=89788"}],"curies":[{"name":"wp","href":"https:\/\/api.w.org\/{rel}","templated":true}]}}