{"id":89776,"date":"2016-06-21T16:28:47","date_gmt":"2016-06-21T19:28:47","guid":{"rendered":"http:\/\/aconteceunovale.com.br\/portal\/?p=89776"},"modified":"2016-06-21T16:29:25","modified_gmt":"2016-06-21T19:29:25","slug":"presos-serram-grades-e-fogem-da-cadeia-de-taiobeiras","status":"publish","type":"post","link":"https:\/\/aconteceunovale.com.br\/portal\/?p=89776","title":{"rendered":"Detentos serram grades e fogem da cadeia de Taiobeiras"},"content":{"rendered":"<p>A Pol\u00edcia Militar (PM) procura por quatro homens que fugiram da Cadeia P\u00fablica de Taiobeiras, na regi\u00e3o Norte de Minas Gerais, nessa segunda-feira (20\/6).<\/p>\n<p>Ap\u00f3s den\u00fancia an\u00f4nima, informando que alguns indiv\u00edduos teriam sido vistos pulando um muro pr\u00f3ximo a cadeia, os militares fizeram contato com o agente penitenci\u00e1rio, que constatou que os presos da cela teriam serrado a grade, violado o cadeado e usado uma escada para fugir. <\/p>\n<p>Quatro detentos conseguiram deixar o estabelecimento prisional localizado no bairro Bom Jardim. At\u00e9 o momento, ningu\u00e9m foi recapturado. (O Tempo)<\/p>\n","protected":false},"excerpt":{"rendered":"<p>A Pol\u00edcia Militar (PM) procura por quatro homens que fugiram da Cadeia P\u00fablica de Taiobeiras, na regi\u00e3o Norte de Minas Gerais, nessa segunda-feira (20\/6). Ap\u00f3s den\u00fancia an\u00f4nima, informando que alguns indiv\u00edduos teriam sido vistos pulando um muro pr\u00f3ximo a cadeia, os militares fizeram contato com o agente penitenci\u00e1rio, que constatou que os presos da cela [&hellip;]<\/p>\n","protected":false},"author":1,"featured_media":89777,"comment_status":"open","ping_status":"closed","sticky":false,"template":"","format":"standard","meta":{"amp_status":"","footnotes":""},"categories":[1236],"tags":[100315,100320,100316,100312,100313,100319,100317,100318,100314,100311,419,22631],"class_list":["post-89776","post","type-post","status-publish","format-standard","has-post-thumbnail","hentry","category-norte_de_minas","tag-detentos-fogem-da-cadeia-de-taiobeiras","tag-detentos-serram-grades-e-fogem-da-cadeia-de-taiobeiras","tag-elismar-rodrigues-dos-santos","tag-fuga-cadeia-taiobeiras","tag-fuga-de-presos-taiobeiras","tag-henrique-jonathan-de-oliveira","tag-macadela","tag-machadim","tag-presos-fogem-da-cadeia-de-taiobeiras","tag-presos-serram-grades-e-fogem-da-cadeia-de-taiobeiras","tag-taiobeiras","tag-wanderson-ferreira-dos-santos"],"_links":{"self":[{"href":"https:\/\/aconteceunovale.com.br\/portal\/index.php?rest_route=\/wp\/v2\/posts\/89776","targetHints":{"allow":["GET"]}}],"collection":[{"href":"https:\/\/aconteceunovale.com.br\/portal\/index.php?rest_route=\/wp\/v2\/posts"}],"about":[{"href":"https:\/\/aconteceunovale.com.br\/portal\/index.php?rest_route=\/wp\/v2\/types\/post"}],"author":[{"embeddable":true,"href":"https:\/\/aconteceunovale.com.br\/portal\/index.php?rest_route=\/wp\/v2\/users\/1"}],"replies":[{"embeddable":true,"href":"https:\/\/aconteceunovale.com.br\/portal\/index.php?rest_route=%2Fwp%2Fv2%2Fcomments&post=89776"}],"version-history":[{"count":0,"href":"https:\/\/aconteceunovale.com.br\/portal\/index.php?rest_route=\/wp\/v2\/posts\/89776\/revisions"}],"wp:featuredmedia":[{"embeddable":true,"href":"https:\/\/aconteceunovale.com.br\/portal\/index.php?rest_route=\/wp\/v2\/media\/89777"}],"wp:attachment":[{"href":"https:\/\/aconteceunovale.com.br\/portal\/index.php?rest_route=%2Fwp%2Fv2%2Fmedia&parent=89776"}],"wp:term":[{"taxonomy":"category","embeddable":true,"href":"https:\/\/aconteceunovale.com.br\/portal\/index.php?rest_route=%2Fwp%2Fv2%2Fcategories&post=89776"},{"taxonomy":"post_tag","embeddable":true,"href":"https:\/\/aconteceunovale.com.br\/portal\/index.php?rest_route=%2Fwp%2Fv2%2Ftags&post=89776"}],"curies":[{"name":"wp","href":"https:\/\/api.w.org\/{rel}","templated":true}]}}