{"id":89680,"date":"2016-06-20T19:26:37","date_gmt":"2016-06-20T22:26:37","guid":{"rendered":"http:\/\/aconteceunovale.com.br\/portal\/?p=89680"},"modified":"2016-06-20T19:26:37","modified_gmt":"2016-06-20T22:26:37","slug":"policiais-civis-de-minas-gerais-entram-em-greve-diz-sindicato","status":"publish","type":"post","link":"https:\/\/aconteceunovale.com.br\/portal\/?p=89680","title":{"rendered":"Policiais civis de Minas Gerais entram em greve, diz sindicato"},"content":{"rendered":"<p>Servidores da Pol\u00edcia Civil de Minas Gerais entraram em greve, nesta segunda-feira (20\/6). De acordo com o sindicato que representa a categoria, 70% dos servi\u00e7os est\u00e3o suspensos no estado. A corpora\u00e7\u00e3o afirmou que foi notificada a respeito da greve, mas disse que n\u00e3o comentar\u00e1 ades\u00e3o \u00e0 paralisa\u00e7\u00e3o e nem quais s\u00e3o as atividades afetadas.<\/p>\n<p>Segundo o Sindicatos dos Servidores da Pol\u00edcia Civil do Estado de Minas Gerais (Sindpol-MG), a categoria reivindica igualdade entre os sal\u00e1rios de escriv\u00e3es e investigadores com peritos criminais e m\u00e9dicos legistas, al\u00e9m da isonomia  tamb\u00e9m na remunera\u00e7\u00e3o de delegados e defensores p\u00fablicos.<\/p>\n<p>O sindicato exige ainda a chamada de excedentes dos concursos que est\u00e3o dentro do prazo de validade e realiza\u00e7\u00e3o de novos concursos para aumentar o efetivo de policiais. Conforme o Sindpol-MG, atualmente um d\u00e9ficit de aproximadamente 50% na corpora\u00e7\u00e3o prejudica a popula\u00e7\u00e3o e sobrecarrega os servidores.<\/p>\n<p>Na \u00faltima quinta-feira (16), servidores se reuniram com a representantes da Secretaria de Estado de Planejamento e Gest\u00e3o (Seplag). Em nota, o \u00f3rg\u00e3o informou que apresentou aos grevistas a garantia do pagamento integral do abono fardamento na folha de julho, al\u00e9m da cria\u00e7\u00e3o de um grupo para fazer estudos do plano de carreira de funcion\u00e1rios da corpora\u00e7\u00e3o. Ainda segundo a Seplag, foi feito um apelo \u00e0 categoria pela suspens\u00e3o da greve.<\/p>\n<p>J\u00e1 a assessoria da Pol\u00edcia Civil informou que \u00e9 obrigat\u00f3ria a manuten\u00e7\u00e3o dos servi\u00e7os essenciais, como o recebimento de casos de flagrante. O Sindpol-MG informou que os servi\u00e7os essenciais ser\u00e3o mantidos.<\/p>\n<p><img decoding=\"async\" src=\"http:\/\/aconteceunovale.com.br\/portal\/wp-content\/uploads\/2016\/06\/greve_pcmg_1.jpg\" alt=\"\" \/><em>Policiais civis de Minas Gerais entram em greve (Foto: Divulga\u00e7\u00e3o\/Sindpol-MG)<\/em><br \/>\n<\/br><\/p>\n<p><em>(Fonte: G1 MG)<\/em><\/p>\n","protected":false},"excerpt":{"rendered":"<p>Servidores da Pol\u00edcia Civil de Minas Gerais entraram em greve, nesta segunda-feira (20\/6). De acordo com o sindicato que representa a categoria, 70% dos servi\u00e7os est\u00e3o suspensos no estado. A corpora\u00e7\u00e3o afirmou que foi notificada a respeito da greve, mas disse que n\u00e3o comentar\u00e1 ades\u00e3o \u00e0 paralisa\u00e7\u00e3o e nem quais s\u00e3o as atividades afetadas. Segundo [&hellip;]<\/p>\n","protected":false},"author":1,"featured_media":89681,"comment_status":"open","ping_status":"closed","sticky":false,"template":"","format":"standard","meta":{"amp_status":"","footnotes":""},"categories":[123],"tags":[1018,100102,100101,100100,100105,100103,604,44644,100106,100099,100104,27037],"class_list":["post-89680","post","type-post","status-publish","format-standard","has-post-thumbnail","hentry","category-gerais","tag-destaque","tag-greve-pcmg","tag-greve-policia-civil-de-minas-gerais","tag-greve-servidores-da-policia-civil-de-minas-gerais","tag-greve-sindicatos-dos-servidores-da-policia-civil-do-estado-de-minas-gerais","tag-greve-sindpol-mg","tag-pcmg","tag-policia-civil-de-minas-gerais","tag-policiais-civis-de-minas-gerais-entram-em-greve","tag-servidores-da-policia-civil-de-minas-gerais","tag-sindicatos-dos-servidores-da-policia-civil-do-estado-de-minas-gerais","tag-sindpol-mg"],"_links":{"self":[{"href":"https:\/\/aconteceunovale.com.br\/portal\/index.php?rest_route=\/wp\/v2\/posts\/89680","targetHints":{"allow":["GET"]}}],"collection":[{"href":"https:\/\/aconteceunovale.com.br\/portal\/index.php?rest_route=\/wp\/v2\/posts"}],"about":[{"href":"https:\/\/aconteceunovale.com.br\/portal\/index.php?rest_route=\/wp\/v2\/types\/post"}],"author":[{"embeddable":true,"href":"https:\/\/aconteceunovale.com.br\/portal\/index.php?rest_route=\/wp\/v2\/users\/1"}],"replies":[{"embeddable":true,"href":"https:\/\/aconteceunovale.com.br\/portal\/index.php?rest_route=%2Fwp%2Fv2%2Fcomments&post=89680"}],"version-history":[{"count":0,"href":"https:\/\/aconteceunovale.com.br\/portal\/index.php?rest_route=\/wp\/v2\/posts\/89680\/revisions"}],"wp:featuredmedia":[{"embeddable":true,"href":"https:\/\/aconteceunovale.com.br\/portal\/index.php?rest_route=\/wp\/v2\/media\/89681"}],"wp:attachment":[{"href":"https:\/\/aconteceunovale.com.br\/portal\/index.php?rest_route=%2Fwp%2Fv2%2Fmedia&parent=89680"}],"wp:term":[{"taxonomy":"category","embeddable":true,"href":"https:\/\/aconteceunovale.com.br\/portal\/index.php?rest_route=%2Fwp%2Fv2%2Fcategories&post=89680"},{"taxonomy":"post_tag","embeddable":true,"href":"https:\/\/aconteceunovale.com.br\/portal\/index.php?rest_route=%2Fwp%2Fv2%2Ftags&post=89680"}],"curies":[{"name":"wp","href":"https:\/\/api.w.org\/{rel}","templated":true}]}}