{"id":89676,"date":"2016-06-20T19:18:24","date_gmt":"2016-06-20T22:18:24","guid":{"rendered":"http:\/\/aconteceunovale.com.br\/portal\/?p=89676"},"modified":"2016-06-20T19:18:24","modified_gmt":"2016-06-20T22:18:24","slug":"pai-e-filho-ficam-feridos-em-acidente-no-municipio-de-governador-valadares","status":"publish","type":"post","link":"https:\/\/aconteceunovale.com.br\/portal\/?p=89676","title":{"rendered":"Pai e filho ficam feridos em acidente no munic\u00edpio de Governador Valadares"},"content":{"rendered":"<p>A colis\u00e3o entre uma carreta e uma picape deixou duas pessoas feridas na tarde desta segunda-feira, 20 de junho, na BR-116, pr\u00f3ximo a Chonin de Baixo, distrito de Governador Valadares (MG). Segundo a Pol\u00edcia Rodovi\u00e1ria Federal (PRF), a carreta seguia em dire\u00e7\u00e3o a Governador Valadares, e o ve\u00edculo menor, com placa de S\u00e3o Paulo, seguia para Te\u00f3filo Otoni.<\/p>\n<p>Ainda segundo a pol\u00edcia, a suspeita \u00e9 de que a carreta teria tentado entrar em um posto de combust\u00edveis \u00e0s margens da rodovia sem perceber a aproxima\u00e7\u00e3o do Fiat Strada. O caminhoneiro n\u00e3o se feriu. Os dois ocupantes da picape, Edinaldo da Silva de Jesus, de 30 anos, e o pai dele, identificado como Sim\u00e3o Inoc\u00eancio de Jesus, ficaram presos \u00e0s ferragens e precisaram ser resgatados pelo Corpo de Bombeiros, sendo posteriormente encaminhados pelo Samu ao HPS de Governador Valadares. <\/p>\n<p>A assessoria de comunica\u00e7\u00e3o do hospital informou que as v\u00edtimas est\u00e3o passando por exames. O tr\u00e2nsito sofreu altera\u00e7\u00f5es devido ao acidente.<\/p>\n<p><img decoding=\"async\" src=\"http:\/\/aconteceunovale.com.br\/portal\/wp-content\/uploads\/2016\/06\/acidente_gv_20.jpg\" alt=\"\" \/><em>Acidente aconteceu na BR-116, em Governador Valadares (Foto: Rede Alerta\/WhatsApp)<\/em><\/p>\n","protected":false},"excerpt":{"rendered":"<p>A colis\u00e3o entre uma carreta e uma picape deixou duas pessoas feridas na tarde desta segunda-feira, 20 de junho, na BR-116, pr\u00f3ximo a Chonin de Baixo, distrito de Governador Valadares (MG). Segundo a Pol\u00edcia Rodovi\u00e1ria Federal (PRF), a carreta seguia em dire\u00e7\u00e3o a Governador Valadares, e o ve\u00edculo menor, com placa de S\u00e3o Paulo, seguia [&hellip;]<\/p>\n","protected":false},"author":1,"featured_media":89678,"comment_status":"open","ping_status":"closed","sticky":false,"template":"","format":"standard","meta":{"amp_status":"","footnotes":""},"categories":[121],"tags":[12667,100094,18416,3945,100098,247,100096,100095,100097],"class_list":["post-89676","post","type-post","status-publish","format-standard","has-post-thumbnail","hentry","category-leste","tag-acidente-em-governador-valadares","tag-acidente-fiat-strada-de-sao-paulo","tag-acidente-na-br-116-em-governador-valadares","tag-acidente-na-br-116","tag-edinaldo-da-silva-de-jesus","tag-governador-valadares","tag-pai-e-filho-ficam-feridos-em-acidente-na-br-116-em-governador-valadares","tag-pai-e-filho-ficam-feridos-em-acidente-no-municipio-de-governador-valadares","tag-simao-inocencio-de-jesus"],"_links":{"self":[{"href":"https:\/\/aconteceunovale.com.br\/portal\/index.php?rest_route=\/wp\/v2\/posts\/89676","targetHints":{"allow":["GET"]}}],"collection":[{"href":"https:\/\/aconteceunovale.com.br\/portal\/index.php?rest_route=\/wp\/v2\/posts"}],"about":[{"href":"https:\/\/aconteceunovale.com.br\/portal\/index.php?rest_route=\/wp\/v2\/types\/post"}],"author":[{"embeddable":true,"href":"https:\/\/aconteceunovale.com.br\/portal\/index.php?rest_route=\/wp\/v2\/users\/1"}],"replies":[{"embeddable":true,"href":"https:\/\/aconteceunovale.com.br\/portal\/index.php?rest_route=%2Fwp%2Fv2%2Fcomments&post=89676"}],"version-history":[{"count":0,"href":"https:\/\/aconteceunovale.com.br\/portal\/index.php?rest_route=\/wp\/v2\/posts\/89676\/revisions"}],"wp:featuredmedia":[{"embeddable":true,"href":"https:\/\/aconteceunovale.com.br\/portal\/index.php?rest_route=\/wp\/v2\/media\/89678"}],"wp:attachment":[{"href":"https:\/\/aconteceunovale.com.br\/portal\/index.php?rest_route=%2Fwp%2Fv2%2Fmedia&parent=89676"}],"wp:term":[{"taxonomy":"category","embeddable":true,"href":"https:\/\/aconteceunovale.com.br\/portal\/index.php?rest_route=%2Fwp%2Fv2%2Fcategories&post=89676"},{"taxonomy":"post_tag","embeddable":true,"href":"https:\/\/aconteceunovale.com.br\/portal\/index.php?rest_route=%2Fwp%2Fv2%2Ftags&post=89676"}],"curies":[{"name":"wp","href":"https:\/\/api.w.org\/{rel}","templated":true}]}}