{"id":89618,"date":"2016-06-20T14:28:43","date_gmt":"2016-06-20T17:28:43","guid":{"rendered":"http:\/\/aconteceunovale.com.br\/portal\/?p=89618"},"modified":"2016-06-20T14:38:32","modified_gmt":"2016-06-20T17:38:32","slug":"rivalidade-entre-faccoes-pode-ter-motivado-assassinato-de-jovem-em-malacacheta-2","status":"publish","type":"post","link":"https:\/\/aconteceunovale.com.br\/portal\/?p=89618","title":{"rendered":"Rivalidade entre fac\u00e7\u00f5es pode ter motivado assassinato de jovem em Malacacheta"},"content":{"rendered":"<p>Um jovem de 22 anos foi assassinado na noite de s\u00e1bado, 18 de junho, em Malacacheta, no Vale do Mucuri. Aleph Eduardo Vieira Couy, conhecido como Lafim, n\u00e3o resistiu aos ferimentos provocados por disparo de arma de fogo e veio a \u00f3bito antes de dar entrada no hospital do munic\u00edpio. Um homem de 43 anos, de iniciais R.G.S, tamb\u00e9m foi baleado. O principal suspeito do crime \u00e9 O.G.A.N, de 18 anos, que \u00e9 procurado pela Pol\u00edcia.<\/p>\n<p>De acordo com informa\u00e7\u00f5es apuradas pela Pol\u00edcia Militar (PM), o assassinato ocorreu por volta das 20h50 na Rua Alan Kardec, pr\u00f3ximo ao Est\u00e1dio Municipal Roseir\u00e3o da V\u00e1rzea, no bairro Tancredo Neves. A v\u00edtima R.G.S foi encontrada no interior de uma pizzaria. J\u00e1 Aleph encontrava-se ca\u00eddo em via p\u00fablica a cerca de vinte metros do local onde estava R.G.S. <\/p>\n<p>As duas v\u00edtimas foram socorridas e encaminhadas para o Hospital Municipal Doutor Carlos Marx, por\u00e9m Aleph n\u00e3o resistiu e faleceu antes de dar entrada na unidade de sa\u00fade. R.G.S sofreu uma perfura\u00e7\u00e3o no ombro esquerdo, que transfixou o t\u00f3rax e perfurou seu pulm\u00e3o. J\u00e1 Aleph foi atingido por um tiro fatal na regi\u00e3o dorsal. O corpo foi encaminhado para o Instituto M\u00e9dico Legal (IML) em Te\u00f3filo Otoni.<\/p>\n<p>Ainda segundo a PM, testemunhas relataram que ap\u00f3s cometer o crime, o suspeito se embrenhou em um matagal e n\u00e3o foi mais visto. O.G.A.N, segundo a PM, \u00e9 conhecido nos meios policiais por participar do tr\u00e1fico de entorpecentes na regi\u00e3o, sendo que inclusive j\u00e1 foi preso por tal crime.<\/p>\n<p>Conforme a PM, Aleph tamb\u00e9m j\u00e1 foi preso por tr\u00e1fico de drogas e j\u00e1 havia sido v\u00edtima de tentativa de homic\u00eddio em Te\u00f3filo Otoni. Devido o hist\u00f3rico, segundo a PM, as circunst\u00e2ncias levam a crer que o crime foi motivado pela disputa entre fac\u00e7\u00f5es criminosas rivais que agem na regi\u00e3o. <\/p>\n<p>A v\u00edtima R.G.S n\u00e3o possui qualquer vincula\u00e7\u00e3o com organiza\u00e7\u00f5es criminosas, n\u00e3o possuindo registros policiais, e \u00e9 conhecido como um indiv\u00edduo pac\u00edfico. Tudo leva a crer que o mesmo foi atingido de forma fortuita por encontrar-se na via p\u00fablica no momento do crime.<\/p>\n<p><img decoding=\"async\" src=\"http:\/\/aconteceunovale.com.br\/portal\/wp-content\/uploads\/2016\/06\/roseirao_da_varzea.jpg\" alt=\"\" \/><em>Crime aconteceu nas proximidades do est\u00e1dio Roseir\u00e3o da V\u00e1rzea (Foto: Leandro Silva)<\/em><\/p>\n","protected":false},"excerpt":{"rendered":"<p>Um jovem de 22 anos foi assassinado na noite de s\u00e1bado, 18 de junho, em Malacacheta, no Vale do Mucuri. Aleph Eduardo Vieira Couy, conhecido como Lafim, n\u00e3o resistiu aos ferimentos provocados por disparo de arma de fogo e veio a \u00f3bito antes de dar entrada no hospital do munic\u00edpio. Um homem de 43 anos, [&hellip;]<\/p>\n","protected":false},"author":1,"featured_media":89619,"comment_status":"open","ping_status":"closed","sticky":false,"template":"","format":"standard","meta":{"amp_status":"","footnotes":""},"categories":[122],"tags":[99983,81656,1018,57317,99981,99980,226,57315,57316,99982,99979,99984,99978,164],"class_list":["post-89618","post","type-post","status-publish","format-standard","has-post-thumbnail","hentry","category-mucuri","tag-aleph-eduardo-vieira-couy","tag-assassinato-malacacheta","tag-destaque","tag-homicidio-malacacheta","tag-lafim","tag-lafim-couy","tag-malacacheta","tag-morte-malacacheta","tag-morto-malacacheta","tag-olimpio-goncalves-alves-neto","tag-ramon-da-megs-materiais-de-construcao","tag-rhamon-guedes-de-souza","tag-rivalidade-entre-faccoes-pode-ter-motivado-assassinato-de-jovem-em-malacacheta","tag-teofilo-otoni"],"_links":{"self":[{"href":"https:\/\/aconteceunovale.com.br\/portal\/index.php?rest_route=\/wp\/v2\/posts\/89618","targetHints":{"allow":["GET"]}}],"collection":[{"href":"https:\/\/aconteceunovale.com.br\/portal\/index.php?rest_route=\/wp\/v2\/posts"}],"about":[{"href":"https:\/\/aconteceunovale.com.br\/portal\/index.php?rest_route=\/wp\/v2\/types\/post"}],"author":[{"embeddable":true,"href":"https:\/\/aconteceunovale.com.br\/portal\/index.php?rest_route=\/wp\/v2\/users\/1"}],"replies":[{"embeddable":true,"href":"https:\/\/aconteceunovale.com.br\/portal\/index.php?rest_route=%2Fwp%2Fv2%2Fcomments&post=89618"}],"version-history":[{"count":0,"href":"https:\/\/aconteceunovale.com.br\/portal\/index.php?rest_route=\/wp\/v2\/posts\/89618\/revisions"}],"wp:featuredmedia":[{"embeddable":true,"href":"https:\/\/aconteceunovale.com.br\/portal\/index.php?rest_route=\/wp\/v2\/media\/89619"}],"wp:attachment":[{"href":"https:\/\/aconteceunovale.com.br\/portal\/index.php?rest_route=%2Fwp%2Fv2%2Fmedia&parent=89618"}],"wp:term":[{"taxonomy":"category","embeddable":true,"href":"https:\/\/aconteceunovale.com.br\/portal\/index.php?rest_route=%2Fwp%2Fv2%2Fcategories&post=89618"},{"taxonomy":"post_tag","embeddable":true,"href":"https:\/\/aconteceunovale.com.br\/portal\/index.php?rest_route=%2Fwp%2Fv2%2Ftags&post=89618"}],"curies":[{"name":"wp","href":"https:\/\/api.w.org\/{rel}","templated":true}]}}