{"id":89599,"date":"2016-06-20T10:57:54","date_gmt":"2016-06-20T13:57:54","guid":{"rendered":"http:\/\/aconteceunovale.com.br\/portal\/?p=89599"},"modified":"2016-06-20T10:57:54","modified_gmt":"2016-06-20T13:57:54","slug":"escola-de-musica-desperta-jovens-talentos-em-diamantina-no-vale-do-jequitinhonha","status":"publish","type":"post","link":"https:\/\/aconteceunovale.com.br\/portal\/?p=89599","title":{"rendered":"Escola de m\u00fasica desperta jovens talentos em Diamantina, no Vale do Jequitinhonha"},"content":{"rendered":"<p>A sala repleta de alunos desafia o ditado popular de que os jovens n\u00e3o apreciam m\u00fasica cl\u00e1ssica e erudita. Muito pelo contr\u00e1rio, como afirmam  tr\u00eas instrumentistas ainda adolescentes, que cresceram ouvindo e tocando m\u00fasica cl\u00e1ssica na Escola de Arte Mi\u00fada, em Diamantina, no Territ\u00f3rio Alto Jequitinhonha. Em meio \u00e0 agenda atribulada de compromissos, eles desdobram-se para  conciliar os estudos, com a paix\u00e3o pela m\u00fasica.<\/p>\n<p>A estudante Sabrina Emanuelly Costa, de 18 anos, divide o tempo entre o bacharelado de Ci\u00eancia e Tecnologia com as aulas de ballet e flauta transversal. Ali\u00e1s, as f\u00e9rias da faculdade s\u00e3o usadas para botar em dia as atividades art\u00edsticas na escola. <\/p>\n<p>\u201cFa\u00e7o de tudo para conciliar as aulas de m\u00fasica e ballet com a faculdade. A Escola de Arte Mi\u00fada \u00e9 a nossa segunda casa. \u00c9 o lugar onde passamos a maior parte do dia aprendendo cultura, hist\u00f3ria, coisas da cidade, al\u00e9m de conhecer novas pessoas\u201d, conta Sabrina.<\/p>\n<p>Luis Augusto Gomes, de 17 anos, tamb\u00e9m faz tudo para n\u00e3o se afastar dos instrumentos de sopro.  \u201cComecei aos 11 anos de idade aprendendo tocar flauta doce. Depois pulei para a flauta transversal\u201d, conta. Ele integra a orquestra de flauta transversal da escola, que tradicionalmente se apresenta aos domingos no Sarau Arte Mi\u00fada, na Igreja S\u00e3o Francisco, no Centro de Diamantina.<\/p>\n<p><img decoding=\"async\" src=\"http:\/\/aconteceunovale.com.br\/portal\/wp-content\/uploads\/2016\/06\/arte_miuda_dtna_1.jpg\" alt=\"\" \/><em>Sabrina divide o tempo entre estudos, ballet e flauta transversal (Divulga\u00e7\u00e3o\/Escola de Arte Mi\u00fada)<\/em><br \/>\n<\/br><\/p>\n<p><strong>Arte Mi\u00fada<\/strong><\/p>\n<p>A Escola de Arte Mi\u00fada, um dos cart\u00f5es postais de Diamantina, localizada no centro hist\u00f3rico da Cidade, existe h\u00e1 28 anos.  \u00c9 tradicionalmente conhecida por suas apresenta\u00e7\u00f5es nos principais eventos de Diamantina e regi\u00e3o. O mais famoso deles \u00e9 o Sarau Arte Mi\u00fada, que acontece todo m\u00eas na igreja S\u00e3o Francisco de Assis, no centro da cidade.<\/p>\n<p>Dentre os cursos oferecidos est\u00e3o os de instrumentos, musicaliza\u00e7\u00e3o infantil, teoria musical, canto coral, bal\u00e9 e artes pl\u00e1sticas.  <\/p>\n<p>No entanto, a deteriora\u00e7\u00e3o da casa, com mais de um s\u00e9culo de exist\u00eancia, comprometia as aulas e apresenta\u00e7\u00f5es, como relembra a estudante universit\u00e1ria, Maria Cec\u00edllia Teixeira de Alecrim, de 18 anos.<\/p>\n<p>\u201cA casa tinha muito problema com prolifera\u00e7\u00e3o de cupim e mofo. Quando chovia, t\u00ednhamos que proteger os instrumentos musicais das goteiras. Com a reforma, todos esses problemas foram resolvidos. O pr\u00e9dio est\u00e1 mais arejado\u201d, relembra a estudante, que tem a escola como sua segunda casa para dan\u00e7ar ballet e tocar flauta transversal.<\/p>\n<p><strong>Reforma e restaura\u00e7\u00e3o<\/strong><\/p>\n<p>O im\u00f3vel, tombado pelo Instituto do Patrim\u00f4nio Hist\u00f3rico e Art\u00edstico Nacional (Iphan), foi reformado e restaurado pelo Governo de Minas Gerais. A obra foi entregue no final do ano passado.<\/p>\n<p>A obra executada pelo Departamento de Obras P\u00fablicas (Deop), por determina\u00e7\u00e3o do governador Fernando Pimentel, incluiu a substitui\u00e7\u00e3o do telhado, pintura interna e externa, constru\u00e7\u00e3o de rampa para acessibilidade, dentre outras benfeitorias. Ao todo foram investidos aproximadamente R$ 802 mil.     <\/p>\n<p>O maior receio da diretora da Arte Mi\u00fada, Soraya Alc\u00e2ntara, era perder todo o acervo do Museu da Seresta, instrumentos musicais e demais materiais da escola, devido ao excesso de goteiras e ataque de cupins.<\/p>\n<p><strong>Percep\u00e7\u00e3o musical<\/strong><\/p>\n<p>Agora, devidamente estruturada, a escola de m\u00fasica segue com a miss\u00e3o de formar em m\u00fasica pessoas sens\u00edveis e de vis\u00e3o apurada pela arte.<\/p>\n<p>\u201cA nossa casa recebe a visita de cerca de 500 pessoas por m\u00eas. O nosso papel \u00e9 pesquisar, resgatar, estudar e divulgar a hist\u00f3ria musical de Diamantina\u201d, afirma a diretora.  Segundo Soraya, a escola possui 240 alunos, entre crian\u00e7as, adolescentes e jovens.<\/p>\n<p>Tamb\u00e9m vale destacar o papel social da Arte Mi\u00fada, de oferecer aulas gratuitas \u00e0s crian\u00e7as carentes. \u201cPelo Projeto Ado\u00e7\u00e3o fazemos uma pesquisa nas escolas em busca de novos talentos art\u00edsticos musicais. Com isso, as crian\u00e7as ganham a oportunidade de frequentar a Arte Mi\u00fada gratuitamente\u201d, explica a diretora.<\/p>\n<p><strong>Servi\u00e7o<\/strong><\/p>\n<p>A Escola de Arte Mi\u00fada funciona de segunda a s\u00e1bado na Rua da Gl\u00f3ria 252, em Diamantina.  Telefone (38) 3531-1191.<\/p>\n<p><img decoding=\"async\" src=\"http:\/\/aconteceunovale.com.br\/portal\/wp-content\/uploads\/2016\/06\/arte_miuda_dtna_2.jpg\" alt=\"\" \/><em>Escola de m\u00fasica desperta jovens talentos em Diamantina (Divulga\u00e7\u00e3o\/Escola de Arte Mi\u00fada)<\/em><br \/>\n<\/br><\/p>\n<p><img decoding=\"async\" src=\"http:\/\/aconteceunovale.com.br\/portal\/wp-content\/uploads\/2016\/06\/arte_miuda_dtna_3.jpg\" alt=\"\" \/><em>Escola de m\u00fasica desperta jovens talentos em Diamantina (Divulga\u00e7\u00e3o\/Escola de Arte Mi\u00fada)<\/em><br \/>\n<\/br><\/p>\n<p><img decoding=\"async\" src=\"http:\/\/aconteceunovale.com.br\/portal\/wp-content\/uploads\/2016\/06\/arte_miuda_dtna_4.jpg\" alt=\"\" \/><em>Escola de m\u00fasica desperta jovens talentos em Diamantina (Divulga\u00e7\u00e3o\/Escola de Arte Mi\u00fada)<\/em><br \/>\n<\/br><\/p>\n<p><img decoding=\"async\" src=\"http:\/\/aconteceunovale.com.br\/portal\/wp-content\/uploads\/2016\/06\/arte_miuda_dtna_5.jpg\" alt=\"\" \/><em>Escola de m\u00fasica desperta jovens talentos em Diamantina (Divulga\u00e7\u00e3o\/Escola de Arte Mi\u00fada)<\/em><br \/>\n<\/br><\/p>\n<p>(Ag\u00eancia Minas)<\/p>\n","protected":false},"excerpt":{"rendered":"<p>A sala repleta de alunos desafia o ditado popular de que os jovens n\u00e3o apreciam m\u00fasica cl\u00e1ssica e erudita. Muito pelo contr\u00e1rio, como afirmam tr\u00eas instrumentistas ainda adolescentes, que cresceram ouvindo e tocando m\u00fasica cl\u00e1ssica na Escola de Arte Mi\u00fada, em Diamantina, no Territ\u00f3rio Alto Jequitinhonha. Em meio \u00e0 agenda atribulada de compromissos, eles desdobram-se [&hellip;]<\/p>\n","protected":false},"author":1,"featured_media":89600,"comment_status":"open","ping_status":"closed","sticky":false,"template":"","format":"standard","meta":{"amp_status":"","footnotes":""},"categories":[120],"tags":[99949,1018,198,99951,99944,99943,99955,99942,99953,99954,99948,93696,69650,99946,99950,541,99945,99947,99952],"class_list":["post-89599","post","type-post","status-publish","format-standard","has-post-thumbnail","hentry","category-jequi","tag-arte-miuda","tag-destaque","tag-diamantina","tag-diretora-da-arte-miuda","tag-escola-de-arte-miuda","tag-escola-de-arte-miuda-de-diamantina","tag-escola-de-arte-miuda-desperta-jovens-talentos-em-diamantina","tag-escola-de-arte-miuda-em-diamantina","tag-escola-de-musica-desperta-jovens-talentos-em-diamantina","tag-escola-de-musica-desperta-jovens-talentos-em-diamantina-no-vale-do-jequitinhonha","tag-igreja-sao-francisco","tag-instituto-do-patrimonio-historico-e-artistico-nacional","tag-iphan","tag-luis-augusto-gomes","tag-maria-cecillia-teixeira-de-alecrim","tag-no-vale-do-jequitinhonha","tag-sabrina-emanuelly-costa","tag-sarau-arte-miuda","tag-soraya-alcantara"],"_links":{"self":[{"href":"https:\/\/aconteceunovale.com.br\/portal\/index.php?rest_route=\/wp\/v2\/posts\/89599","targetHints":{"allow":["GET"]}}],"collection":[{"href":"https:\/\/aconteceunovale.com.br\/portal\/index.php?rest_route=\/wp\/v2\/posts"}],"about":[{"href":"https:\/\/aconteceunovale.com.br\/portal\/index.php?rest_route=\/wp\/v2\/types\/post"}],"author":[{"embeddable":true,"href":"https:\/\/aconteceunovale.com.br\/portal\/index.php?rest_route=\/wp\/v2\/users\/1"}],"replies":[{"embeddable":true,"href":"https:\/\/aconteceunovale.com.br\/portal\/index.php?rest_route=%2Fwp%2Fv2%2Fcomments&post=89599"}],"version-history":[{"count":0,"href":"https:\/\/aconteceunovale.com.br\/portal\/index.php?rest_route=\/wp\/v2\/posts\/89599\/revisions"}],"wp:featuredmedia":[{"embeddable":true,"href":"https:\/\/aconteceunovale.com.br\/portal\/index.php?rest_route=\/wp\/v2\/media\/89600"}],"wp:attachment":[{"href":"https:\/\/aconteceunovale.com.br\/portal\/index.php?rest_route=%2Fwp%2Fv2%2Fmedia&parent=89599"}],"wp:term":[{"taxonomy":"category","embeddable":true,"href":"https:\/\/aconteceunovale.com.br\/portal\/index.php?rest_route=%2Fwp%2Fv2%2Fcategories&post=89599"},{"taxonomy":"post_tag","embeddable":true,"href":"https:\/\/aconteceunovale.com.br\/portal\/index.php?rest_route=%2Fwp%2Fv2%2Ftags&post=89599"}],"curies":[{"name":"wp","href":"https:\/\/api.w.org\/{rel}","templated":true}]}}