{"id":89596,"date":"2016-06-20T10:06:27","date_gmt":"2016-06-20T13:06:27","guid":{"rendered":"http:\/\/aconteceunovale.com.br\/portal\/?p=89596"},"modified":"2016-06-20T10:06:27","modified_gmt":"2016-06-20T13:06:27","slug":"inverno-2016-chega-a-minas-gerais-com-baixas-temperaturas-devido-a-massa-de-ar-polar","status":"publish","type":"post","link":"https:\/\/aconteceunovale.com.br\/portal\/?p=89596","title":{"rendered":"Inverno 2016 chega a Minas Gerais com baixas temperaturas devido \u00e0 massa de ar polar"},"content":{"rendered":"<p>O inverno se aproxima e com ele chegam as baixas temperaturas. Com o in\u00edcio da esta\u00e7\u00e3o mais fria do ano, que come\u00e7a nesta segunda-feira (20\/6), \u00e0s 19h34, a Cemig informa a previs\u00e3o do tempo para o per\u00edodo e destaca que, este ano, os fen\u00f4menos El Ni\u00f1o e La Ni\u00f1a n\u00e3o ter\u00e3o influ\u00eancias positivas ou negativas nas temperaturas, como ocorreu no ano passado.<\/p>\n<p>Segundo Arthur Chaves de Paiva Neto, meteorologista da Cemig, o inverno come\u00e7a com uma queda significativa nas temperaturas, em decorr\u00eancia do deslocamento de uma massa de ar frio vinda do Polo Sul. \u201cPrincipalmente em julho e agosto, as temperaturas devem ficar acima da m\u00e9dia nas regi\u00f5es Norte, Noroeste, Oeste e Tri\u00e2ngulo e abaixo nos Vales do Jequitinhonha e Mucuri e na Zona da Mata. Na regi\u00e3o Leste, as temperaturas ficam dentro da m\u00e9dia para o per\u00edodo\u201d, explica Arthur Chaves.<\/p>\n<p>Ainda segundo o meteorologista, a esta\u00e7\u00e3o se caracteriza por ser fria e seca na regi\u00e3o Central e no Sul de Minas e quente e seca no Norte de Minas. Ele explica que, \u201cem decorr\u00eancia da redu\u00e7\u00e3o das chuvas, a umidade relativa do ar pode atingir valores abaixo de 20%, principalmente no Tri\u00e2ngulo, Oeste, Centro e Norte de Minas\u201d.<\/p>\n<p>As condi\u00e7\u00f5es clim\u00e1ticas tamb\u00e9m podem variar rapidamente, favorecendo a ocorr\u00eancia de nevoeiros e geadas nas primeiras horas do dia, nas regi\u00f5es serranas do Estado.<\/p>\n<p><strong>Chuvas<\/strong><\/p>\n<p>Na Zona da Mata e nos Vales do Jequitinhonha e Mucuri, a previs\u00e3o \u00e9 de chuvas acima da m\u00e9dia. J\u00e1 no Tri\u00e2ngulo, Norte e Noroeste, o n\u00edvel das chuvas deve ficar abaixo da m\u00e9dia. Nas demais regi\u00f5es s\u00e3o esperadas chuvas dentro da m\u00e9dia.<\/p>\n<p>Mais frequente em julho, a invers\u00e3o t\u00e9rmica se forma quando a temperatura da atmosfera na superf\u00edcie \u00e9 menor do que nos n\u00edveis acima. Isso impede que os poluentes se espalhem, o que piora a qualidade do ar nas cidades.<\/p>\n<p><strong>Regi\u00f5es do Estado<\/strong><\/p>\n<p>Veja abaixo a previs\u00e3o de temperaturas m\u00ednimas, m\u00e1ximas e m\u00e9dias para sua regi\u00e3o, nos meses de julho, agosto e setembro.<\/p>\n<div align=\"center\">\n<table width=\"490\" border=\"0\" cellspacing=\"0\" cellpadding=\"0\">\n<tbody>\n<tr>\n<td rowspan=\"2\" nowrap=\"nowrap\" width=\"230\">\n<p align=\"center\"><b>REGI\u00c3O<\/b><\/p>\n<\/td>\n<td colspan=\"3\" nowrap=\"nowrap\" width=\"130\">\n<p align=\"center\"><b>TEMPERATURAS M\u00cdNIMAS (<sup>o<\/sup>C)<\/b><\/p>\n<\/td>\n<td colspan=\"3\" nowrap=\"nowrap\" width=\"130\">\n<p align=\"center\"><b>TEMPERATURAS M\u00c1XIMAS (<sup>o<\/sup>C)<\/b><\/p>\n<\/td>\n<\/tr>\n<tr>\n<td nowrap=\"nowrap\" width=\"48\">\n<p align=\"center\">Jul.<\/p>\n<\/td>\n<td nowrap=\"nowrap\" width=\"43\">\n<p align=\"center\">Ago.<\/p>\n<\/td>\n<td nowrap=\"nowrap\" width=\"39\">\n<p align=\"center\">Set.<\/p>\n<\/td>\n<td nowrap=\"nowrap\" width=\"44\">\n<p align=\"center\">Jul.<\/p>\n<\/td>\n<td nowrap=\"nowrap\" width=\"41\">\n<p align=\"center\">Ago.<\/p>\n<\/td>\n<td nowrap=\"nowrap\" width=\"45\">\n<p align=\"center\">Set.<\/p>\n<\/td>\n<\/tr>\n<tr>\n<td nowrap=\"nowrap\" width=\"230\">\n<p align=\"center\"><b>CENTRAL<\/b><\/p>\n<\/td>\n<td nowrap=\"nowrap\" width=\"48\">\n<p align=\"center\">13<\/p>\n<\/td>\n<td nowrap=\"nowrap\" width=\"43\">\n<p align=\"center\">15<\/p>\n<\/td>\n<td nowrap=\"nowrap\" width=\"39\">\n<p align=\"center\">16<\/p>\n<\/td>\n<td nowrap=\"nowrap\" width=\"44\">\n<p align=\"center\">25<\/p>\n<\/td>\n<td nowrap=\"nowrap\" width=\"41\">\n<p align=\"center\">26<\/p>\n<\/td>\n<td nowrap=\"nowrap\" width=\"45\">\n<p align=\"center\">27<\/p>\n<\/td>\n<\/tr>\n<tr>\n<td nowrap=\"nowrap\" width=\"230\">\n<p align=\"center\"><b>NOROESTE<\/b><\/p>\n<\/td>\n<td nowrap=\"nowrap\" width=\"48\">\n<p align=\"center\">13<\/p>\n<\/td>\n<td nowrap=\"nowrap\" width=\"43\">\n<p align=\"center\">15<\/p>\n<\/td>\n<td nowrap=\"nowrap\" width=\"39\">\n<p align=\"center\">16<\/p>\n<\/td>\n<td nowrap=\"nowrap\" width=\"44\">\n<p align=\"center\">28<\/p>\n<\/td>\n<td nowrap=\"nowrap\" width=\"41\">\n<p align=\"center\">30<\/p>\n<\/td>\n<td nowrap=\"nowrap\" width=\"45\">\n<p align=\"center\">31<\/p>\n<\/td>\n<\/tr>\n<tr>\n<td nowrap=\"nowrap\" width=\"230\">\n<p align=\"center\"><b>NORTE DE MINAS<\/b><\/p>\n<\/td>\n<td nowrap=\"nowrap\" width=\"48\">\n<p align=\"center\">13<\/p>\n<\/td>\n<td nowrap=\"nowrap\" width=\"43\">\n<p align=\"center\">14<\/p>\n<\/td>\n<td nowrap=\"nowrap\" width=\"39\">\n<p align=\"center\">16<\/p>\n<\/td>\n<td nowrap=\"nowrap\" width=\"44\">\n<p align=\"center\">28<\/p>\n<\/td>\n<td nowrap=\"nowrap\" width=\"41\">\n<p align=\"center\">30<\/p>\n<\/td>\n<td nowrap=\"nowrap\" width=\"45\">\n<p align=\"center\">31<\/p>\n<\/td>\n<\/tr>\n<tr>\n<td nowrap=\"nowrap\" width=\"230\">\n<p align=\"center\"><b>OESTE<\/b><\/p>\n<\/td>\n<td nowrap=\"nowrap\" width=\"48\">\n<p align=\"center\">12<\/p>\n<\/td>\n<td nowrap=\"nowrap\" width=\"43\">\n<p align=\"center\">13<\/p>\n<\/td>\n<td nowrap=\"nowrap\" width=\"39\">\n<p align=\"center\">14<\/p>\n<\/td>\n<td nowrap=\"nowrap\" width=\"44\">\n<p align=\"center\">24<\/p>\n<\/td>\n<td nowrap=\"nowrap\" width=\"41\">\n<p align=\"center\">26<\/p>\n<\/td>\n<td nowrap=\"nowrap\" width=\"45\">\n<p align=\"center\">27<\/p>\n<\/td>\n<\/tr>\n<tr>\n<td nowrap=\"nowrap\" width=\"230\">\n<p align=\"center\"><b>LESTE<\/b><\/p>\n<\/td>\n<td nowrap=\"nowrap\" width=\"48\">\n<p align=\"center\">15<\/p>\n<\/td>\n<td nowrap=\"nowrap\" width=\"43\">\n<p align=\"center\">16<\/p>\n<\/td>\n<td nowrap=\"nowrap\" width=\"39\">\n<p align=\"center\">17<\/p>\n<\/td>\n<td nowrap=\"nowrap\" width=\"44\">\n<p align=\"center\">27<\/p>\n<\/td>\n<td nowrap=\"nowrap\" width=\"41\">\n<p align=\"center\">28<\/p>\n<\/td>\n<td nowrap=\"nowrap\" width=\"45\">\n<p align=\"center\">29<\/p>\n<\/td>\n<\/tr>\n<tr>\n<td nowrap=\"nowrap\" width=\"230\">\n<p align=\"center\"><b>JEQUITINHONHA E MUCURI<\/b><\/p>\n<\/td>\n<td nowrap=\"nowrap\" width=\"48\">\n<p align=\"center\">14<\/p>\n<\/td>\n<td nowrap=\"nowrap\" width=\"43\">\n<p align=\"center\">16<\/p>\n<\/td>\n<td nowrap=\"nowrap\" width=\"39\">\n<p align=\"center\">18<\/p>\n<\/td>\n<td nowrap=\"nowrap\" width=\"44\">\n<p align=\"center\">28<\/p>\n<\/td>\n<td nowrap=\"nowrap\" width=\"41\">\n<p align=\"center\">30<\/p>\n<\/td>\n<td nowrap=\"nowrap\" width=\"45\">\n<p align=\"center\">31<\/p>\n<\/td>\n<\/tr>\n<tr>\n<td nowrap=\"nowrap\" width=\"230\">\n<p align=\"center\"><b>SUL DE MINAS<\/b><\/p>\n<\/td>\n<td nowrap=\"nowrap\" width=\"48\">\n<p align=\"center\">7<\/p>\n<\/td>\n<td nowrap=\"nowrap\" width=\"43\">\n<p align=\"center\">9<\/p>\n<\/td>\n<td nowrap=\"nowrap\" width=\"39\">\n<p align=\"center\">11<\/p>\n<\/td>\n<td nowrap=\"nowrap\" width=\"44\">\n<p align=\"center\">24<\/p>\n<\/td>\n<td nowrap=\"nowrap\" width=\"41\">\n<p align=\"center\">26<\/p>\n<\/td>\n<td nowrap=\"nowrap\" width=\"45\">\n<p align=\"center\">27<\/p>\n<\/td>\n<\/tr>\n<tr>\n<td nowrap=\"nowrap\" width=\"230\">\n<p align=\"center\"><b>ZONA DA MATA<\/b><\/p>\n<\/td>\n<td nowrap=\"nowrap\" width=\"48\">\n<p align=\"center\">11<\/p>\n<\/td>\n<td nowrap=\"nowrap\" width=\"43\">\n<p align=\"center\">13<\/p>\n<\/td>\n<td nowrap=\"nowrap\" width=\"39\">\n<p align=\"center\">13<\/p>\n<\/td>\n<td nowrap=\"nowrap\" width=\"44\">\n<p align=\"center\">22<\/p>\n<\/td>\n<td nowrap=\"nowrap\" width=\"41\">\n<p align=\"center\">23<\/p>\n<\/td>\n<td nowrap=\"nowrap\" width=\"45\">\n<p align=\"center\">23<\/p>\n<\/td>\n<\/tr>\n<tr>\n<td nowrap=\"nowrap\" width=\"230\">\n<p align=\"center\"><b>CENTRAL<\/b><\/p>\n<\/td>\n<td nowrap=\"nowrap\" width=\"48\">\n<p align=\"center\">13<\/p>\n<\/td>\n<td nowrap=\"nowrap\" width=\"43\">\n<p align=\"center\">15<\/p>\n<\/td>\n<td nowrap=\"nowrap\" width=\"39\">\n<p align=\"center\">16<\/p>\n<\/td>\n<td nowrap=\"nowrap\" width=\"44\">\n<p align=\"center\">25<\/p>\n<\/td>\n<td nowrap=\"nowrap\" width=\"41\">\n<p align=\"center\">26<\/p>\n<\/td>\n<td nowrap=\"nowrap\" width=\"45\">\n<p align=\"center\">27<\/p>\n<\/td>\n<\/tr>\n<tr>\n<td nowrap=\"nowrap\" width=\"230\">\n<p align=\"center\"><b>TRI\u00c2NGULO<\/b><\/p>\n<\/td>\n<td nowrap=\"nowrap\" width=\"48\">\n<p align=\"center\">13<\/p>\n<\/td>\n<td nowrap=\"nowrap\" width=\"43\">\n<p align=\"center\">15<\/p>\n<\/td>\n<td nowrap=\"nowrap\" width=\"39\">\n<p align=\"center\">16<\/p>\n<\/td>\n<td nowrap=\"nowrap\" width=\"44\">\n<p align=\"center\">28<\/p>\n<\/td>\n<td nowrap=\"nowrap\" width=\"41\">\n<p align=\"center\">30<\/p>\n<\/td>\n<td nowrap=\"nowrap\" width=\"45\">\n<p align=\"center\">31<\/p>\n<\/td>\n<\/tr>\n<tr>\n<td colspan=\"7\" nowrap=\"nowrap\" width=\"490\"><i>Fonte: Centro de Climatologia &#8211; Cemig<\/i><\/td>\n<\/tr>\n<\/tbody>\n<\/table>\n<\/div>\n<p align=\"center\">\n<p>(Ascom Cemig)<\/p>\n","protected":false},"excerpt":{"rendered":"<p>O inverno se aproxima e com ele chegam as baixas temperaturas. Com o in\u00edcio da esta\u00e7\u00e3o mais fria do ano, que come\u00e7a nesta segunda-feira (20\/6), \u00e0s 19h34, a Cemig informa a previs\u00e3o do tempo para o per\u00edodo e destaca que, este ano, os fen\u00f4menos El Ni\u00f1o e La Ni\u00f1a n\u00e3o ter\u00e3o influ\u00eancias positivas ou negativas [&hellip;]<\/p>\n","protected":false},"author":1,"featured_media":89597,"comment_status":"open","ping_status":"closed","sticky":false,"template":"","format":"standard","meta":{"amp_status":"","footnotes":""},"categories":[123],"tags":[83365,347,99934,99936,99935,99941,99931,99933,99939,99937,99938,99932,99940],"class_list":["post-89596","post","type-post","status-publish","format-standard","has-post-thumbnail","hentry","category-gerais","tag-arthur-chaves-de-paiva-neto","tag-cemig","tag-cemig-inverno-2016","tag-inverno-2016","tag-inverno-2016-cemig","tag-inverno-2016-chega-a-minas-gerais-com-baixas-temperaturas-devido-a-massa-de-ar-polar","tag-meteorologista-da-cemig","tag-previsao-do-tempo-para-o-inverno-2016","tag-previsao-e-de-que-a-temperatura-e-as-chuvas-fiquem-dentro-da-media-no-inverno-2016-na-regiao-leste-de-minas","tag-temperatura-em-minas-gerais-no-inverno-2016","tag-temperatura-no-vale-do-jequitinhonha-no-inverno-2016","tag-tempo-no-inverno-2016","tag-vales-do-jequitinhonha-e-mucuri-terao-chuvas-acima-da-media-e-temperaturas-abaixo-da-media-no-inverno-2016"],"_links":{"self":[{"href":"https:\/\/aconteceunovale.com.br\/portal\/index.php?rest_route=\/wp\/v2\/posts\/89596","targetHints":{"allow":["GET"]}}],"collection":[{"href":"https:\/\/aconteceunovale.com.br\/portal\/index.php?rest_route=\/wp\/v2\/posts"}],"about":[{"href":"https:\/\/aconteceunovale.com.br\/portal\/index.php?rest_route=\/wp\/v2\/types\/post"}],"author":[{"embeddable":true,"href":"https:\/\/aconteceunovale.com.br\/portal\/index.php?rest_route=\/wp\/v2\/users\/1"}],"replies":[{"embeddable":true,"href":"https:\/\/aconteceunovale.com.br\/portal\/index.php?rest_route=%2Fwp%2Fv2%2Fcomments&post=89596"}],"version-history":[{"count":0,"href":"https:\/\/aconteceunovale.com.br\/portal\/index.php?rest_route=\/wp\/v2\/posts\/89596\/revisions"}],"wp:featuredmedia":[{"embeddable":true,"href":"https:\/\/aconteceunovale.com.br\/portal\/index.php?rest_route=\/wp\/v2\/media\/89597"}],"wp:attachment":[{"href":"https:\/\/aconteceunovale.com.br\/portal\/index.php?rest_route=%2Fwp%2Fv2%2Fmedia&parent=89596"}],"wp:term":[{"taxonomy":"category","embeddable":true,"href":"https:\/\/aconteceunovale.com.br\/portal\/index.php?rest_route=%2Fwp%2Fv2%2Fcategories&post=89596"},{"taxonomy":"post_tag","embeddable":true,"href":"https:\/\/aconteceunovale.com.br\/portal\/index.php?rest_route=%2Fwp%2Fv2%2Ftags&post=89596"}],"curies":[{"name":"wp","href":"https:\/\/api.w.org\/{rel}","templated":true}]}}