{"id":89593,"date":"2016-06-20T09:54:31","date_gmt":"2016-06-20T12:54:31","guid":{"rendered":"http:\/\/aconteceunovale.com.br\/portal\/?p=89593"},"modified":"2016-06-20T09:54:31","modified_gmt":"2016-06-20T12:54:31","slug":"situacao-de-emergencia-reconhecida-em-itamarandiba-e-montalvania","status":"publish","type":"post","link":"https:\/\/aconteceunovale.com.br\/portal\/?p=89593","title":{"rendered":"Situa\u00e7\u00e3o de emerg\u00eancia reconhecida em Itamarandiba e Montalv\u00e2nia"},"content":{"rendered":"<p>O Minist\u00e9rio da Integra\u00e7\u00e3o Nacional, por meio da Secretaria Nacional de Prote\u00e7\u00e3o e Defesa Civil (Sedec), reconheceu situa\u00e7\u00e3o de emerg\u00eancia em seis munic\u00edpios na Bahia e dois em Minas Gerais, em raz\u00e3o do longo per\u00edodo de estiagem que afeta as regi\u00f5es. A portaria foi publicada na edi\u00e7\u00e3o de sexta-feira (17\/6) do Di\u00e1rio Oficial da Uni\u00e3o.<\/p>\n<p>A partir do reconhecimento, estados e munic\u00edpios podem solicitar \u00e0 Sedec apoio para as a\u00e7\u00f5es de socorro, assist\u00eancia e reestabelecimento de servi\u00e7os essenciais, como o refor\u00e7o das opera\u00e7\u00f5es de abastecimento h\u00eddrico.<\/p>\n<p>A medida tamb\u00e9m permite acesso a outros benef\u00edcios, como a renegocia\u00e7\u00e3o de d\u00edvidas no setor de agricultura junto ao Banco do Brasil e a aquisi\u00e7\u00e3o de cestas b\u00e1sicas por meio do Minist\u00e9rio do Desenvolvimento Social e Combate \u00e0 Fome, dentre outros.<\/p>\n<p>Veja abaixo os munic\u00edpios afetados:<\/p>\n<p><strong>Minas Gerais:<\/strong> Itamarandiba e Montalv\u00e2nia.<\/p>\n<p><strong>Bahia:<\/strong> Aba\u00edra, Canudos, Ilh\u00e9us, Marac\u00e1s, Oliveira dos Brejinhos e Remanso.<\/p>\n<p><img decoding=\"async\" src=\"http:\/\/aconteceunovale.com.br\/portal\/wp-content\/uploads\/2016\/06\/seca_itamarandiba.jpg\" alt=\"\" \/><em>Estiagem castigou Itamarandiba em 2015 (Foto: Divulga\u00e7\u00e3o \/ Prefeitura de Itamarandiba)<\/em><br \/>\n<\/br><\/p>\n<p><em>(Portal Brasil)<\/em><\/p>\n","protected":false},"excerpt":{"rendered":"<p>O Minist\u00e9rio da Integra\u00e7\u00e3o Nacional, por meio da Secretaria Nacional de Prote\u00e7\u00e3o e Defesa Civil (Sedec), reconheceu situa\u00e7\u00e3o de emerg\u00eancia em seis munic\u00edpios na Bahia e dois em Minas Gerais, em raz\u00e3o do longo per\u00edodo de estiagem que afeta as regi\u00f5es. A portaria foi publicada na edi\u00e7\u00e3o de sexta-feira (17\/6) do Di\u00e1rio Oficial da Uni\u00e3o. [&hellip;]<\/p>\n","protected":false},"author":1,"featured_media":89594,"comment_status":"open","ping_status":"closed","sticky":false,"template":"","format":"standard","meta":{"amp_status":"","footnotes":""},"categories":[1236,120],"tags":[99920,99921,99930,22236,149,99922,1709,99923,55487,99929,99927,99928,99925,99924,99926],"class_list":["post-89593","post","type-post","status-publish","format-standard","has-post-thumbnail","hentry","category-norte_de_minas","category-jequi","tag-abaira","tag-canudos","tag-estiagem-em-itamarandiba","tag-ilheus","tag-itamarandiba","tag-maracas","tag-montalvania","tag-oliveira-dos-brejinhos","tag-remanso","tag-seca-em-itamarandiba","tag-situacao-de-emergencia-em-itamarandiba","tag-situacao-de-emergencia-em-montalvania","tag-situacao-de-emergencia-reconhecida-em-itamarandiba","tag-situacao-de-emergencia-reconhecida-em-itamarandiba-e-montalvania","tag-situacao-de-emergencia-reconhecida-em-montalvania"],"_links":{"self":[{"href":"https:\/\/aconteceunovale.com.br\/portal\/index.php?rest_route=\/wp\/v2\/posts\/89593","targetHints":{"allow":["GET"]}}],"collection":[{"href":"https:\/\/aconteceunovale.com.br\/portal\/index.php?rest_route=\/wp\/v2\/posts"}],"about":[{"href":"https:\/\/aconteceunovale.com.br\/portal\/index.php?rest_route=\/wp\/v2\/types\/post"}],"author":[{"embeddable":true,"href":"https:\/\/aconteceunovale.com.br\/portal\/index.php?rest_route=\/wp\/v2\/users\/1"}],"replies":[{"embeddable":true,"href":"https:\/\/aconteceunovale.com.br\/portal\/index.php?rest_route=%2Fwp%2Fv2%2Fcomments&post=89593"}],"version-history":[{"count":0,"href":"https:\/\/aconteceunovale.com.br\/portal\/index.php?rest_route=\/wp\/v2\/posts\/89593\/revisions"}],"wp:featuredmedia":[{"embeddable":true,"href":"https:\/\/aconteceunovale.com.br\/portal\/index.php?rest_route=\/wp\/v2\/media\/89594"}],"wp:attachment":[{"href":"https:\/\/aconteceunovale.com.br\/portal\/index.php?rest_route=%2Fwp%2Fv2%2Fmedia&parent=89593"}],"wp:term":[{"taxonomy":"category","embeddable":true,"href":"https:\/\/aconteceunovale.com.br\/portal\/index.php?rest_route=%2Fwp%2Fv2%2Fcategories&post=89593"},{"taxonomy":"post_tag","embeddable":true,"href":"https:\/\/aconteceunovale.com.br\/portal\/index.php?rest_route=%2Fwp%2Fv2%2Ftags&post=89593"}],"curies":[{"name":"wp","href":"https:\/\/api.w.org\/{rel}","templated":true}]}}