{"id":89581,"date":"2016-06-19T23:34:58","date_gmt":"2016-06-20T02:34:58","guid":{"rendered":"http:\/\/aconteceunovale.com.br\/portal\/?p=89581"},"modified":"2016-06-19T23:34:58","modified_gmt":"2016-06-20T02:34:58","slug":"acidente-deixa-um-morto-e-dois-feridos-no-norte-de-minas","status":"publish","type":"post","link":"https:\/\/aconteceunovale.com.br\/portal\/?p=89581","title":{"rendered":"Acidente deixa um morto e dois feridos no Norte de Minas"},"content":{"rendered":"<p>Uma pessoa morreu e duas ficaram feridas em um acidente na manh\u00e3 deste domingo, 19 de junho, na altura do quil\u00f4metro 461 da BR-135, pr\u00f3ximo a Engenheiro Dolabela, munic\u00edpio de Bocaiuva, na regi\u00e3o Norte de Minas Gerais. Segundo informa\u00e7\u00f5es, o condutor  de um carro de passeio perdeu o controle da dire\u00e7\u00e3o, saiu da pista e capotou \u00e0s margens da rodovia.<\/p>\n<p>Com o impacto, dois ocupantes do ve\u00edculo ficaram presos \u00e0s ferragens. As v\u00edtimas foram desencarceradas por militares do Corpo de Bombeiros e posteriormente uma equipe do Servi\u00e7o de Atendimento M\u00f3vel de Urg\u00eancia (SAMU) as encaminhou para o hospital de Bocaiuva. <\/p>\n<p>Uma das v\u00edtimas n\u00e3o resistiu aos ferimentos e veio a \u00f3bito. O rapaz que faleceu trabalhava em S\u00e3o Paulo e retornava ao Norte de Minas para visitar a m\u00e3e.<\/p>\n<p><img decoding=\"async\" src=\"http:\/\/aconteceunovale.com.br\/portal\/wp-content\/uploads\/2016\/06\/acidente_dolabela_19_6.jpg\" alt=\"\" \/><em>Acidente aconteceu no km 461 da BR-135 (Foto: Reprodu\u00e7\u00e3o \/ WhatsApp)<\/em><\/p>\n","protected":false},"excerpt":{"rendered":"<p>Uma pessoa morreu e duas ficaram feridas em um acidente na manh\u00e3 deste domingo, 19 de junho, na altura do quil\u00f4metro 461 da BR-135, pr\u00f3ximo a Engenheiro Dolabela, munic\u00edpio de Bocaiuva, na regi\u00e3o Norte de Minas Gerais. Segundo informa\u00e7\u00f5es, o condutor de um carro de passeio perdeu o controle da dire\u00e7\u00e3o, saiu da pista e [&hellip;]<\/p>\n","protected":false},"author":1,"featured_media":89582,"comment_status":"open","ping_status":"closed","sticky":false,"template":"","format":"standard","meta":{"amp_status":"","footnotes":""},"categories":[1236],"tags":[99902,99904,99903,99898,99900,99895,99896,99894,18467,99897,72933,99899,645,99901,2010,99906,99905,6235,1807,2382],"class_list":["post-89581","post","type-post","status-publish","format-standard","has-post-thumbnail","hentry","category-norte_de_minas","tag-acidente-com-claudionor","tag-acidente-com-laecyo","tag-acidente-com-lucas","tag-acidente-com-moradores-de-riacho-dos-machados","tag-acidente-com-rapaz-de-riacho-dos-machados","tag-acidente-deixa-um-morto-e-dois-feridos-em-bocaiuva","tag-acidente-deixa-um-morto-e-dois-feridos-na-br-135","tag-acidente-deixa-um-morto-e-dois-feridos-no-norte-de-minas","tag-acidente-em-bocaiuva","tag-acidente-em-engenheiro-dolabela","tag-acidente-na-br-135-em-bocaiuva","tag-acidente-riacho-dos-machados","tag-bocaiuva","tag-claudionor","tag-engenheiro-dolabela","tag-laecyo","tag-lucas","tag-machado-mineiro","tag-riacho-dos-machados","tag-sao-paulo"],"_links":{"self":[{"href":"https:\/\/aconteceunovale.com.br\/portal\/index.php?rest_route=\/wp\/v2\/posts\/89581","targetHints":{"allow":["GET"]}}],"collection":[{"href":"https:\/\/aconteceunovale.com.br\/portal\/index.php?rest_route=\/wp\/v2\/posts"}],"about":[{"href":"https:\/\/aconteceunovale.com.br\/portal\/index.php?rest_route=\/wp\/v2\/types\/post"}],"author":[{"embeddable":true,"href":"https:\/\/aconteceunovale.com.br\/portal\/index.php?rest_route=\/wp\/v2\/users\/1"}],"replies":[{"embeddable":true,"href":"https:\/\/aconteceunovale.com.br\/portal\/index.php?rest_route=%2Fwp%2Fv2%2Fcomments&post=89581"}],"version-history":[{"count":0,"href":"https:\/\/aconteceunovale.com.br\/portal\/index.php?rest_route=\/wp\/v2\/posts\/89581\/revisions"}],"wp:featuredmedia":[{"embeddable":true,"href":"https:\/\/aconteceunovale.com.br\/portal\/index.php?rest_route=\/wp\/v2\/media\/89582"}],"wp:attachment":[{"href":"https:\/\/aconteceunovale.com.br\/portal\/index.php?rest_route=%2Fwp%2Fv2%2Fmedia&parent=89581"}],"wp:term":[{"taxonomy":"category","embeddable":true,"href":"https:\/\/aconteceunovale.com.br\/portal\/index.php?rest_route=%2Fwp%2Fv2%2Fcategories&post=89581"},{"taxonomy":"post_tag","embeddable":true,"href":"https:\/\/aconteceunovale.com.br\/portal\/index.php?rest_route=%2Fwp%2Fv2%2Ftags&post=89581"}],"curies":[{"name":"wp","href":"https:\/\/api.w.org\/{rel}","templated":true}]}}