{"id":89561,"date":"2016-06-19T20:55:22","date_gmt":"2016-06-19T23:55:22","guid":{"rendered":"http:\/\/aconteceunovale.com.br\/portal\/?p=89561"},"modified":"2016-06-19T20:55:22","modified_gmt":"2016-06-19T23:55:22","slug":"acidente-entre-moto-e-carro-deixa-dois-mortos-na-br-116-no-leste-de-minas","status":"publish","type":"post","link":"https:\/\/aconteceunovale.com.br\/portal\/?p=89561","title":{"rendered":"Acidente entre moto e carro deixa dois mortos na BR-116, no Leste de Minas"},"content":{"rendered":"<p>O grave acidente foi registrado no in\u00edcio da noite de s\u00e1bado (18\/6), na altura do quil\u00f4metro 515 da BR-116, em Ubaporanga, no Vale do Rio Doce. O condutor e o passageiro de uma motocicleta morreram instantaneamente ap\u00f3s o ve\u00edculo em que eles estavam colidir de frente com um autom\u00f3vel. A moto pegou fogo ap\u00f3s a batida. Uma das v\u00edtimas fatais foi identificada como Elias Vitor Reis da Silva, de 23 anos, natural de Caratinga.<\/p>\n<p>A outra v\u00edtima fatal n\u00e3o portava nenhum documento, mas foi identificada como Pedro Jorge da Silva, de 19 anos. Com o impacto da colis\u00e3o, o carro foi parar no acostamento da rodovia. O Corpo de Bombeiros Comunit\u00e1rio de Ubaporanga foi acionado e quando chegou ao local, a moto ainda estava em chamas e as v\u00edtimas estavam ca\u00eddas no meio da pista j\u00e1 sem vida.<\/p>\n<p>O local foi sinalizado e preservado at\u00e9 a chegada da Pol\u00edcia Rodovi\u00e1ria Federal (PRF) e da per\u00edcia t\u00e9cnica da Pol\u00edcia Civil. O acidente parou o tr\u00e2nsito nos dois sentidos da rodovia. De acordo com informa\u00e7\u00f5es da PRF, o Gol envolvido no acidente seguia sentido Caratinga\/Inhapim e a motocicleta em dire\u00e7\u00e3o contr\u00e1ria.<\/p>\n<p>&#8220;Conforme relatos do condutor e de testemunhas, pelos levantamentos iniciais, ocorreu uma colis\u00e3o frontal entre um autom\u00f3vel e uma motocicleta com dois ocupantes. A princ\u00edpio, tudo indica que a motocicleta invadiu a contram\u00e3o e colidiu frontalmente com o Gol, vindo a \u00f3bito o condutor e o passageiro. O condutor e os passageiros do autom\u00f3vel nada sofreram&#8221;, disse o policial rodovi\u00e1rio federal Ant\u00f4nio Neto.<\/p>\n<p>O Gol, com placas de Caratinga, era dirigido por Danilo Costa Russo Amorim, de 26 anos, que levava dois passageiros. Com a chegada da per\u00edcia, a cena do acidente foi periciada e ap\u00f3s os trabalhos periciais, os corpos das v\u00edtimas foram liberados e levados pelo servi\u00e7o funer\u00e1rio ao Instituto M\u00e9dico Legal (IML) de Caratinga. As causas do acidente ser\u00e3o investigadas pela Pol\u00edcia Civil. Os ve\u00edculos foram removidos pelo servi\u00e7o de guincho e o tr\u00e2nsito liberado logo em seguida.<\/p>\n<p><img decoding=\"async\" src=\"http:\/\/aconteceunovale.com.br\/portal\/wp-content\/uploads\/2016\/06\/acidente_ubaporanga_1.jpg\" alt=\"\" \/><em>Acidente aconteceu no km 515 da BR-116 (Foto: Reprodu\u00e7\u00e3o \/ Super Canal Caratinga)<\/em><br \/>\n<\/br><\/p>\n<p><img decoding=\"async\" src=\"http:\/\/aconteceunovale.com.br\/portal\/wp-content\/uploads\/2016\/06\/acidente_ubaporanga_2.jpg\" alt=\"\" \/><em>Acidente aconteceu no km 515 da BR-116 (Foto: Reprodu\u00e7\u00e3o \/ Super Canal Caratinga)<\/em><br \/>\n<\/br><\/p>\n<p><img decoding=\"async\" src=\"http:\/\/aconteceunovale.com.br\/portal\/wp-content\/uploads\/2016\/06\/acidente_ubaporanga_3.jpg\" alt=\"\" \/><em>Acidente aconteceu no km 515 da BR-116 (Foto: Reprodu\u00e7\u00e3o \/ Super Canal Caratinga)<\/em><br \/>\n<\/br><\/p>\n<p><img decoding=\"async\" src=\"http:\/\/aconteceunovale.com.br\/portal\/wp-content\/uploads\/2016\/06\/acidente_ubaporanga_4.jpg\" alt=\"\" \/><em>Acidente aconteceu no km 515 da BR-116 (Foto: Reprodu\u00e7\u00e3o \/ Super Canal Caratinga)<\/em><br \/>\n<\/br><\/p>\n<p><img decoding=\"async\" src=\"http:\/\/aconteceunovale.com.br\/portal\/wp-content\/uploads\/2016\/06\/acidente_ubaporanga_5.jpg\" alt=\"\" \/><em>Acidente aconteceu no km 515 da BR-116 (Foto: Reprodu\u00e7\u00e3o \/ Super Canal Caratinga)<\/em><br \/>\n<\/br><\/p>\n<p><img decoding=\"async\" src=\"http:\/\/aconteceunovale.com.br\/portal\/wp-content\/uploads\/2016\/06\/acidente_ubaporanga_6.jpg\" alt=\"\" \/><em>Acidente aconteceu no km 515 da BR-116 (Foto: Reprodu\u00e7\u00e3o \/ Super Canal Caratinga)<\/em><br \/>\n<\/br><\/p>\n<p><em>(Fonte: Super Canal Caratinga)<\/em><\/p>\n","protected":false},"excerpt":{"rendered":"<p>O grave acidente foi registrado no in\u00edcio da noite de s\u00e1bado (18\/6), na altura do quil\u00f4metro 515 da BR-116, em Ubaporanga, no Vale do Rio Doce. O condutor e o passageiro de uma motocicleta morreram instantaneamente ap\u00f3s o ve\u00edculo em que eles estavam colidir de frente com um autom\u00f3vel. A moto pegou fogo ap\u00f3s a [&hellip;]<\/p>\n","protected":false},"author":1,"featured_media":89568,"comment_status":"open","ping_status":"closed","sticky":false,"template":"","format":"standard","meta":{"amp_status":"","footnotes":""},"categories":[121],"tags":[33911,99865,99869,99871,99870,99866,99867,3945,237,99868,99864,50751,99863,331],"class_list":["post-89561","post","type-post","status-publish","format-standard","has-post-thumbnail","hentry","category-leste","tag-acidente-em-ubaporanga","tag-acidente-entre-carro-e-moto-na-br-116","tag-acidente-entre-moto-e-carro-deixa-dois-mortos-na-br-116","tag-acidente-entre-moto-e-carro-deixa-dois-mortos-na-br-116-em-ubaporanga","tag-acidente-entre-moto-e-carro-deixa-dois-mortos-na-br-116-no-leste-de-minas","tag-acidente-entre-moto-e-carro-em-ubaporanga","tag-acidente-na-br-116-ubaporanga","tag-acidente-na-br-116","tag-caratinga","tag-danilo-costa-russo-amorim","tag-elias-vitor-reis-da-silva","tag-no-leste-de-minas","tag-pedro-jorge-da-silva","tag-ubaporanga"],"_links":{"self":[{"href":"https:\/\/aconteceunovale.com.br\/portal\/index.php?rest_route=\/wp\/v2\/posts\/89561","targetHints":{"allow":["GET"]}}],"collection":[{"href":"https:\/\/aconteceunovale.com.br\/portal\/index.php?rest_route=\/wp\/v2\/posts"}],"about":[{"href":"https:\/\/aconteceunovale.com.br\/portal\/index.php?rest_route=\/wp\/v2\/types\/post"}],"author":[{"embeddable":true,"href":"https:\/\/aconteceunovale.com.br\/portal\/index.php?rest_route=\/wp\/v2\/users\/1"}],"replies":[{"embeddable":true,"href":"https:\/\/aconteceunovale.com.br\/portal\/index.php?rest_route=%2Fwp%2Fv2%2Fcomments&post=89561"}],"version-history":[{"count":0,"href":"https:\/\/aconteceunovale.com.br\/portal\/index.php?rest_route=\/wp\/v2\/posts\/89561\/revisions"}],"wp:featuredmedia":[{"embeddable":true,"href":"https:\/\/aconteceunovale.com.br\/portal\/index.php?rest_route=\/wp\/v2\/media\/89568"}],"wp:attachment":[{"href":"https:\/\/aconteceunovale.com.br\/portal\/index.php?rest_route=%2Fwp%2Fv2%2Fmedia&parent=89561"}],"wp:term":[{"taxonomy":"category","embeddable":true,"href":"https:\/\/aconteceunovale.com.br\/portal\/index.php?rest_route=%2Fwp%2Fv2%2Fcategories&post=89561"},{"taxonomy":"post_tag","embeddable":true,"href":"https:\/\/aconteceunovale.com.br\/portal\/index.php?rest_route=%2Fwp%2Fv2%2Ftags&post=89561"}],"curies":[{"name":"wp","href":"https:\/\/api.w.org\/{rel}","templated":true}]}}