{"id":89552,"date":"2016-06-19T20:12:24","date_gmt":"2016-06-19T23:12:24","guid":{"rendered":"http:\/\/aconteceunovale.com.br\/portal\/?p=89552"},"modified":"2016-06-19T20:12:24","modified_gmt":"2016-06-19T23:12:24","slug":"professor-e-tres-alunas-morrem-em-acidente-entre-carro-e-caminhao-em-vicosa","status":"publish","type":"post","link":"https:\/\/aconteceunovale.com.br\/portal\/?p=89552","title":{"rendered":"Professor e tr\u00eas alunas morrem em acidente entre carro e caminh\u00e3o em Vi\u00e7osa"},"content":{"rendered":"<p>Um professor de educa\u00e7\u00e3o f\u00edsica e tr\u00eas alunas de Ponte Nova, na Zona da Mata mineira, morreram na manh\u00e3 deste domingo (19\/6) em uma batida envolvendo um carro de passeio e um caminh\u00e3o guincho no km 627 da BR-120, em Vi\u00e7osa, na mesma regi\u00e3o. O grupo se dirigia \u00e0 Vi\u00e7osa, onde participaria de uma corrida r\u00fastica organizada pelos departamentos de Educa\u00e7\u00e3o F\u00edsica da Faculdade de Vi\u00e7osa (FDV) e da Universidade Federal de Vi\u00e7osa (UFV). <\/p>\n<p>Outras duas pessoas que viajavam no caminh\u00e3o sofreram ferimentos leves e uma quinta passageira do carro ficou gravemente ferida. Havia muita neblina na estrada no momento.<\/p>\n<p>O acidente ocorreu por volta das 7h30 da manh\u00e3, quando o Fiat Punto dirigido pelo professor de educa\u00e7\u00e3o f\u00edsica Erceu Firmino Pinto Neto, de 29 anos, colidiu de frente com o caminh\u00e3o, na altura do bairro Novo Silvestre. Com o impacto, a frente do carro ficou completamente destru\u00edda. O ve\u00edculo pesado capotou e saiu da pista.<\/p>\n<p><img decoding=\"async\" src=\"http:\/\/aconteceunovale.com.br\/portal\/wp-content\/uploads\/2016\/06\/acidente_professor_ufv_1.jpg\" alt=\"\" \/><em>Acidente aconteceu no km 627 da BR-120 (Foto: Corpo de Bombeiros de Vi\u00e7osa\/Divulga\u00e7\u00e3o)<\/em><br \/>\n<\/br><\/p>\n<p>A informa\u00e7\u00e3o de que o professor seria docente da Universidade Federal de Vi\u00e7osa foi corrigida pela assessoria de comunica\u00e7\u00e3o da institui\u00e7\u00e3o. A UFV alega que um soldado do Corpo de Bombeiros que atendeu a ocorr\u00eancia repassou a informa\u00e7\u00e3o equivocada.<\/p>\n<p>De acordo com o sargento Luciano Bernardino, do 2\u00ba Pelot\u00e3o de Pol\u00edcia Militar Rodoviaria (PMRv), o Punto seguia no sentido Teixeiras\/Vi\u00e7osa, quando Erceu perdeu o controle da dire\u00e7\u00e3o, invadiu a contram\u00e3o e bateu contra o caminh\u00e3o guincho, que vinha no sentido contr\u00e1rio. As primeiras informa\u00e7\u00f5es do Corpo de Bombeiros d\u00e3o conta de que todas os mortos estavam no carro de passeio. Al\u00e9m das quatro v\u00edtimas fatais, outras duas pessoas que estavam no caminh\u00e3o sofreram ferimentos leves. A \u00fanica sobrevivente, entre as pessoas que viajavam no Fiat Punto, ficou gravemente ferida.<\/p>\n<p><strong>Corrida r\u00fastica<\/strong><\/p>\n<p>Erceu e as alunas viajavam para Vi\u00e7osa, onde foi realizada hoje pela manh\u00e3 a 3\u00aa Corrida de Rua da FDV. Em Ponte Nova, Erceu lecionava nas Escolas Municipal Miquelina Moreira dos Santos e Estadual Coronel Cant\u00eddio Drumond. <\/p>\n<p>Por causa do acidente, a pista da MG-120 ficou fechada entre 7h30 at\u00e9 por volta do meio-dia, quando os ve\u00edculos foram removidos do local.<\/p>\n<p><img decoding=\"async\" src=\"http:\/\/aconteceunovale.com.br\/portal\/wp-content\/uploads\/2016\/06\/acidente_professor_ufv_2.jpg\" alt=\"\" \/><em>Acidente aconteceu no km 627 da BR-120 (Foto: Corpo de Bombeiros de Vi\u00e7osa\/Divulga\u00e7\u00e3o)<\/em><br \/>\n<\/br><\/p>\n<p><img decoding=\"async\" src=\"http:\/\/aconteceunovale.com.br\/portal\/wp-content\/uploads\/2016\/06\/acidente_professor_ufv_3.jpg\" alt=\"\" \/><em>Acidente aconteceu no km 627 da BR-120 (Foto: Corpo de Bombeiros de Vi\u00e7osa\/Divulga\u00e7\u00e3o)<\/em><br \/>\n<\/br><\/p>\n<p><em>(Fonte: Estado de Minas \/ Rep\u00f3rteres: Valquiria Lopes e Bruno Freitas)<\/em><\/p>\n","protected":false},"excerpt":{"rendered":"<p>Um professor de educa\u00e7\u00e3o f\u00edsica e tr\u00eas alunas de Ponte Nova, na Zona da Mata mineira, morreram na manh\u00e3 deste domingo (19\/6) em uma batida envolvendo um carro de passeio e um caminh\u00e3o guincho no km 627 da BR-120, em Vi\u00e7osa, na mesma regi\u00e3o. O grupo se dirigia \u00e0 Vi\u00e7osa, onde participaria de uma corrida [&hellip;]<\/p>\n","protected":false},"author":1,"featured_media":89553,"comment_status":"open","ping_status":"closed","sticky":false,"template":"","format":"standard","meta":{"amp_status":"","footnotes":""},"categories":[123],"tags":[99843,99844,99845,99842,99846,26067,99856,99847,1018,99848,99850,99853,99851,70240,99849,99854,99852,217,99855,37378,39189,18771],"class_list":["post-89552","post","type-post","status-publish","format-standard","has-post-thumbnail","hentry","category-gerais","tag-acidente-com-alunas-de-ponte-nova","tag-acidente-com-estudantes-de-ponte-nova","tag-acidente-com-pessoas-de-ponte-nova","tag-acidente-com-professor-de-ponte-nova","tag-acidente-com-veiculo-de-ponte-nova","tag-acidente-em-vicosa","tag-acidente-entre-carro-e-caminhao-em-vicosa","tag-corrida-rustica-organizada-pelos-departamentos-de-educacao-fisica-da-faculdade-de-vicosa-fdv-e-da-universidade-federal-de-vicosa-ufv","tag-destaque","tag-educacao-fisica-da-faculdade-de-vicosa","tag-erceu-firmino-pinto-neto","tag-escola-estadual-coronel-cantidio-drumond","tag-escola-municipal-miquelina-moreira-dos-santos","tag-faculdade-de-vicosa","tag-fdv","tag-morte-de-escola-estadual-coronel-cantidio-drumond","tag-morte-de-professor-da-escola-municipal-miquelina-moreira-dos-santos","tag-ponte-nova","tag-professor-e-tres-alunas-morrem-em-acidente-entre-carro-e-caminhao-em-vicosa","tag-ufv","tag-universidade-federal-de-vicosa","tag-vicosa"],"_links":{"self":[{"href":"https:\/\/aconteceunovale.com.br\/portal\/index.php?rest_route=\/wp\/v2\/posts\/89552","targetHints":{"allow":["GET"]}}],"collection":[{"href":"https:\/\/aconteceunovale.com.br\/portal\/index.php?rest_route=\/wp\/v2\/posts"}],"about":[{"href":"https:\/\/aconteceunovale.com.br\/portal\/index.php?rest_route=\/wp\/v2\/types\/post"}],"author":[{"embeddable":true,"href":"https:\/\/aconteceunovale.com.br\/portal\/index.php?rest_route=\/wp\/v2\/users\/1"}],"replies":[{"embeddable":true,"href":"https:\/\/aconteceunovale.com.br\/portal\/index.php?rest_route=%2Fwp%2Fv2%2Fcomments&post=89552"}],"version-history":[{"count":0,"href":"https:\/\/aconteceunovale.com.br\/portal\/index.php?rest_route=\/wp\/v2\/posts\/89552\/revisions"}],"wp:featuredmedia":[{"embeddable":true,"href":"https:\/\/aconteceunovale.com.br\/portal\/index.php?rest_route=\/wp\/v2\/media\/89553"}],"wp:attachment":[{"href":"https:\/\/aconteceunovale.com.br\/portal\/index.php?rest_route=%2Fwp%2Fv2%2Fmedia&parent=89552"}],"wp:term":[{"taxonomy":"category","embeddable":true,"href":"https:\/\/aconteceunovale.com.br\/portal\/index.php?rest_route=%2Fwp%2Fv2%2Fcategories&post=89552"},{"taxonomy":"post_tag","embeddable":true,"href":"https:\/\/aconteceunovale.com.br\/portal\/index.php?rest_route=%2Fwp%2Fv2%2Ftags&post=89552"}],"curies":[{"name":"wp","href":"https:\/\/api.w.org\/{rel}","templated":true}]}}