{"id":89549,"date":"2016-06-19T20:04:33","date_gmt":"2016-06-19T23:04:33","guid":{"rendered":"http:\/\/aconteceunovale.com.br\/portal\/?p=89549"},"modified":"2016-06-19T20:04:33","modified_gmt":"2016-06-19T23:04:33","slug":"retornar-ao-brasil-com-filhos-e-desafio-para-casais-que-tentam-vida-nos-estados-unidos","status":"publish","type":"post","link":"https:\/\/aconteceunovale.com.br\/portal\/?p=89549","title":{"rendered":"Retornar ao Brasil com filhos \u00e9 desafio para casais que tentam vida nos Estados Unidos"},"content":{"rendered":"<p>A tend\u00eancia migrat\u00f3ria observada entre moradores da regi\u00e3o de Valadares n\u00e3o atrai apenas adultos com filhos, nem repercute somente entre crian\u00e7as que ficam no Brasil enquanto os pais tentam a sorte nos Estados Unidos. A pesquisa \u201cConviv\u00eancia familiar e comunit\u00e1ria de crian\u00e7as e adolescentes e vulnerabilidades no processo de migra\u00e7\u00e3o internacional\u201d, que valeu o t\u00edtulo de doutora a Silvana Andrade Pena Knup, observou que casais de jovens tamb\u00e9m partem para a Am\u00e9rica em busca de uma vida melhor e, em muitos casos, tornam-se pais l\u00e1. Nesse caso, o desafio \u00e9 o retorno ao Brasil com a prole, que tamb\u00e9m precisa ser planejado, pois, do contr\u00e1rio, a crian\u00e7a n\u00e3o se adapta ao novo pa\u00eds.<\/p>\n<p>\u201cDas 20 crian\u00e7as, adolescentes e jovens (estudadas) que residiram nos Estados Unidos, 55% chegaram ao Brasil com idade inferior a 12 anos. (\u2026) \u00c9 mais f\u00e1cil voltar com elas nessa faixa et\u00e1ria, quando ainda podem ser facilmente integradas \u00e0 vida no local de origem dos pais, do que mais tarde, quando possivelmente estar\u00e3o mais integradas aos Estados Unidos, j\u00e1 com uma resist\u00eancia maior ao retorno\u201d, escreveu a pesquisadora.<\/p>\n<p>Os tr\u00eas filhos de Leidiane Oliveira, de 34 anos, e Jo\u00e3o Em\u00eddio, de 38, nasceram na Am\u00e9rica e se mudaram para Governador Valadares, terra dos pais, em 2011. Let\u00edcia, hoje com 12 anos, Larissa, de 8, e Jo\u00e3o, de 5, n\u00e3o tiveram problemas em se adaptar ao Vale do Rio Doce. O casal morou no estrangeiro por 12 anos. \u201cFomos dois e voltamos cinco\u201d, conta a m\u00e3e, garantindo que, na hip\u00f3tese de os adultos migrarem novamente, n\u00e3o deixar\u00e3o as crian\u00e7as para tr\u00e1s. \u201cNossa fam\u00edlia n\u00e3o se separa. Se for para passar fome, passaremos juntos\u201d, refor\u00e7a. \u201cE se for para colher frutos, que sejam os cinco\u201d, acrescentou o pai.<\/p>\n<p>Por outro lado, quando partem dos Estados Unidos em uma idade mais avan\u00e7ada, os filhos de valadarenses nascidos l\u00e1 e os que migraram com os pais quando bem pequenos podem ter dificuldade em deixar a Am\u00e9rica e se adaptar ao Brasil. \u201cSe retornam j\u00e1 quase adultos, deveriam participar da decis\u00e3o do retorno e ter suas necessidades tamb\u00e9m consideradas quando a decis\u00e3o \u00e9 tomada pela fam\u00edlia\u201d, recomenda Silvana.<\/p>\n<p><strong>A origem<\/strong><\/p>\n<p>Os primeiros contatos de valadarenses com norte-americanos ocorreu na d\u00e9cada de 1940, quando os estrangeiros exploraram no Vale do Rio Doce a mica, mineral usado, entre outras finalidades, como isolante em equipamentos de alta-tens\u00e3o. Os americanos ajudaram a fomentar a economia local e as fam\u00edlias mais abastadas mandaram os filhos para estudar na terra do Tio Sam. Os que voltaram bem-sucedidos ajudaram a construir, no imagin\u00e1rio da popula\u00e7\u00e3o, o sonho do eldorado americano. Na d\u00e9cada de 1980, explodiu a vontade de valadarenses de buscar melhor qualidade de vida na Am\u00e9rica.<\/p>\n<p><img decoding=\"async\" src=\"http:\/\/aconteceunovale.com.br\/portal\/wp-content\/uploads\/2016\/06\/casal_br_usa.jpg\" alt=\"\" \/><em>&#8220;Fomos dois e voltamos cinco. Nossa fam\u00edlia n\u00e3o se separa. Se for passar fome, passaremos juntos&#8221; &#8211; Leidiane Oliveira, com o marido, Jo\u00e3o Em\u00eddio, e os filhos Let\u00edcia, Larissa e Jo\u00e3o, que nasceram nos EUA (foto: Juarez Rodrigues\/EM\/DA Press)<\/em><br \/>\n<\/br><\/p>\n<p><em>(Fonte: Estado de Minas \/ Rep\u00f3rter: Paulo Henrique Lobato)<\/em><\/p>\n","protected":false},"excerpt":{"rendered":"<p>A tend\u00eancia migrat\u00f3ria observada entre moradores da regi\u00e3o de Valadares n\u00e3o atrai apenas adultos com filhos, nem repercute somente entre crian\u00e7as que ficam no Brasil enquanto os pais tentam a sorte nos Estados Unidos. A pesquisa \u201cConviv\u00eancia familiar e comunit\u00e1ria de crian\u00e7as e adolescentes e vulnerabilidades no processo de migra\u00e7\u00e3o internacional\u201d, que valeu o t\u00edtulo [&hellip;]<\/p>\n","protected":false},"author":1,"featured_media":89550,"comment_status":"open","ping_status":"closed","sticky":false,"template":"","format":"standard","meta":{"amp_status":"","footnotes":""},"categories":[6,121],"tags":[99834,99839,99829,99830,99832,99841,99836,99840,99828,99826,99825,46528,99824,99833,99835,18280,99838,99837,99831,99827,46531],"class_list":["post-89549","post","type-post","status-publish","format-standard","has-post-thumbnail","hentry","category-br","category-leste","tag-boston","tag-casais-que-tentam-vida-nos-estados-unidos","tag-cidade-que-mais-exporta-brasileiros-para-os-estados-unidos","tag-convivencia-familiar-e-comunitaria-de-criancas-e-adolescentes-e-vulnerabilidades-no-processo-de-migracao-internacional","tag-duval-fernandes","tag-joao-emidio","tag-john-bowbly","tag-leidiane-oliveira","tag-migracao-de-governador-valadares-para-a-terra-do-tio-sam","tag-migracao-de-governador-valadares-para-os-estados-unidos","tag-migracao-de-governador-valadares-para-os-eua","tag-migracao-para-os-eua","tag-migracao-para-os-eua-causa-impacto-em-familias-de-governador-valadares","tag-pos-graduacao-em-geografia-tratamento-da-informacao-espacial","tag-principal-destino-dos-mineiros-do-vale-do-rio-doce-que-viajam-para-a-america","tag-puc-minas","tag-retornar-ao-brasil-com-filhos","tag-retornar-ao-brasil-com-filhos-e-desafio-para-casais-que-tentam-vida-nos-estados-unidos","tag-silvana-andrade-pena-knup","tag-terra-do-tio-sam","tag-valadolares"],"_links":{"self":[{"href":"https:\/\/aconteceunovale.com.br\/portal\/index.php?rest_route=\/wp\/v2\/posts\/89549","targetHints":{"allow":["GET"]}}],"collection":[{"href":"https:\/\/aconteceunovale.com.br\/portal\/index.php?rest_route=\/wp\/v2\/posts"}],"about":[{"href":"https:\/\/aconteceunovale.com.br\/portal\/index.php?rest_route=\/wp\/v2\/types\/post"}],"author":[{"embeddable":true,"href":"https:\/\/aconteceunovale.com.br\/portal\/index.php?rest_route=\/wp\/v2\/users\/1"}],"replies":[{"embeddable":true,"href":"https:\/\/aconteceunovale.com.br\/portal\/index.php?rest_route=%2Fwp%2Fv2%2Fcomments&post=89549"}],"version-history":[{"count":0,"href":"https:\/\/aconteceunovale.com.br\/portal\/index.php?rest_route=\/wp\/v2\/posts\/89549\/revisions"}],"wp:featuredmedia":[{"embeddable":true,"href":"https:\/\/aconteceunovale.com.br\/portal\/index.php?rest_route=\/wp\/v2\/media\/89550"}],"wp:attachment":[{"href":"https:\/\/aconteceunovale.com.br\/portal\/index.php?rest_route=%2Fwp%2Fv2%2Fmedia&parent=89549"}],"wp:term":[{"taxonomy":"category","embeddable":true,"href":"https:\/\/aconteceunovale.com.br\/portal\/index.php?rest_route=%2Fwp%2Fv2%2Fcategories&post=89549"},{"taxonomy":"post_tag","embeddable":true,"href":"https:\/\/aconteceunovale.com.br\/portal\/index.php?rest_route=%2Fwp%2Fv2%2Ftags&post=89549"}],"curies":[{"name":"wp","href":"https:\/\/api.w.org\/{rel}","templated":true}]}}