{"id":89546,"date":"2016-06-19T19:53:29","date_gmt":"2016-06-19T22:53:29","guid":{"rendered":"http:\/\/aconteceunovale.com.br\/portal\/?p=89546"},"modified":"2016-06-19T20:12:58","modified_gmt":"2016-06-19T23:12:58","slug":"migracao-para-os-eua-causa-impacto-em-familias-de-governador-valadares-diz-estudo","status":"publish","type":"post","link":"https:\/\/aconteceunovale.com.br\/portal\/?p=89546","title":{"rendered":"Migra\u00e7\u00e3o para os EUA causa impacto em fam\u00edlias de Governador Valadares, diz estudo"},"content":{"rendered":"<p>Conquistar a Am\u00e9rica e voltar com os bolsos cheios de \u201cvalad\u00f3lares\u201d, como os moradores da regi\u00e3o se referem \u00e0 moeda americana, \u00e9 um sonho que povoa o imagin\u00e1rio de um sem-n\u00famero de fam\u00edlias valadarenses. Mas muita gente da cidade que mais exporta brasileiros para os Estados Unidos paga um alto custo para realiz\u00e1-lo. O desejo de voltar da terra do Tio Sam com a vida ganha e ajudar a movimentar a economia da maior cidade do Vale do Rio Doce nem sempre sai como planejado, o que prejudica n\u00e3o s\u00f3 os chefes de fam\u00edlia, sejam pais ou m\u00e3es, mas at\u00e9 o pr\u00f3prio desenvolvimento dos filhos.<\/p>\n<p>\u00c9 o que mostra, entre outras abordagens, o estudo \u201cConviv\u00eancia familiar e comunit\u00e1ria de crian\u00e7as e adolescentes e vulnerabilidades no processo de migra\u00e7\u00e3o internacional\u201d, que rendeu o t\u00edtulo de doutora a Silvana Andrade Pena Knup. A tese, sob orienta\u00e7\u00e3o do professor Duval Fernandes, foi aprovada no Programa de P\u00f3s-gradua\u00e7\u00e3o em Geografia: Tratamento da Informa\u00e7\u00e3o Espacial, da PUC Minas.<\/p>\n<p>Silvana entrevistou dezenas de pessoas em Governador Valadares e em Boston (EUA), principal destino dos mineiros do Vale do Rio Doce que viajam para a Am\u00e9rica. Ela investigou as situa\u00e7\u00f5es de vulnerabilidade que crian\u00e7as e adolescentes brasileiros da regi\u00e3o de Valadares vivenciam no processo migrat\u00f3rio dos pais. \u201c\u00c9 importante salientar que n\u00e3o apenas a emigra\u00e7\u00e3o precisa ser bem planejada, mas tamb\u00e9m o retorno\u201d, alertou ela, na tese.<\/p>\n<p>Muitos adultos planejam viajar sem a companhia dos filhos, para juntar alguma economia, com planos de, em um segundo momento, reunir a fam\u00edlia no estrangeiro. Mas nem sempre isso ocorre no tempo imaginado pelos migrantes. Ainda h\u00e1 pais que deixam os pequenos sob a tutela de parentes, pois acreditam que conseguir\u00e3o retornar antes de a crian\u00e7a crescer e com os bolsos cheios de d\u00f3lares, podendo transformar sonhos em realidade, como o de comprar a casa pr\u00f3pria ou financiar ao descendente uma educa\u00e7\u00e3o de melhor qualidade.<\/p>\n<p>Mas a dist\u00e2ncia entre pais e filhos pode interferir na rela\u00e7\u00e3o de afeto. Em sua tese, Silvana cita o psiquiatra John Bowbly, autor da teoria do apego, para mostrar que \u201cos v\u00ednculos familiares dos pais com a crian\u00e7a dependem da responsividade do adulto aos apelos desta por contato\u201d. \u201cV\u00ednculos fortes e seguros criados nos primeiros anos de vida preparam melhor a crian\u00e7a para suas rela\u00e7\u00f5es ao longo de toda a vida\u201d, escreveu.<\/p>\n<p>Bowbly, continua a doutora, \u201cafirma que, se v\u00ednculos forem criados bem cedo, tanto com a m\u00e3e quanto com qualquer outro adulto que se mostre bastante responsivo \u00e0s necessidades da crian\u00e7a, ela sofrer\u00e1 um processo de \u2018luto\u2019 ao passar por um afastamento, por\u00e9m, o v\u00ednculo j\u00e1 estar\u00e1 criado\u201d.<\/p>\n<p><strong>\u2018Voc\u00ea n\u00e3o \u00e9 meu pai\u2019<\/strong><\/p>\n<p>Um dos entrevistados relatou a Silvana que viajou para os Estados Unidos quando a filha tinha 6 meses de idade. Ficou l\u00e1 por quatro anos e dois meses. \u201c(Depois de que eu retornei), a gente fica vergonhoso na hora de brigar (corrigir) com ela. A gente fica com vergonha, porque ela j\u00e1 est\u00e1 grandinha, com 5 anos, e, por ter ficado longe, ela pode falar: \u2018Voc\u00ea n\u00e3o \u00e9 meu pai\u2019. Agora (ela) acostumou, mas, no come\u00e7o, ficava meio assim (\u2026). Meu primo ficou muitos anos l\u00e1 e, quando ele veio, a menina estava com 10 anos. Hoje, ele j\u00e1 legalizou, a menina conversa com ele, mas n\u00e3o \u00e9 aquela coisa de pai e filha. \u00c9 uma coisa mais distante\u201d, relatou Jos\u00e9 (nome fict\u00edcio).<\/p>\n<p>\u201cMesmo sentindo muita culpa ao tomar a decis\u00e3o dif\u00edcil de deixar seus filhos no Brasil, (pais) fazem essa escolha justificando que os beneficiar\u00e3o materialmente e, em muitos casos, subestimam os custos afetivos e emocionais que o processo migrat\u00f3rio pode inflingir \u00e0 crian\u00e7a que \u00e9 afastada tempor\u00e1ria ou definitivamente dos seus pais\u201d, avaliou Silvana.<\/p>\n<p>Ela constatou ainda que o adiamento do retorno e a impossibilidade de reunifica\u00e7\u00e3o da fam\u00edlia \u201cpodem ter impacto bastante negativo nas uni\u00f5es preexistentes, levando \u00e0 separa\u00e7\u00e3o definitiva de casais e a perdas de v\u00ednculos com crian\u00e7as que foram deixadas no Brasil\u201d.<\/p>\n<p><em>(Fonte: Estado de Minas \/ Rep\u00f3rter: Paulo Henrique Lobato)<\/em><\/p>\n","protected":false},"excerpt":{"rendered":"<p>Conquistar a Am\u00e9rica e voltar com os bolsos cheios de \u201cvalad\u00f3lares\u201d, como os moradores da regi\u00e3o se referem \u00e0 moeda americana, \u00e9 um sonho que povoa o imagin\u00e1rio de um sem-n\u00famero de fam\u00edlias valadarenses. Mas muita gente da cidade que mais exporta brasileiros para os Estados Unidos paga um alto custo para realiz\u00e1-lo. O desejo [&hellip;]<\/p>\n","protected":false},"author":1,"featured_media":89547,"comment_status":"open","ping_status":"closed","sticky":false,"template":"","format":"standard","meta":{"amp_status":"","footnotes":""},"categories":[121,28848],"tags":[99834,99829,99830,1018,99832,99836,99828,99826,99825,46528,99824,99833,99835,18280,99831,99827,46531],"class_list":["post-89546","post","type-post","status-publish","format-standard","has-post-thumbnail","hentry","category-leste","category-mundo","tag-boston","tag-cidade-que-mais-exporta-brasileiros-para-os-estados-unidos","tag-convivencia-familiar-e-comunitaria-de-criancas-e-adolescentes-e-vulnerabilidades-no-processo-de-migracao-internacional","tag-destaque","tag-duval-fernandes","tag-john-bowbly","tag-migracao-de-governador-valadares-para-a-terra-do-tio-sam","tag-migracao-de-governador-valadares-para-os-estados-unidos","tag-migracao-de-governador-valadares-para-os-eua","tag-migracao-para-os-eua","tag-migracao-para-os-eua-causa-impacto-em-familias-de-governador-valadares","tag-pos-graduacao-em-geografia-tratamento-da-informacao-espacial","tag-principal-destino-dos-mineiros-do-vale-do-rio-doce-que-viajam-para-a-america","tag-puc-minas","tag-silvana-andrade-pena-knup","tag-terra-do-tio-sam","tag-valadolares"],"_links":{"self":[{"href":"https:\/\/aconteceunovale.com.br\/portal\/index.php?rest_route=\/wp\/v2\/posts\/89546","targetHints":{"allow":["GET"]}}],"collection":[{"href":"https:\/\/aconteceunovale.com.br\/portal\/index.php?rest_route=\/wp\/v2\/posts"}],"about":[{"href":"https:\/\/aconteceunovale.com.br\/portal\/index.php?rest_route=\/wp\/v2\/types\/post"}],"author":[{"embeddable":true,"href":"https:\/\/aconteceunovale.com.br\/portal\/index.php?rest_route=\/wp\/v2\/users\/1"}],"replies":[{"embeddable":true,"href":"https:\/\/aconteceunovale.com.br\/portal\/index.php?rest_route=%2Fwp%2Fv2%2Fcomments&post=89546"}],"version-history":[{"count":0,"href":"https:\/\/aconteceunovale.com.br\/portal\/index.php?rest_route=\/wp\/v2\/posts\/89546\/revisions"}],"wp:featuredmedia":[{"embeddable":true,"href":"https:\/\/aconteceunovale.com.br\/portal\/index.php?rest_route=\/wp\/v2\/media\/89547"}],"wp:attachment":[{"href":"https:\/\/aconteceunovale.com.br\/portal\/index.php?rest_route=%2Fwp%2Fv2%2Fmedia&parent=89546"}],"wp:term":[{"taxonomy":"category","embeddable":true,"href":"https:\/\/aconteceunovale.com.br\/portal\/index.php?rest_route=%2Fwp%2Fv2%2Fcategories&post=89546"},{"taxonomy":"post_tag","embeddable":true,"href":"https:\/\/aconteceunovale.com.br\/portal\/index.php?rest_route=%2Fwp%2Fv2%2Ftags&post=89546"}],"curies":[{"name":"wp","href":"https:\/\/api.w.org\/{rel}","templated":true}]}}