{"id":89543,"date":"2016-06-19T19:42:21","date_gmt":"2016-06-19T22:42:21","guid":{"rendered":"http:\/\/aconteceunovale.com.br\/portal\/?p=89543"},"modified":"2016-06-19T20:13:07","modified_gmt":"2016-06-19T23:13:07","slug":"consumidores-devem-ter-cuidado-com-uso-de-aparelhos-eletricos-no-inverno","status":"publish","type":"post","link":"https:\/\/aconteceunovale.com.br\/portal\/?p=89543","title":{"rendered":"Consumidores devem ter cuidado com uso de aparelhos el\u00e9tricos no inverno"},"content":{"rendered":"<p>O inverno come\u00e7a na pr\u00f3xima ter\u00e7a-feira (21\/6), mas muitas cidades j\u00e1 registram temperaturas baixas desde o in\u00edcio do m\u00eas. Nessa \u00e9poca, \u00e9 comum que aumente o uso de aparelhos el\u00e9tricos como aquecedores, secadores e tamb\u00e9m que os banhos fiquem mais quentes, o que pode refletir em um aumento na conta de luz dos consumidores.<\/p>\n<p>O maior cuidado deve ser com o uso do chuveiro el\u00e9trico, que \u00e9 um dos maiores gastadores de energia dentro de uma resid\u00eancia, segundo a Ag\u00eancia Nacional de Energia El\u00e9trica. Na posi\u00e7\u00e3o inverno, o consumo do chuveiro por uma hora fica entre 4,5 e 6 quilowatts-hora (kWh). Na posi\u00e7\u00e3o ver\u00e3o, na qual a \u00e1gua fica um pouco mais fria, o consumo \u00e9 entre 2,10 e 3,5 kWh. Entre as dicas da Aneel para diminuir o consumo de energia com o chuveiro el\u00e9trico est\u00e3o reduzir o tempo do banho e fechar o registro na hora de passar o sabonete ou xampu.<\/p>\n<p>O tempo frio e \u00famido tamb\u00e9m faz com que o uso da secadora de roupas aumente nas resid\u00eancias. Os equipamentos consomem entre 120 kWh e 150 kWh por m\u00eas, se utilizados durante uma hora por dia. Neste caso, a dica \u00e9 e aproveitar ao m\u00e1ximo o calor do sol para a secagem das roupas e\u00a0 acumular uma maior quantidade de roupas para secar de uma \u00fanica vez, para que o uso da secadora seja menos frequente.<\/p>\n<p>Os secadores de cabelos, tamb\u00e9m mais usados no inverno, gastam entre 1 e 1,5 kWh a cada hora de uso. Se usado por cinco minutos durante todos os dias, o aumento no consumo mensal ser\u00e1 entre 2,5 kWh a 3,75 kWh.<\/p>\n<p>Os aquecedores el\u00e9tricos tamb\u00e9m s\u00e3o grandes consumidores de energia. O Instituto Brasileiro de Defesa do Consumidor (Idec) alerta que a compra de um modelo deve ser observada e pesquisada cuidadosamente pelo consumidor, al\u00e9m de atentar para a seguran\u00e7a do equipamento, para evitar acidentes. De acordo com o Idec, o consumo desses aparelhos pode variar entre 120 kWh e 228 kWh por m\u00eas, dependendo do tipo de aquecedor \u2013 irradiador, de gabinete, a \u00f3leo e split.<\/p>\n<p>A Aneel recomenda que, ao comprar um eletrodom\u00e9stico, o consumidor prefira aqueles com o selo do Programa Nacional de Conserva\u00e7\u00e3o de Energia El\u00e9trica (Procel), que indica quais produtos s\u00e3o mais econ\u00f4micos. Os produtos que apresentam notas A, ou B possuem uma maior efici\u00eancia energ\u00e9tica, ou seja, consomem menos energia que as que indicam notas D ou E. Tamb\u00e9m \u00e9 preciso ficar atento \u00e0s condi\u00e7\u00f5es e \u00e1 vida \u00fatil dos aparelhos eletrodom\u00e9sticos. <\/p>\n<p>(Ag\u00eancia Brasil)<\/p>\n","protected":false},"excerpt":{"rendered":"<p>O inverno come\u00e7a na pr\u00f3xima ter\u00e7a-feira (21\/6), mas muitas cidades j\u00e1 registram temperaturas baixas desde o in\u00edcio do m\u00eas. Nessa \u00e9poca, \u00e9 comum que aumente o uso de aparelhos el\u00e9tricos como aquecedores, secadores e tamb\u00e9m que os banhos fiquem mais quentes, o que pode refletir em um aumento na conta de luz dos consumidores. O [&hellip;]<\/p>\n","protected":false},"author":1,"featured_media":89544,"comment_status":"open","ping_status":"closed","sticky":false,"template":"","format":"standard","meta":{"amp_status":"","footnotes":""},"categories":[6],"tags":[26918,99821,27357,99822,99823,1018,27012,99820],"class_list":["post-89543","post","type-post","status-publish","format-standard","has-post-thumbnail","hentry","category-br","tag-aneel","tag-chuveiros","tag-consumidores","tag-consumidores-devem-ter-cuidado-com-uso-de-aparelhos-eletricos-no-inverno","tag-cuidado-com-uso-de-aparelhos-eletricos-no-inverno","tag-destaque","tag-energia","tag-secadores-de-cabelo"],"_links":{"self":[{"href":"https:\/\/aconteceunovale.com.br\/portal\/index.php?rest_route=\/wp\/v2\/posts\/89543","targetHints":{"allow":["GET"]}}],"collection":[{"href":"https:\/\/aconteceunovale.com.br\/portal\/index.php?rest_route=\/wp\/v2\/posts"}],"about":[{"href":"https:\/\/aconteceunovale.com.br\/portal\/index.php?rest_route=\/wp\/v2\/types\/post"}],"author":[{"embeddable":true,"href":"https:\/\/aconteceunovale.com.br\/portal\/index.php?rest_route=\/wp\/v2\/users\/1"}],"replies":[{"embeddable":true,"href":"https:\/\/aconteceunovale.com.br\/portal\/index.php?rest_route=%2Fwp%2Fv2%2Fcomments&post=89543"}],"version-history":[{"count":0,"href":"https:\/\/aconteceunovale.com.br\/portal\/index.php?rest_route=\/wp\/v2\/posts\/89543\/revisions"}],"wp:featuredmedia":[{"embeddable":true,"href":"https:\/\/aconteceunovale.com.br\/portal\/index.php?rest_route=\/wp\/v2\/media\/89544"}],"wp:attachment":[{"href":"https:\/\/aconteceunovale.com.br\/portal\/index.php?rest_route=%2Fwp%2Fv2%2Fmedia&parent=89543"}],"wp:term":[{"taxonomy":"category","embeddable":true,"href":"https:\/\/aconteceunovale.com.br\/portal\/index.php?rest_route=%2Fwp%2Fv2%2Fcategories&post=89543"},{"taxonomy":"post_tag","embeddable":true,"href":"https:\/\/aconteceunovale.com.br\/portal\/index.php?rest_route=%2Fwp%2Fv2%2Ftags&post=89543"}],"curies":[{"name":"wp","href":"https:\/\/api.w.org\/{rel}","templated":true}]}}